{"id":54700,"date":"2012-08-30T09:30:17","date_gmt":"2012-08-30T06:30:17","guid":{"rendered":"http:\/\/www.korhanyilmaz.com\/?p=54700"},"modified":"2012-08-30T10:57:22","modified_gmt":"2012-08-30T07:57:22","slug":"erdogan-terorist-olma-yolunda-ilerliyor","status":"publish","type":"post","link":"http:\/\/www.korhanyilmaz.com\/?p=54700","title":{"rendered":"Erdo\u011fan ter\u00f6rist olma yolunda ilerliyor"},"content":{"rendered":"<p style=\"text-align: justify;\"><a href=\"http:\/\/www.korhanyilmaz.com\/wp-content\/uploads\/2012\/08\/H552.jpg\"  class=\"lightview\"><img loading=\"lazy\" decoding=\"async\" class=\"aligncenter size-full wp-image-54701\" title=\"\" src=\"http:\/\/www.korhanyilmaz.com\/wp-content\/uploads\/2012\/08\/H552.jpg\" alt=\"\" width=\"388\" height=\"190\" \/><\/a><\/p>\n<p style=\"text-align: justify;\"><strong>Paras\u0131z e\u011fitim istedi\u011fi i\u00e7in ter\u00f6r su\u00e7lamas\u0131yla hapis yatan \u00f6\u011frenci: <span style=\"text-decoration: underline;\">Ba\u015fbakan da ter\u00f6rist olma yolunda\u00a0<\/span><\/strong><\/p>\n<p style=\"text-align: justify;\">Ba\u015fbakan Recep Tayyip Erdo\u011fan\u2019\u0131n 14 Mart 2010 tarihinde kat\u0131ld\u0131\u011f\u0131 Roman \u00c7al\u0131\u015ftay\u0131\u2019nda \u201cParas\u0131z e\u011fitim istiyoruz, alaca\u011f\u0131z\u201d yaz\u0131l\u0131 pankart a\u00e7t\u0131klar\u0131 gerek\u00e7esiyle \u201cter\u00f6r \u00f6rg\u00fct\u00fc propagandas\u0131 yapmak\u201d su\u00e7undan 19 ay tutuklu kalan Berna Y\u0131lmaz, cezaevinde h\u00e2l\u00e2 700\u2019\u00fc a\u015fk\u0131n \u00f6\u011frencinin paras\u0131z e\u011fitim istedi\u011fi i\u00e7in tutuklu oldu\u011funu s\u00f6yledi. Ba\u015fbakan\u2019\u0131n paras\u0131z e\u011fitim isteyerek \u201cter\u00f6r\u201d su\u00e7u i\u015fledi\u011fini belirten Y\u0131lmaz, \u201cMahkeme bizim a\u00e7t\u0131\u011f\u0131m\u0131z pankart\u0131 ter\u00f6r \u00f6rg\u00fct\u00fc propagandas\u0131 olarak de\u011ferlendirdi. \u015eimdi Ba\u015fbakan da ayn\u0131 s\u00f6zleri s\u00f6yl\u00fcyor. Ba\u015fbakan da \u2018ter\u00f6rist\u2019 olma yolunda ilerliyor\u201d dedi.\u00a0<!--more--><\/p>\n<p style=\"text-align: justify;\">\u201cParas\u0131z e\u011fitim istiyoruz, alaca\u011f\u0131z\u201d yaz\u0131l\u0131 pankart a\u00e7t\u0131klar\u0131 i\u00e7in ter\u00f6r \u00f6rg\u00fct\u00fc \u00fcyesi olmak su\u00e7undan 19 ay cezaevinde tutuklu kalan Berna Y\u0131lmaz ile Bakanlar Kurulu karar\u0131yla \u00f6\u011frencilerden har\u00e7 paras\u0131 al\u0131nmamas\u0131 \u00fczerine konu\u015ftuk.<\/p>\n<p style=\"text-align: justify;\">Paras\u0131z e\u011fitim istedikleri i\u00e7in Ferhat T\u00fczel ile birlikte pankart a\u00e7t\u0131klar\u0131n\u0131, bu do\u011frultuda Gen\u00e7lik Federasyonu olarak bir kampanya y\u00fcr\u00fctt\u00fcklerini an\u0131msatan Berna Y\u0131lmaz, \u201cParas\u0131z e\u011fitim i\u00e7in bir kampanya ba\u015flatm\u0131\u015ft\u0131k ve \u00e7ok say\u0131da imza toplam\u0131\u015ft\u0131k. Bu imzalar\u0131 Meclis Ba\u015fkanl\u0131\u011f\u0131\u2019na vermek istememize kar\u015f\u0131 kabul edilmemi\u015fti. Biz de bunun \u00fczerine Ba\u015fbakan\u2019\u0131n kat\u0131ld\u0131\u011f\u0131 Roman \u00c7al\u0131\u015ftay\u0131\u2019nda \u2018Paras\u0131z e\u011fitim istiyoruz, alaca\u011f\u0131z\u2019 pankart\u0131 a\u00e7m\u0131\u015ft\u0131k. Biz serbest b\u0131rak\u0131lmay\u0131 beklerken 19 ay boyunca tutuklu kald\u0131k ve Yarg\u0131tay\u2019daki cezam\u0131z onan\u0131rsa 8.5 y\u0131l daha hapis yataca\u011f\u0131z. \u015eimdi gelinen noktada siyasi iktidar paras\u0131z e\u011fitimden bahsediyor. Tutuklu \u00f6\u011frenciler sorunu ortada iken kalk\u0131p da AKP \u2018Paras\u0131z e\u011fitimi sa\u011fl\u0131yoruz\u2019 derse bu ikiy\u00fczl\u00fcl\u00fck ve riyak\u00e2rl\u0131kt\u0131r\u201d dedi.<\/p>\n<p style=\"text-align: justify;\">Y\u00d6K ve Disiplin Y\u00f6netmeli\u011fi\u2019nde yap\u0131lan de\u011fi\u015fikliklerin de g\u00f6stermelik oldu\u011funu belirten Y\u0131lmaz, \u201cYeni y\u00f6netmelikte \u2018afi\u015f asmak, pankart asmak\u2019 yine yasak. Sadece kelimelerde s\u00fcslemeler yapt\u0131lar, hi\u00e7bir \u015fey de\u011fi\u015fmedi. Ayr\u0131ca k\u00e2\u011f\u0131t \u00fczerinde zaten paras\u0131z e\u011fitim hakk\u0131 var. Biz uygulans\u0131n dedi\u011fimiz i\u00e7in bu bedeli \u00f6dedik. Belli kesimde muhalefet olu\u015ftu\u011fu i\u00e7in serbest b\u0131rak\u0131ld\u0131k ve se\u00e7im d\u00f6nemi yakla\u015ft\u0131\u011f\u0131 i\u00e7in de 4 milyon \u00f6\u011frenciyi ilgilendiren b\u00f6yle bir karar al\u0131nd\u0131. Ama ger\u00e7ekten bu konuda samimi iseler e\u011fitim sisteminin niteli\u011fini de yeniden d\u00fczenlesinler\u201d diye konu\u015ftu.<\/p>\n<p style=\"text-align: justify;\"><a href=\"http:\/\/www.muhalifgazete.com\/46904-Erdogan-terorist-olma-yolunda-ilerliyor.htm\" target=\"_blank\">Kaynak : Muhalif Gazete<\/a><\/p>\n","protected":false},"excerpt":{"rendered":"<p style=\"text-align: justify;\">\n<p style=\"text-align: justify;\">Paras\u0131z e\u011fitim istedi\u011fi i\u00e7in ter\u00f6r su\u00e7lamas\u0131yla hapis yatan \u00f6\u011frenci: Ba\u015fbakan da ter\u00f6rist olma yolunda <\/p>\n<p style=\"text-align: justify;\">Ba\u015fbakan Recep Tayyip Erdo\u011fan\u2019\u0131n 14 Mart 2010 tarihinde kat\u0131ld\u0131\u011f\u0131 Roman \u00c7al\u0131\u015ftay\u0131\u2019nda \u201cParas\u0131z e\u011fitim istiyoruz, alaca\u011f\u0131z\u201d yaz\u0131l\u0131 pankart a\u00e7t\u0131klar\u0131 gerek\u00e7esiyle \u201cter\u00f6r \u00f6rg\u00fct\u00fc propagandas\u0131 yapmak\u201d su\u00e7undan 19 ay tutuklu kalan Berna Y\u0131lmaz, cezaevinde h\u00e2l\u00e2 700\u2019\u00fc <\/p>\n","protected":false},"author":1,"featured_media":0,"comment_status":"open","ping_status":"open","sticky":false,"template":"","format":"standard","meta":{"footnotes":""},"categories":[105],"tags":[],"class_list":["post-54700","post","type-post","status-publish","format-standard","hentry","category-gundem","odd"],"_links":{"self":[{"href":"http:\/\/www.korhanyilmaz.com\/index.php?rest_route=\/wp\/v2\/posts\/54700","targetHints":{"allow":["GET"]}}],"collection":[{"href":"http:\/\/www.korhanyilmaz.com\/index.php?rest_route=\/wp\/v2\/posts"}],"about":[{"href":"http:\/\/www.korhanyilmaz.com\/index.php?rest_route=\/wp\/v2\/types\/post"}],"author":[{"embeddable":true,"href":"http:\/\/www.korhanyilmaz.com\/index.php?rest_route=\/wp\/v2\/users\/1"}],"replies":[{"embeddable":true,"href":"http:\/\/www.korhanyilmaz.com\/index.php?rest_route=%2Fwp%2Fv2%2Fcomments&post=54700"}],"version-history":[{"count":0,"href":"http:\/\/www.korhanyilmaz.com\/index.php?rest_route=\/wp\/v2\/posts\/54700\/revisions"}],"wp:attachment":[{"href":"http:\/\/www.korhanyilmaz.com\/index.php?rest_route=%2Fwp%2Fv2%2Fmedia&parent=54700"}],"wp:term":[{"taxonomy":"category","embeddable":true,"href":"http:\/\/www.korhanyilmaz.com\/index.php?rest_route=%2Fwp%2Fv2%2Fcategories&post=54700"},{"taxonomy":"post_tag","embeddable":true,"href":"http:\/\/www.korhanyilmaz.com\/index.php?rest_route=%2Fwp%2Fv2%2Ftags&post=54700"}],"curies":[{"name":"wp","href":"https:\/\/api.w.org\/{rel}","templated":true}]}}