{"id":54679,"date":"2012-08-30T09:28:23","date_gmt":"2012-08-30T06:28:23","guid":{"rendered":"http:\/\/www.korhanyilmaz.com\/?p=54679"},"modified":"2012-08-30T14:29:46","modified_gmt":"2012-08-30T11:29:46","slug":"gulu-neden-zehirlediler","status":"publish","type":"post","link":"http:\/\/www.korhanyilmaz.com\/?p=54679","title":{"rendered":"G\u00fcl&#8217;\u00fc neden zehirlediler?"},"content":{"rendered":"<p style=\"text-align: center;\">\n<p style=\"text-align: center;\"><a href=\"http:\/\/www.korhanyilmaz.com\/wp-content\/uploads\/2012\/08\/H566.jpg\"  class=\"lightview\"><img loading=\"lazy\" decoding=\"async\" class=\"aligncenter  wp-image-54737\" src=\"http:\/\/www.korhanyilmaz.com\/wp-content\/uploads\/2012\/08\/H566.jpg\" alt=\"\" width=\"420\" height=\"210\" \/><\/a><\/p>\n<p style=\"text-align: justify;\">K\u00f6\u015fk&#8217;e yak\u0131n kaynaklar, Cumhurba\u015fkan\u0131&#8217;n\u0131n zehirlenmesinin arkas\u0131ndaki nedenin &#8220;5+5 ba\u015fkanl\u0131k se\u00e7imleri&#8221; oldu\u011funu \u00f6ne s\u00fcrd\u00fc. \u0130ddiaya g\u00f6re; 2014&#8217;te g\u00f6rev s\u00fcresi dolan G\u00fcl&#8217;\u00fcn koltu\u011funa Ba\u015fbakan Erdo\u011fan oturmak istiyor. B\u00f6ylelikle hakk\u0131ndaki yolsuzluk ve fezlekelerden kurtulacak. G\u00fcl&#8217;\u00fcn amac\u0131 ise AKP.<\/p>\n<p style=\"text-align: justify;\">YURT&#8217;un d\u00fcn s\u00fcrman\u015fetten duyurdu\u011fu Cumhurba\u015fkan\u0131 Abdullah G\u00fcl&#8217;\u00fcn K\u0131rg\u0131zistan&#8217;da zehirlendi\u011fi yolundaki haberi T\u00fcrkiye g\u00fcndemini sarst\u0131. Zehirlenme iddiaas\u0131n\u0131 birden \u00e7ok kaynaktan do\u011frulatan Yurt, \u015fimdi o suikast giri\u015fiminin gerek\u00e7esini a\u00e7\u0131kl\u0131yor.\u00a0<!--more--><\/p>\n<p style=\"text-align: justify;\">Yine K\u00f6\u015fk&#8217;e yak\u0131n kaynaklardan al\u0131nan bilgiye g\u00f6re; Cumhurba\u015fkan\u0131 Abdullah G\u00fcl&#8217;\u00fcn zehirlenmesinin arkas\u0131ndaki gerek\u00e7e &#8220;5+5 sistemine dayal\u0131 cumhurba\u015fkanl\u0131\u011f\u0131 se\u00e7imleri&#8230;&#8221;<\/p>\n<p style=\"text-align: justify;\"><strong>K\u00d6\u015eKE \u00c7IKMAK \u0130ST\u0130YOR\u00a0<\/strong><\/p>\n<p style=\"text-align: justify;\">\u00d6nceki g\u00fcn eski yasaya g\u00f6re g\u00f6rev s\u00fcresi dolan Abdullah G\u00fcl, 2014 y\u0131l\u0131na kadar Cumhurba\u015fkanl\u0131\u011f\u0131 koltu\u011funda oturacak. \u0130ddiaya g\u00f6re bu s\u00fcre i\u00e7inde AKP, 5+5 ba\u015fkanl\u0131k sistemini g\u00fcndeme getirecek ve yasa Meclis&#8217;ten ge\u00e7ecek. B\u00f6ylelikle Ba\u015fbakan Tayyip Erdo\u011fan K\u00f6\u015fk&#8217;e \u00e7\u0131kacak. Cumhurba\u015fkan\u0131 olmak isteyen Erdo\u011fan bu a\u015famada daha \u00f6nce Turgut \u00d6zal&#8217;\u0131n takti\u011fini izleyecek ve kendisini Y\u0131ld\u0131r\u0131m Akbulut gibi her istedi\u011fini yapt\u0131rabilece\u011fi bir ba\u015fbakan se\u00e7ecek. T\u00fcrkiye&#8217;yi K\u00f6\u015fk&#8217;ten y\u00f6netmeye devam edecek.<\/p>\n<p style=\"text-align: justify;\"><strong>AMA\u00c7, SA\u011eLI\u011eI BOZMAK\u00a0<\/strong><\/p>\n<p style=\"text-align: justify;\">Bu senaryonun uygulanabilmesi i\u00e7in G\u00fcl&#8217;\u00fcn ya kendi iste\u011fiyle siyaseti b\u0131rakmas\u0131 ya da sa\u011fl\u0131k sorunlar\u0131 nedeniyle &#8220;zorunlu&#8221; olarak \u00e7ekilmesi gerekiyor. \u00c7\u00fcnk\u00fc Abdullah G\u00fcl&#8217;\u00fcn Cumhurba\u015fkanl\u0131\u011f\u0131ndan sonra AKP&#8217;nin ba\u015f\u0131na ge\u00e7erek siyasete devam edece\u011fi, daha da \u00f6nemlisi Erdo\u011fan&#8217;\u0131n parti \u00fczerindeki hakimiyetini k\u0131raca\u011f\u0131 belirtiliyor. Elbette bu senaryo AKP&#8217;nin yeniden iktidar olaca\u011f\u0131 varsay\u0131m\u0131na dayan\u0131yor. Zehirleme suikast\u0131n\u0131n \u00f6ld\u00fcrme ama\u00e7l\u0131 olmad\u0131\u011f\u0131, buna kar\u015f\u0131l\u0131k hem g\u00fc\u00e7l\u00fc bir g\u00f6zda\u011f\u0131 vermeyi hem de G\u00fcl&#8217;\u00fcn sa\u011fl\u0131\u011f\u0131n\u0131 kal\u0131c\u0131 olarak bozmay\u0131 hedefledi\u011fi ileri s\u00fcr\u00fcl\u00fcyor.<\/p>\n<p style=\"text-align: justify;\">Erdo\u011fan&#8217;\u0131n K\u00f6\u015fk&#8217;e \u00e7\u0131kmak istemesinin en \u00f6nemli nedfenleinden biri de AKP t\u00fcz\u00fc\u011f\u00fc&#8230; T\u00fcz\u00fc\u011fe g\u00f6re 3. d\u00f6nem milletvekili\u011fi yapanlar\u0131n bir d\u00f6nem &#8220;dinlendirilmesi&#8221; s\u00f6z konusu. 3 d\u00f6nemdir milletvekilli\u011fi ve ba\u015fbakanl\u0131k yapan Erdo\u011fan, e\u011fer t\u00fcz\u00fck de\u011fi\u015ftirilmezse 2013 Ekim&#8217;inde yap\u0131lacak se\u00e7imlerde aday olamayacak.<\/p>\n<p style=\"text-align: justify;\"><strong>FEZLEKELER RAFA KALKACAK\u00a0<\/strong><\/p>\n<p style=\"text-align: justify;\">Baz\u0131 bakan ve milletvekillerinin belediye ba\u015fkan\u0131 olaca\u011f\u0131 se\u00e7imlerin ard\u0131ndan Tayyip Erdo\u011fan da kendisine Cumhurba\u015fkanl\u0131\u011f\u0131 yolunu a\u00e7arak siyasi hayat\u0131n\u0131 g\u00f6rkemli bir &#8220;finalle&#8221; ta\u00e7land\u0131racak. Bu da Erdo\u011fan&#8217;\u0131n hakk\u0131ndaki yolsuzluk iddialar\u0131 ve fezlekelerden kurtulmas\u0131 anlam\u0131na geliyor. Cumhurba\u015fkanl\u0131\u011f\u0131 gibi daha &#8220;dokunulmaz&#8221; bir z\u0131rh giyecek. Erdo\u011fan b\u00f6ylelikle 2023 hayallerini de ger\u00e7ekle\u015ftirmi\u015f olacak.<\/p>\n<p style=\"text-align: justify;\"><strong>5 G\u00dcND\u00dcR NE TEDAV\u0130S\u0130 G\u00d6R\u00dcYOR\u00a0<\/strong><\/p>\n<p style=\"text-align: justify;\">Yurt&#8217;un man\u015fetinde yer alan &#8220;G\u00fcl&#8217;\u00fc zehirlediler mi?&#8221; ba\u015fl\u0131kl\u0131 haberde G\u00fcl&#8217;\u00fcn T\u00fcrk Konseyi Zirvesi&#8217;nin ikinci g\u00fcn\u00fcnde \u00f6\u011fle yeme\u011fi aras\u0131nda yere y\u0131\u011f\u0131larak kendisinden ge\u00e7ti\u011fi ve apar topar T\u00fcrkiye&#8217;ye getirildi\u011fi anlat\u0131l\u0131yor. \u0130lk m\u00fcdahalenin ambulans u\u00e7akta yap\u0131ld\u0131\u011f\u0131 belirtiliyor. Hacettepe T\u0131p Fak\u00fcltesi Hastanesi&#8217;nde 5 g\u00fcnl\u00fck tedavinin uyguland\u0131\u011f\u0131 &#8220;endoempatik hidrops bozuklu\u011fu&#8221; te\u015fhisi konuldu\u011fu da hastane kaynaklar\u0131ndan al\u0131nan bilgiler aras\u0131nda.<\/p>\n<p style=\"text-align: justify;\">K\u00f6\u015fk&#8217;e yak\u0131n kaynaklar, Cumhurba\u015fkan\u0131 G\u00fcl&#8217;\u00fcn \u00f6zel doktorunun Cerrahpa\u015fa&#8217;daki yak\u0131n dostu konunun uzman\u0131 bir profes\u00f6rden, te\u015fhis ve tedaviyle ilgili bilgi ald\u0131\u011f\u0131n\u0131 iddia etmi\u015fti. Yurt bunun \u00fczerine s\u00f6z konusu profes\u00f6rle irtibata ge\u00e7mi\u015f ve G\u00fcl&#8217;\u00fcn durumuyla ilgili de\u011ferlendirmesini yay\u0131nlam\u0131\u015ft\u0131. Haberin ard\u0131ndan \u00f6nce Sa\u011fl\u0131k Bakan\u0131 Rece\u011f Akda\u011f, ard\u0131ndan \u00c7ankaya K\u00f6\u015fk\u00fc ve Hacettepe T\u0131p Fak\u00fcltesi&#8217;nden yap\u0131lan a\u00e7\u0131klamalar kamuoyuna tatmin etmedi.<\/p>\n<p style=\"text-align: justify;\"><strong><span style=\"text-decoration: underline;\">\u0130LG\u0130L\u0130 HABERLER :\u00a0<\/span><\/strong><\/p>\n<p><a href=\"http:\/\/www.yurtgazetesi.com.tr\/gundem\/gulu-zehirlediler-mi-h17972.html\" target=\"_blank\">www.yurtgazetesi.com.tr\/gundem\/gulu-zehirlediler-mi-h17972.html<\/a><\/p>\n<p><a href=\"http:\/\/www.yurtgazetesi.com.tr\/gundem\/flas-gul-zehirlendi-iddiasina-koskten-yanit-h17992.html\" target=\"_blank\">www.yurtgazetesi.com.tr\/gundem\/flas-gul-zehirlendi-iddiasina-koskten-yanit-h17992.html<\/a><\/p>\n<p><a href=\"http:\/\/www.yurtgazetesi.com.tr\/gundem\/sok-aciklama-gul-kulagini-kullanamayacak-h17973.html\" target=\"_blank\">www.yurtgazetesi.com.tr\/gundem\/sok-aciklama-gul-kulagini-kullanamayacak-h17973.html<\/a><\/p>\n<p><a href=\"http:\/\/www.yurtgazetesi.com.tr\/gundem\/gulu-neden-zehirlediler-h18037.html\" target=\"_blank\">Kaynak : Yurt Gazetesi<\/a><\/p>\n","protected":false},"excerpt":{"rendered":"<p style=\"text-align: center;\">\n<p style=\"text-align: center;\">\n<p style=\"text-align: justify;\">K\u00f6\u015fk&#8217;e yak\u0131n kaynaklar, Cumhurba\u015fkan\u0131&#8217;n\u0131n zehirlenmesinin arkas\u0131ndaki nedenin &#8220;5+5 ba\u015fkanl\u0131k se\u00e7imleri&#8221; oldu\u011funu \u00f6ne s\u00fcrd\u00fc. \u0130ddiaya g\u00f6re; 2014&#8217;te g\u00f6rev s\u00fcresi dolan G\u00fcl&#8217;\u00fcn koltu\u011funa Ba\u015fbakan Erdo\u011fan oturmak istiyor. B\u00f6ylelikle hakk\u0131ndaki yolsuzluk ve fezlekelerden kurtulacak. G\u00fcl&#8217;\u00fcn amac\u0131 ise AKP.<\/p>\n<p style=\"text-align: justify;\">YURT&#8217;un d\u00fcn s\u00fcrman\u015fetten duyurdu\u011fu Cumhurba\u015fkan\u0131 Abdullah G\u00fcl&#8217;\u00fcn K\u0131rg\u0131zistan&#8217;da zehirlendi\u011fi yolundaki <\/p>\n","protected":false},"author":1,"featured_media":0,"comment_status":"open","ping_status":"open","sticky":false,"template":"","format":"standard","meta":{"footnotes":""},"categories":[105],"tags":[],"class_list":["post-54679","post","type-post","status-publish","format-standard","hentry","category-gundem","odd"],"_links":{"self":[{"href":"http:\/\/www.korhanyilmaz.com\/index.php?rest_route=\/wp\/v2\/posts\/54679","targetHints":{"allow":["GET"]}}],"collection":[{"href":"http:\/\/www.korhanyilmaz.com\/index.php?rest_route=\/wp\/v2\/posts"}],"about":[{"href":"http:\/\/www.korhanyilmaz.com\/index.php?rest_route=\/wp\/v2\/types\/post"}],"author":[{"embeddable":true,"href":"http:\/\/www.korhanyilmaz.com\/index.php?rest_route=\/wp\/v2\/users\/1"}],"replies":[{"embeddable":true,"href":"http:\/\/www.korhanyilmaz.com\/index.php?rest_route=%2Fwp%2Fv2%2Fcomments&post=54679"}],"version-history":[{"count":0,"href":"http:\/\/www.korhanyilmaz.com\/index.php?rest_route=\/wp\/v2\/posts\/54679\/revisions"}],"wp:attachment":[{"href":"http:\/\/www.korhanyilmaz.com\/index.php?rest_route=%2Fwp%2Fv2%2Fmedia&parent=54679"}],"wp:term":[{"taxonomy":"category","embeddable":true,"href":"http:\/\/www.korhanyilmaz.com\/index.php?rest_route=%2Fwp%2Fv2%2Fcategories&post=54679"},{"taxonomy":"post_tag","embeddable":true,"href":"http:\/\/www.korhanyilmaz.com\/index.php?rest_route=%2Fwp%2Fv2%2Ftags&post=54679"}],"curies":[{"name":"wp","href":"https:\/\/api.w.org\/{rel}","templated":true}]}}