{"id":54674,"date":"2012-08-29T17:15:34","date_gmt":"2012-08-29T14:15:34","guid":{"rendered":"http:\/\/www.korhanyilmaz.com\/?p=54674"},"modified":"2012-08-30T09:52:11","modified_gmt":"2012-08-30T06:52:11","slug":"30-agustos-resepsiyonu-iptal-2","status":"publish","type":"post","link":"http:\/\/www.korhanyilmaz.com\/?p=54674","title":{"rendered":"30 A\u011fustos Resepsiyonu \u0130ptal"},"content":{"rendered":"<p style=\"text-align: justify;\"><a href=\"http:\/\/www.korhanyilmaz.com\/wp-content\/uploads\/2012\/08\/H549.jpg\"  class=\"lightview\"><img loading=\"lazy\" decoding=\"async\" class=\"aligncenter size-full wp-image-54677\" title=\"\" src=\"http:\/\/www.korhanyilmaz.com\/wp-content\/uploads\/2012\/08\/H549.jpg\" alt=\"\" width=\"375\" height=\"210\" \/><\/a><\/p>\n<p style=\"text-align: justify;\">Hacettepe \u00dcniversitesi Hastanesi&#8217;nde kulak rahats\u0131zl\u0131\u011f\u0131 sebebiyle tedavi g\u00f6ren Cumhurba\u015fkan\u0131 Abdullah G\u00fcl, hastaneden ge\u00e7ici taburcu edildi.<\/p>\n<p style=\"text-align: justify;\">Cumhurba\u015fkan\u0131 G\u00fcl, Ba\u015fbakan Recep Tayyip Erdo\u011fan ve Genelkurmay Ba\u015fkan\u0131 Necdet \u00d6zel&#8217;i kabul\u00fcn\u00fcn ard\u0131ndan yeniden hastaneye d\u00f6necek. Hacettepe \u00dcniversitesi Rekt\u00f6r\u00fc Prof. Dr. Murat Tuncer taraf\u0131ndan yap\u0131lan yaz\u0131l\u0131 a\u00e7\u0131klamada, Cumhurba\u015fkan\u0131 Abdullah G\u00fcl&#8217;\u00fcn sa\u011fl\u0131k durumunun her ge\u00e7en g\u00fcn daha iyiye gitti\u011fi belirtildi. Sabah yap\u0131lan tetkikler neticesinde s\u0131n\u0131rl\u0131 olarak g\u00fcnl\u00fck aktivitelerine ba\u015flamas\u0131n\u0131n ve ge\u00e7ici olarak hastaneden ayr\u0131lmas\u0131n\u0131n uygun g\u00f6r\u00fcld\u00fc\u011f\u00fc bildirildi.\u00a0<!--more--><\/p>\n<p style=\"text-align: justify;\">A\u00e7\u0131klamada, Cumhurba\u015fkan\u0131 Abdullah G\u00fcl&#8217;\u00fcn, bug\u00fcnk\u00fc program\u0131n\u0131n ard\u0131ndan ila\u00e7 tedavisi ve testlerinin devam\u0131 i\u00e7in hastaneye geri d\u00f6nece\u011fi, burada izlenmeye devam edilece\u011fi kaydedildi. A\u00e7\u0131klamada ayr\u0131ca kulak rahats\u0131zl\u0131\u011f\u0131n\u0131n n\u00fcksetmemesi i\u00e7in Cumhurba\u015fkan\u0131 G\u00fcl&#8217;\u00fcn bir s\u00fcre ba\u015fta u\u00e7ak seyahatleri olmak \u00fczere i\u015fitme fonksiyonlar\u0131na zarar verecek aktivitelerden uzak durmas\u0131n\u0131n tavsiye edildi\u011fi kaydedildi .<\/p>\n<p style=\"text-align: justify;\">[flv]http:\/\/video.beyazgazete.com\/2012\/8\/29\/20120829_74_30-agustos-resepsiyonu-iptal.mov[\/flv]<\/p>\n<p style=\"text-align: justify;\"><a href=\"http:\/\/www.beyazgazete.com\/video\/anahaber\/tv8-74\/2012\/08\/29\/30-agustos-resepsiyonu-iptal-316724.html\" target=\"_blank\">Kaynak : www.beyazgazete.com<\/a><\/p>\n<p style=\"text-align: justify;\">\n","protected":false},"excerpt":{"rendered":"<p style=\"text-align: justify;\">\n<p style=\"text-align: justify;\">Hacettepe \u00dcniversitesi Hastanesi&#8217;nde kulak rahats\u0131zl\u0131\u011f\u0131 sebebiyle tedavi g\u00f6ren Cumhurba\u015fkan\u0131 Abdullah G\u00fcl, hastaneden ge\u00e7ici taburcu edildi.<\/p>\n<p style=\"text-align: justify;\">Cumhurba\u015fkan\u0131 G\u00fcl, Ba\u015fbakan Recep Tayyip Erdo\u011fan ve Genelkurmay Ba\u015fkan\u0131 Necdet \u00d6zel&#8217;i kabul\u00fcn\u00fcn ard\u0131ndan yeniden hastaneye d\u00f6necek. Hacettepe \u00dcniversitesi Rekt\u00f6r\u00fc Prof. Dr. Murat Tuncer taraf\u0131ndan yap\u0131lan yaz\u0131l\u0131 a\u00e7\u0131klamada, Cumhurba\u015fkan\u0131 Abdullah G\u00fcl&#8217;\u00fcn sa\u011fl\u0131k durumunun her <\/p>\n","protected":false},"author":1,"featured_media":0,"comment_status":"open","ping_status":"open","sticky":false,"template":"","format":"standard","meta":{"footnotes":""},"categories":[105],"tags":[],"class_list":["post-54674","post","type-post","status-publish","format-standard","hentry","category-gundem","odd"],"_links":{"self":[{"href":"http:\/\/www.korhanyilmaz.com\/index.php?rest_route=\/wp\/v2\/posts\/54674","targetHints":{"allow":["GET"]}}],"collection":[{"href":"http:\/\/www.korhanyilmaz.com\/index.php?rest_route=\/wp\/v2\/posts"}],"about":[{"href":"http:\/\/www.korhanyilmaz.com\/index.php?rest_route=\/wp\/v2\/types\/post"}],"author":[{"embeddable":true,"href":"http:\/\/www.korhanyilmaz.com\/index.php?rest_route=\/wp\/v2\/users\/1"}],"replies":[{"embeddable":true,"href":"http:\/\/www.korhanyilmaz.com\/index.php?rest_route=%2Fwp%2Fv2%2Fcomments&post=54674"}],"version-history":[{"count":0,"href":"http:\/\/www.korhanyilmaz.com\/index.php?rest_route=\/wp\/v2\/posts\/54674\/revisions"}],"wp:attachment":[{"href":"http:\/\/www.korhanyilmaz.com\/index.php?rest_route=%2Fwp%2Fv2%2Fmedia&parent=54674"}],"wp:term":[{"taxonomy":"category","embeddable":true,"href":"http:\/\/www.korhanyilmaz.com\/index.php?rest_route=%2Fwp%2Fv2%2Fcategories&post=54674"},{"taxonomy":"post_tag","embeddable":true,"href":"http:\/\/www.korhanyilmaz.com\/index.php?rest_route=%2Fwp%2Fv2%2Ftags&post=54674"}],"curies":[{"name":"wp","href":"https:\/\/api.w.org\/{rel}","templated":true}]}}