{"id":54670,"date":"2012-08-30T08:36:52","date_gmt":"2012-08-30T05:36:52","guid":{"rendered":"http:\/\/www.korhanyilmaz.com\/?p=54670"},"modified":"2012-08-30T09:41:33","modified_gmt":"2012-08-30T06:41:33","slug":"resepsiyonun-iptal-edilmesinin-perde-arkasi","status":"publish","type":"post","link":"http:\/\/www.korhanyilmaz.com\/?p=54670","title":{"rendered":"Resepsiyonun iptal edilmesinin perde arkas\u0131"},"content":{"rendered":"<p style=\"text-align: justify;\"><a href=\"http:\/\/www.korhanyilmaz.com\/wp-content\/uploads\/2012\/08\/H548.jpg\"  class=\"lightview\"><img loading=\"lazy\" decoding=\"async\" class=\"aligncenter size-full wp-image-54671\" title=\"\" src=\"http:\/\/www.korhanyilmaz.com\/wp-content\/uploads\/2012\/08\/H548.jpg\" alt=\"\" width=\"272\" height=\"280\" \/><\/a><\/p>\n<p style=\"text-align: justify;\">Kula\u011f\u0131ndaki rahats\u0131zl\u0131k nedeniyle Hacettepe Hastanesi\u2019nde tedavi g\u00f6ren Cumhurba\u015fkan\u0131 Abdullah G\u00fcl\u2019\u00fcn bu y\u0131l ilk kez ev sahipli\u011fi yapaca\u011f\u0131 30 A\u011fustos resepsiyonunu iptal etmesi, tart\u0131\u015fmalar\u0131 da beraberinde getirdi. Muhalefet, \u201cAn\u0131tkabir ve Atat\u00fcrk K\u00fclt\u00fcr Merkezi\u2019ndeki programlarda G\u00fcl\u2019e vek\u00e2let eden TBMM Ba\u015fkan\u0131 Cemil \u00c7i\u00e7ek resepsiyonda neden vek\u00e2let etmiyor\u201d sorusunu y\u00f6neltti. G\u00fcl\u2019\u00fcn Ba\u015fdan\u0131\u015fman\u0131 Ahmet Sever, \u201cSay\u0131n Cumhurba\u015fkan\u0131 son d\u00f6nemdeki ter\u00f6r haberleri nedeniyle resepsiyon fikrine \u00e7ok s\u0131cak bakm\u0131yordu. Gaziantep\u2019teki cenaze t\u00f6renine giderken kafas\u0131nda resepsiyonu iptal etme fikri vard\u0131. \u00dcst\u00fcne bir de kulak rahats\u0131zl\u0131\u011f\u0131 eklenince iptal karar\u0131 al\u0131nd\u0131.\u201d dedi.\u00a0<!--more--><\/p>\n<p style=\"text-align: justify;\">Cumhuriyet Gazetesi&#8217;nden F\u0131rat Kozok&#8217;un haberine g\u00f6re, Cumhurba\u015fkan\u0131 G\u00fcl\u2019\u00fcn 30 A\u011fustos resepsiyonunu iptal etmesi, g\u00fcnd\u00fcz An\u0131tkabir ve Atat\u00fcrk K\u00fclt\u00fcr Merkezi\u2019ndeki programlar i\u00e7in de TBMM Ba\u015fkan\u0131 Cemil \u00c7i\u00e7ek\u2019e vek\u00e2let vermesi ele\u015ftirilere neden oldu. Cemal G\u00fcrsel\u2019den sonra hi\u00e7bir Cumhurba\u015fkan\u0131 yurti\u00e7indeyken TBMM Ba\u015fkan\u0131\u2019na vek\u00e2let vermedi. B\u00f6yle bir karar i\u00e7in cumhurba\u015fkan\u0131n\u0131n rahats\u0131zl\u0131\u011f\u0131 nedeniyle i\u015flerini y\u00fcr\u00fctemiyor durumda olmas\u0131 gerekiyor. Bunun i\u00e7in TBMM Ba\u015fkan\u0131 \u00c7i\u00e7ek\u2019e vek\u00e2let verilirken doktor raporlar\u0131 TBMM\u2019ye g\u00f6nderildi. Cumhurba\u015fkanl\u0131\u011f\u0131\u2019n\u0131n, G\u00fcl\u2019\u00fcn programlar\u0131n\u0131n iptal edildi\u011fi duyurusunu ge\u00e7ti\u011fi ana kadar kendisine vek\u00e2let verilece\u011finden habersiz olan \u00c7i\u00e7ek\u2019e, vek\u00e2let duyurudan sonra g\u00f6nderildi.<\/p>\n<p style=\"text-align: justify;\">Ancak bu kez de \u00c7i\u00e7ek\u2019e neden \u201cs\u0131n\u0131rl\u0131 vek\u00e2let verildi\u011fi\u201d tart\u0131\u015fmalar\u0131 ba\u015flad\u0131. \u00c7\u00fcnk\u00fc TBMM Ba\u015fkan\u0131 bug\u00fcn sadece Cumhurba\u015fkan\u0131 ad\u0131na An\u0131tkabir ve Atat\u00fcrk K\u00fclt\u00fcr Merkezi\u2019ndeki programlara kat\u0131lacak. Ancak bu y\u0131l ilk kez \u00c7ankaya K\u00f6\u015fk\u00fc\u2019nde ger\u00e7ekle\u015ftirilecek 30 A\u011fustos resepsiyonu i\u00e7in bu vek\u00e2let ge\u00e7erli olmayacak. Bu iki farkl\u0131 tutum, \u201cT\u00fcm programlara vek\u00e2let eden TBMM Ba\u015fkan\u0131, K\u00f6\u015fk\u2019teki resepsiyona da vek\u00e2let edemez miydi\u201d sorusunu beraberinde getirdi.<\/p>\n<p style=\"text-align: justify;\">Bu soruya \u201cTeknik olarak elbette edebilirdi\u201d yan\u0131t\u0131n\u0131 veren G\u00fcl\u2019\u00fcn Ba\u015fdan\u0131\u015fman\u0131 Ahmet Sever, \u015f\u00f6yle konu\u015ftu: \u201cSay\u0131n Cumhurba\u015fkan\u0131 son d\u00f6nemdeki ter\u00f6r haberleri nedeniyle resepsiyon fikrine \u00e7ok s\u0131cak bakm\u0131yordu. Gaziantep\u2019teki cenaze t\u00f6renine giderken kafas\u0131nda resepsiyonu iptal etme fikri vard\u0131. \u00dcst\u00fcne bir de kulak rahats\u0131zl\u0131\u011f\u0131 eklenince iptal karar\u0131 al\u0131nd\u0131.\u201d<\/p>\n<p style=\"text-align: justify;\">Eski Cumhurba\u015fkanl\u0131\u011f\u0131 Genel Sekreter Yard\u0131mc\u0131s\u0131 B\u00fclent Serim de \u201cVek\u00e2let her \u015feyde ge\u00e7erlidir. 30 A\u011fustos program\u0131nda g\u00fcnd\u00fcz ger\u00e7ekle\u015ftirilen t\u00f6renler daha \u00f6nemlidir. Bu t\u00f6renleri Say\u0131n TBMM Ba\u015fkan\u0131 d\u00fczenleyebiliyorsa, resepsiyonu da pek\u00e2l\u00e2 d\u00fczenleyebilirdi. Bununla ilgili herhangi ayr\u0131 bir prosed\u00fcr de s\u00f6z konusu olmaz\u201d dedi.<\/p>\n<p style=\"text-align: justify;\">Resepsiyonun iptal edilmesine tepki g\u00f6steren CHP Grup Ba\u015fkanvekili Yalova Milletvekili Muharrem \u0130nce ise \u201cYa\u015fananlar, 30 A\u011fustos\u2019un kazan\u0131mlar\u0131n\u0131 ortadan kald\u0131rma potansiyeli ta\u015f\u0131yor. Ulusal Bayram olarak 30 A\u011fustos, tarihimizi hat\u0131rlamaktan \u00f6te T\u00fcrk milleti var olduk\u00e7a ta\u015f\u0131mas\u0131 gerekli olan de\u011ferleri bize kazand\u0131ran bir g\u00fcnd\u00fcr\u201d dedi.<\/p>\n<p style=\"text-align: justify;\"><a href=\"http:\/\/www.hurriyet.com.tr\/gundem\/21338588.asp\" target=\"_blank\">Kaynak : H\u00fcrriyet.com.tr<\/a><\/p>\n","protected":false},"excerpt":{"rendered":"<p style=\"text-align: justify;\">\n<p style=\"text-align: justify;\">Kula\u011f\u0131ndaki rahats\u0131zl\u0131k nedeniyle Hacettepe Hastanesi\u2019nde tedavi g\u00f6ren Cumhurba\u015fkan\u0131 Abdullah G\u00fcl\u2019\u00fcn bu y\u0131l ilk kez ev sahipli\u011fi yapaca\u011f\u0131 30 A\u011fustos resepsiyonunu iptal etmesi, tart\u0131\u015fmalar\u0131 da beraberinde getirdi. Muhalefet, \u201cAn\u0131tkabir ve Atat\u00fcrk K\u00fclt\u00fcr Merkezi\u2019ndeki programlarda G\u00fcl\u2019e vek\u00e2let eden TBMM Ba\u015fkan\u0131 Cemil \u00c7i\u00e7ek resepsiyonda neden vek\u00e2let etmiyor\u201d sorusunu y\u00f6neltti. G\u00fcl\u2019\u00fcn Ba\u015fdan\u0131\u015fman\u0131 Ahmet Sever, <\/p>\n","protected":false},"author":1,"featured_media":0,"comment_status":"open","ping_status":"open","sticky":false,"template":"","format":"standard","meta":{"footnotes":""},"categories":[105],"tags":[],"class_list":["post-54670","post","type-post","status-publish","format-standard","hentry","category-gundem","odd"],"_links":{"self":[{"href":"http:\/\/www.korhanyilmaz.com\/index.php?rest_route=\/wp\/v2\/posts\/54670","targetHints":{"allow":["GET"]}}],"collection":[{"href":"http:\/\/www.korhanyilmaz.com\/index.php?rest_route=\/wp\/v2\/posts"}],"about":[{"href":"http:\/\/www.korhanyilmaz.com\/index.php?rest_route=\/wp\/v2\/types\/post"}],"author":[{"embeddable":true,"href":"http:\/\/www.korhanyilmaz.com\/index.php?rest_route=\/wp\/v2\/users\/1"}],"replies":[{"embeddable":true,"href":"http:\/\/www.korhanyilmaz.com\/index.php?rest_route=%2Fwp%2Fv2%2Fcomments&post=54670"}],"version-history":[{"count":0,"href":"http:\/\/www.korhanyilmaz.com\/index.php?rest_route=\/wp\/v2\/posts\/54670\/revisions"}],"wp:attachment":[{"href":"http:\/\/www.korhanyilmaz.com\/index.php?rest_route=%2Fwp%2Fv2%2Fmedia&parent=54670"}],"wp:term":[{"taxonomy":"category","embeddable":true,"href":"http:\/\/www.korhanyilmaz.com\/index.php?rest_route=%2Fwp%2Fv2%2Fcategories&post=54670"},{"taxonomy":"post_tag","embeddable":true,"href":"http:\/\/www.korhanyilmaz.com\/index.php?rest_route=%2Fwp%2Fv2%2Ftags&post=54670"}],"curies":[{"name":"wp","href":"https:\/\/api.w.org\/{rel}","templated":true}]}}