{"id":54666,"date":"2012-08-29T13:06:16","date_gmt":"2012-08-29T10:06:16","guid":{"rendered":"http:\/\/www.korhanyilmaz.com\/?p=54666"},"modified":"2012-08-30T09:18:37","modified_gmt":"2012-08-30T06:18:37","slug":"mite-gore-neden-sonuc-yok","status":"publish","type":"post","link":"http:\/\/www.korhanyilmaz.com\/?p=54666","title":{"rendered":"M\u0130T&#8217;e g\u00f6re neden-sonu\u00e7 yok"},"content":{"rendered":"<p style=\"text-align: justify;\"><a href=\"http:\/\/www.korhanyilmaz.com\/wp-content\/uploads\/2012\/08\/H547.jpg\"  class=\"lightview\"><img loading=\"lazy\" decoding=\"async\" class=\"aligncenter size-full wp-image-54667\" title=\"\" src=\"http:\/\/www.korhanyilmaz.com\/wp-content\/uploads\/2012\/08\/H547.jpg\" alt=\"\" width=\"258\" height=\"255\" \/><\/a><\/p>\n<p style=\"text-align: justify;\">M\u0130T&#8217;ten Gaziantep&#8217;teki sald\u0131r\u0131yla ilgili CHP lideri K\u0131l\u0131\u00e7daro\u011flu&#8217;nun &#8220;B\u00f6lgenin M\u0130T g\u00f6revlisi nereye gitti?&#8221; ifadesine a\u00e7\u0131klama geldi. K\u0131l\u0131\u00e7daro\u011flu, istihbarat zaafiyetine dikkat \u00e7ekmi\u015fti.<\/p>\n<p style=\"text-align: justify;\">ANKARA- M\u0130T, CHP Genel Ba\u015fkan\u0131 Kemal K\u0131l\u0131\u00e7daro\u011flu&#8217;nun &#8221;B\u00f6lgenin M\u0130T g\u00f6revlisi nereye gitti?&#8221; \u015feklindeki ifadesine ili\u015fkin a\u00e7\u0131klama yapt\u0131.\u00a0<!--more--><\/p>\n<p style=\"text-align: justify;\">M\u0130T kaynaklar\u0131, personel politikas\u0131 uyar\u0131nca personelin yeni g\u00f6rev yerlerinin belirlenmesi ve unvan y\u00fckselmesine ili\u015fkin \u00e7al\u0131\u015fmalar\u0131n, her y\u0131l mutad oldu\u011fu \u00fczere Haziran 2012 ay\u0131 i\u00e7inde nihayetlendirilerek ilgili personele bildirildi\u011fini, tayin atama g\u00f6ren personelin h\u00e2lihaz\u0131rdaki g\u00f6rev yerinden daha sonra ili\u015fi\u011fini keserek, yeni g\u00f6revine ba\u015flamas\u0131n\u0131n karara ba\u011fland\u0131\u011f\u0131n\u0131 belirtti.<\/p>\n<p style=\"text-align: justify;\">Yetkililer, &#8220;y\u0131ll\u0131k personel hareketleri \u00e7er\u00e7evesinde rutin bir g\u00f6rev de\u011fi\u015fikli\u011fine tabi tutulan Gaziantep \u00dcnite Amiri&#8217;nin atanmas\u0131yla, 20 A\u011fustos 2012 tarihinde Gaziantep&#8217;te meydan gelen sald\u0131r\u0131s\u0131 aras\u0131nda herhangi bir neden sonu\u00e7 ili\u015fkisi bulunmad\u0131\u011f\u0131n\u0131&#8221; savundu.<\/p>\n<p style=\"text-align: justify;\"><strong>KILI\u00c7DARO\u011eLU NE DEM\u0130\u015eT\u0130?\u00a0<\/strong><\/p>\n<p style=\"text-align: justify;\">K\u0131l\u0131\u00e7daro\u011flu, sald\u0131r\u0131n\u0131n ard\u0131nda istihbarat zaafiyetine dikkat \u00e7ekmi\u015f, \u015f\u00f6yle demi\u015fti: &#8220;Bu \u00fclke nas\u0131l bu hale geldi? Amerikal\u0131lar bize istihbarat versin. Ba\u015fkas\u0131n\u0131n kay\u0131\u011f\u0131na bindi\u011finiz zaman, k\u00fcrekleri ba\u015fkas\u0131 \u00e7ekti\u011fi zaman, sizi sizin istedi\u011finiz yere de\u011fil, onun sizi istedi\u011fi yere g\u00f6t\u00fcr\u00fcr. E\u011fer istihbaratta zaafiyet varsa zaten mesele bitmi\u015ftir. Kendi milletvekili s\u00f6yl\u00fcyor. Oradaki iki \u00f6nemli kamu g\u00f6revlisinin bu olaydan (Gaziantep\u2019teki patlama) k\u0131sa s\u00fcre \u00f6nce tayinleri \u00e7\u0131kt\u0131. Ni\u00e7in, bir sorun bakal\u0131m. B\u00f6lgenin M\u0130T g\u00f6revlisi nereye gitti?&#8221;<\/p>\n<p style=\"text-align: justify;\"><a href=\"http:\/\/www.yurtgazetesi.com.tr\/gundem\/mite-gore-neden-sonuc-yok-h17994.html\" target=\"_blank\">Kaynak : Yurt Gazetesi<\/a><\/p>\n","protected":false},"excerpt":{"rendered":"<p style=\"text-align: justify;\">\n<p style=\"text-align: justify;\">M\u0130T&#8217;ten Gaziantep&#8217;teki sald\u0131r\u0131yla ilgili CHP lideri K\u0131l\u0131\u00e7daro\u011flu&#8217;nun &#8220;B\u00f6lgenin M\u0130T g\u00f6revlisi nereye gitti?&#8221; ifadesine a\u00e7\u0131klama geldi. K\u0131l\u0131\u00e7daro\u011flu, istihbarat zaafiyetine dikkat \u00e7ekmi\u015fti.<\/p>\n<p style=\"text-align: justify;\">ANKARA- M\u0130T, CHP Genel Ba\u015fkan\u0131 Kemal K\u0131l\u0131\u00e7daro\u011flu&#8217;nun &#8221;B\u00f6lgenin M\u0130T g\u00f6revlisi nereye gitti?&#8221; \u015feklindeki ifadesine ili\u015fkin a\u00e7\u0131klama yapt\u0131. <\/p>\n","protected":false},"author":1,"featured_media":0,"comment_status":"open","ping_status":"open","sticky":false,"template":"","format":"standard","meta":{"footnotes":""},"categories":[105],"tags":[],"class_list":["post-54666","post","type-post","status-publish","format-standard","hentry","category-gundem","odd"],"_links":{"self":[{"href":"http:\/\/www.korhanyilmaz.com\/index.php?rest_route=\/wp\/v2\/posts\/54666","targetHints":{"allow":["GET"]}}],"collection":[{"href":"http:\/\/www.korhanyilmaz.com\/index.php?rest_route=\/wp\/v2\/posts"}],"about":[{"href":"http:\/\/www.korhanyilmaz.com\/index.php?rest_route=\/wp\/v2\/types\/post"}],"author":[{"embeddable":true,"href":"http:\/\/www.korhanyilmaz.com\/index.php?rest_route=\/wp\/v2\/users\/1"}],"replies":[{"embeddable":true,"href":"http:\/\/www.korhanyilmaz.com\/index.php?rest_route=%2Fwp%2Fv2%2Fcomments&post=54666"}],"version-history":[{"count":0,"href":"http:\/\/www.korhanyilmaz.com\/index.php?rest_route=\/wp\/v2\/posts\/54666\/revisions"}],"wp:attachment":[{"href":"http:\/\/www.korhanyilmaz.com\/index.php?rest_route=%2Fwp%2Fv2%2Fmedia&parent=54666"}],"wp:term":[{"taxonomy":"category","embeddable":true,"href":"http:\/\/www.korhanyilmaz.com\/index.php?rest_route=%2Fwp%2Fv2%2Fcategories&post=54666"},{"taxonomy":"post_tag","embeddable":true,"href":"http:\/\/www.korhanyilmaz.com\/index.php?rest_route=%2Fwp%2Fv2%2Ftags&post=54666"}],"curies":[{"name":"wp","href":"https:\/\/api.w.org\/{rel}","templated":true}]}}