{"id":54662,"date":"2012-08-29T20:07:21","date_gmt":"2012-08-29T17:07:21","guid":{"rendered":"http:\/\/www.korhanyilmaz.com\/?p=54662"},"modified":"2012-08-30T06:09:27","modified_gmt":"2012-08-30T03:09:27","slug":"adli-yil-acilis-resepsiyonu-iptal","status":"publish","type":"post","link":"http:\/\/www.korhanyilmaz.com\/?p=54662","title":{"rendered":"Adli y\u0131l a\u00e7\u0131l\u0131\u015f resepsiyonu iptal"},"content":{"rendered":"<p style=\"text-align: center;\"><a href=\"http:\/\/www.korhanyilmaz.com\/wp-content\/uploads\/2012\/08\/H546.jpg\"  class=\"lightview\"><img loading=\"lazy\" decoding=\"async\" class=\"aligncenter  wp-image-54663\" src=\"http:\/\/www.korhanyilmaz.com\/wp-content\/uploads\/2012\/08\/H546.jpg\" alt=\"\" width=\"322\" height=\"241\" \/><\/a><\/p>\n<p style=\"text-align: justify;\">Yeni adli y\u0131l resepsiyonu ter\u00f6r olaylar\u0131 nedeniyle iptal edildi.<\/p>\n<p style=\"text-align: justify;\">Ankara &#8211; Yarg\u0131tay Ba\u015fkanl\u0131\u011f\u0131, yeni adli y\u0131l\u0131n ba\u015flamas\u0131 dolay\u0131s\u0131yla 3 Eyl\u00fcl&#8217;de yap\u0131lacak adli y\u0131l kokteylinin iptal edildi\u011fini bildirdi.\u00a0<!--more--><\/p>\n<p style=\"text-align: justify;\">Yarg\u0131tay&#8217;dan yap\u0131lan a\u00e7\u0131klamada, \u015f\u00f6yle denildi:<\/p>\n<p style=\"text-align: justify;\">&#8221;\u00dclkemizin birlik, beraberlik ve karde\u015fli\u011fine y\u00f6nelik ter\u00f6r sald\u0131r\u0131lar\u0131nda, hi\u00e7bir vicdani ve insani de\u011fer tan\u0131madan masum vatanda\u015flar\u0131m\u0131z\u0131n hedef al\u0131nmas\u0131 kar\u015f\u0131s\u0131nda; kamu d\u00fczeninin ve insan\u0131m\u0131z\u0131n temel haklar\u0131n\u0131n korunmas\u0131 amac\u0131yla m\u00fccadele eden T\u00fcrk Silahl\u0131 Kuvvetleri ve Emniyet Te\u015fkilat\u0131m\u0131za, bu kutsal m\u00fccadeledeki \u015fehit ve gazilerimiz ile onurlu ailelerine duydu\u011fumuz sayg\u0131 nedeniyle 3 Eyl\u00fcl 2012 g\u00fcn\u00fc saat 20.00&#8217;de T\u00fcrkiye B\u00fcy\u00fck Millet Meclisi Havuzlu Bah\u00e7e&#8217;de yap\u0131laca\u011f\u0131 bildirilen Adli Y\u0131l A\u00e7\u0131l\u0131\u015f Kokteyli, iptal edilmi\u015ftir.&#8221;<\/p>\n<p style=\"text-align: justify;\"><a href=\"http:\/\/www.cumhuriyet.com.tr\/?hn=362286\" target=\"_blank\">Kaynak : Cumhuriyet Haber Portal\u0131<\/a><\/p>\n","protected":false},"excerpt":{"rendered":"<p style=\"text-align: center;\">\n<p style=\"text-align: justify;\">Yeni adli y\u0131l resepsiyonu ter\u00f6r olaylar\u0131 nedeniyle iptal edildi.<\/p>\n<p style=\"text-align: justify;\">Ankara &#8211; Yarg\u0131tay Ba\u015fkanl\u0131\u011f\u0131, yeni adli y\u0131l\u0131n ba\u015flamas\u0131 dolay\u0131s\u0131yla 3 Eyl\u00fcl&#8217;de yap\u0131lacak adli y\u0131l kokteylinin iptal edildi\u011fini bildirdi. <\/p>\n","protected":false},"author":1,"featured_media":0,"comment_status":"open","ping_status":"open","sticky":false,"template":"","format":"standard","meta":{"footnotes":""},"categories":[105],"tags":[],"class_list":["post-54662","post","type-post","status-publish","format-standard","hentry","category-gundem","odd"],"_links":{"self":[{"href":"http:\/\/www.korhanyilmaz.com\/index.php?rest_route=\/wp\/v2\/posts\/54662","targetHints":{"allow":["GET"]}}],"collection":[{"href":"http:\/\/www.korhanyilmaz.com\/index.php?rest_route=\/wp\/v2\/posts"}],"about":[{"href":"http:\/\/www.korhanyilmaz.com\/index.php?rest_route=\/wp\/v2\/types\/post"}],"author":[{"embeddable":true,"href":"http:\/\/www.korhanyilmaz.com\/index.php?rest_route=\/wp\/v2\/users\/1"}],"replies":[{"embeddable":true,"href":"http:\/\/www.korhanyilmaz.com\/index.php?rest_route=%2Fwp%2Fv2%2Fcomments&post=54662"}],"version-history":[{"count":0,"href":"http:\/\/www.korhanyilmaz.com\/index.php?rest_route=\/wp\/v2\/posts\/54662\/revisions"}],"wp:attachment":[{"href":"http:\/\/www.korhanyilmaz.com\/index.php?rest_route=%2Fwp%2Fv2%2Fmedia&parent=54662"}],"wp:term":[{"taxonomy":"category","embeddable":true,"href":"http:\/\/www.korhanyilmaz.com\/index.php?rest_route=%2Fwp%2Fv2%2Fcategories&post=54662"},{"taxonomy":"post_tag","embeddable":true,"href":"http:\/\/www.korhanyilmaz.com\/index.php?rest_route=%2Fwp%2Fv2%2Ftags&post=54662"}],"curies":[{"name":"wp","href":"https:\/\/api.w.org\/{rel}","templated":true}]}}