{"id":54650,"date":"2012-08-29T23:26:08","date_gmt":"2012-08-29T20:26:08","guid":{"rendered":"http:\/\/www.korhanyilmaz.com\/?p=54650"},"modified":"2012-08-30T05:35:43","modified_gmt":"2012-08-30T02:35:43","slug":"17-yildir-teslim-edilmeyen-helikopterler-kriz-yaratti","status":"publish","type":"post","link":"http:\/\/www.korhanyilmaz.com\/?p=54650","title":{"rendered":"17 y\u0131ld\u0131r teslim edilmeyen helikopterler kriz yaratt\u0131!"},"content":{"rendered":"<p style=\"text-align: justify;\"><a href=\"http:\/\/www.korhanyilmaz.com\/wp-content\/uploads\/2012\/08\/H544.jpg\"  class=\"lightview\"><img loading=\"lazy\" decoding=\"async\" class=\"aligncenter size-full wp-image-54651\" title=\"\" src=\"http:\/\/www.korhanyilmaz.com\/wp-content\/uploads\/2012\/08\/H544.jpg\" alt=\"\" width=\"325\" height=\"195\" \/><\/a><\/p>\n<p style=\"text-align: justify;\">Bosna Hersek\u2019in 1995\u2019te T\u00fcrkiye\u2019den 5 milyon dolara sat\u0131n ald\u0131\u011f\u0131 Mi-24 helikopterlerinin hala teslim edilememesi \u00fclkede tart\u0131\u015fma yaratt\u0131. \u00dclkenin savunma bakanlar\u0131 o d\u00f6nem g\u00f6rev yapan meslekta\u015flar\u0131na topu atsa da vekiller, \u201cEskimi\u015f helikopterler ne i\u015fimize yarayacak?\u201d yorumunda bulundu.\u00a0<!--more--><\/p>\n<p style=\"text-align: justify;\">Balkanlar\u2019da 1990\u2019l\u0131 y\u0131llarda sanc\u0131l\u0131 ve ac\u0131l\u0131 dolu bir s\u00fcre\u00e7 sonunda S\u0131rplar\u2019dan ayr\u0131lan Bosna Hersek\u2019te T\u00fcrkiye\u2019den 17 y\u0131l \u00f6nce sat\u0131n al\u0131nan sava\u015f helikopterleri \u00fclke g\u00fcndemine oturdu. 1995\u2019te T\u00fcrkiye\u2019den yakla\u015f\u0131k 2.5 milyon marka (g\u00fcn\u00fcm\u00fcz de\u011feriyle 5 milyon dolar) sat\u0131n al\u0131nan 5 adet Mi-24 tipi helikopterinin hala orduya teslim edilmedi\u011finin ortaya \u00e7\u0131kmas\u0131 Bosna Savunma Bakanlar\u0131\u2019n\u0131 birbirine d\u00fc\u015f\u00fcrd\u00fc. 95\u2019ten beri \u0130zmir\u2019de bulundu\u011fu iddia edilen ve bak\u0131mlar\u0131 d\u00fczenli olarak yap\u0131lan helikopterlerin neden hala teslim edilmedi\u011fini soru\u015fturan Dnevni Avaz gazetesi, eski bakanlarla birlikte d\u00f6nemin bakanlar\u0131yla da g\u00f6r\u00fc\u015ft\u00fc. Savunma Bakan\u0131 Muhammed \u0130brahimovi\u00e7, eski Ba\u015fbakan Yard\u0131mc\u0131s\u0131 ve Savunma Bakan\u0131 Hasan Cengi\u00e7 ve eski Savunma Bakan\u0131 Selmo \u00c7ikoti\u00e7 topu birbirlerine att\u0131. \u00c7ikoti\u00e7, \u201c\u0130brahimovi\u00e7\u2019i araman\u0131z gerek. O benden bu konuya daha hakim. B\u00fct\u00fcn veriler Savunma Bakanl\u0131\u011f\u0131\u2019nda\u201d a\u00e7\u0131klamas\u0131n\u0131 yapt\u0131. \u00dclkenin eski Savunma bakanlar\u0131ndan Cengi\u00e7 de helikopterler hakk\u0131nda bir bilgisi olmad\u0131\u011f\u0131n\u0131 s\u00f6yleyerek, \u201cHelikopterlerin sat\u0131n al\u0131nmas\u0131na dair bir\u015fey bilmiyorum\u201d dedi.<\/p>\n<p style=\"text-align: justify;\"><strong>Soru\u015fturma a\u00e7\u0131lmal\u0131\u00a0<\/strong><\/p>\n<p style=\"text-align: justify;\">Bosna Hersek Parlamentosu\u2019nun Savunma ve G\u00fcvenlik Komitesi \u00fcyesi Krunoslav Vrdoljak da yetkililerin bir a\u00e7\u0131klama yapmamas\u0131na tepki g\u00f6stererek, \u201cSavunma Bakanl\u0131\u011f\u0131\u2019nda y\u0131llard\u0131r bi\u00e7ok yanl\u0131\u015f yap\u0131ld\u0131 bunlar art\u0131k durmal\u0131. Burada hi\u00e7 denetim yok, kapsaml\u0131 bir soru\u015fturma a\u00e7\u0131lmal\u0131. T\u00fcrkiye\u2019deki helikopterler i\u00e7in yakla\u015f\u0131k 9 milyon dolar harcand\u0131. Bunlar\u0131n \u00fczerinden \u00e7ok zaman ge\u00e7ti\u201d dedi. Bosna Hersek Savunma Bakanl\u0131\u011f\u0131\u2019na yak\u0131n kaynaklar ise helikopterlerin sava\u015f\u0131n ba\u015f\u0131nda sat\u0131n al\u0131nd\u0131\u011f\u0131n\u0131 ve Cengi\u00e7\u2019in sorumlu oldu\u011funu bildirdi. H\u00fck\u00fcmete yak\u0131n kaynaklar ise, \u201cSavunma Bakanl\u0131\u011f\u0131\u2019na ait varl\u0131klar devlete aittir. Helikopterlere ne oldu\u011funu hala bilmiyoruz. Bunu inceleyece\u011fiz\u201d yorumunda bulundu. Savunma Bakan\u0131 Yard\u0131mc\u0131s\u0131 Mirko Okolic, \u201cHer \u015feyi incelemeliyiz, neden gelmediklerini \u00f6\u011frenmeli ve helikopterlere ne olaca\u011f\u0131n\u0131 bilmeliyiz. Neden gelemedi\u011fini \u00f6\u011frenmeliyiz, bunun bir nedeni olmal\u0131\u201d dedi.<\/p>\n<p style=\"text-align: justify;\">\u0130smi a\u00e7\u0131klanmayan bir yetkili, \u201cBu sava\u015f sald\u0131r\u0131 helikopteri \u00fclkenin savunmas\u0131 i\u00e7in kullan\u0131lacakt\u0131. T\u00fcrkler o helikopterlerin bak\u0131m\u0131n\u0131 y\u0131llaca yapt\u0131 ama \u00f6dedi\u011fimiz paran\u0131n kar\u015f\u0131l\u0131\u011f\u0131n\u0131 alabilece\u011fimiz haldeler mi bu tart\u0131\u015f\u0131l\u0131r\u201d ifadesini kulland\u0131. 2001\u2019de Savunma Bakanl\u0131\u011f\u0131 bir soru\u015fturma a\u00e7m\u0131\u015f fakat tamamlanamadan rafa kald\u0131r\u0131lm\u0131\u015ft\u0131. D\u00f6nemin savunma bakan yard\u0131mc\u0131s\u0131 \u015eekib Mahmuljin ise, \u201cKimlerin sat\u0131\u015f i\u00e7in onay verdi\u011fini hat\u0131rlam\u0131yorum ama sava\u015f zaman\u0131ndayd\u0131. NATO \u0130stikrar G\u00fcc\u00fc (SFOR) helikopterin ula\u015f\u0131m\u0131n\u0131 engelledi. Ben rica ettim fakat SFOR yetkilileri beni reddetti. Bu helikopterlerin b\u00f6lgedeki g\u00fc\u00e7 dengesini bozmas\u0131ndan endi\u015fe ediliyordu\u201d a\u00e7\u0131klamas\u0131n\u0131 yapt\u0131. Bosna Hersek\u2019in helikopter al\u0131m\u0131 s\u0131ras\u0131nda T\u00fcrkiye\u2019de ba\u015fbakan Tansu \u00c7iller h\u00fck\u00fcmeti g\u00f6revdeydi.<\/p>\n<p style=\"text-align: justify;\"><strong>5 milyon dolara satt\u0131k\u00a0<\/strong><\/p>\n<p style=\"text-align: justify;\">Bosna Hersek\u2019e 1995\u2019te satt\u0131\u011f\u0131m\u0131z 5 adet Mi-24 tipi helikopter kar\u015f\u0131l\u0131\u011f\u0131nda yakla\u015f\u0131k 2.5 milyon mark, yani g\u00fcn\u00fcm\u00fcz de\u011feriyle 5 milyon dolar ald\u0131k. Ancak helikopterler hala T\u00fcrkiye\u2019de&#8230;<\/p>\n<p style=\"text-align: justify;\"><a href=\"http:\/\/haber.gazetevatan.com\/17-yildir-teslim-edilmeyen-helikopterler-kriz-yaratti\/477632\/1\/G%C3%BCndem#.UD7Qn8HN-Zc\" target=\"_blank\">Kaynak :\u00a0Yi\u011fit Can KAYTMAZ \/ VATAN Gazetesi<\/a><\/p>\n","protected":false},"excerpt":{"rendered":"<p style=\"text-align: justify;\">\n<p style=\"text-align: justify;\">Bosna Hersek\u2019in 1995\u2019te T\u00fcrkiye\u2019den 5 milyon dolara sat\u0131n ald\u0131\u011f\u0131 Mi-24 helikopterlerinin hala teslim edilememesi \u00fclkede tart\u0131\u015fma yaratt\u0131. \u00dclkenin savunma bakanlar\u0131 o d\u00f6nem g\u00f6rev yapan meslekta\u015flar\u0131na topu atsa da vekiller, \u201cEskimi\u015f helikopterler ne i\u015fimize yarayacak?\u201d yorumunda bulundu. <\/p>\n","protected":false},"author":1,"featured_media":0,"comment_status":"open","ping_status":"open","sticky":false,"template":"","format":"standard","meta":{"footnotes":""},"categories":[3,105],"tags":[],"class_list":["post-54650","post","type-post","status-publish","format-standard","hentry","category-dunya","category-gundem","odd"],"_links":{"self":[{"href":"http:\/\/www.korhanyilmaz.com\/index.php?rest_route=\/wp\/v2\/posts\/54650","targetHints":{"allow":["GET"]}}],"collection":[{"href":"http:\/\/www.korhanyilmaz.com\/index.php?rest_route=\/wp\/v2\/posts"}],"about":[{"href":"http:\/\/www.korhanyilmaz.com\/index.php?rest_route=\/wp\/v2\/types\/post"}],"author":[{"embeddable":true,"href":"http:\/\/www.korhanyilmaz.com\/index.php?rest_route=\/wp\/v2\/users\/1"}],"replies":[{"embeddable":true,"href":"http:\/\/www.korhanyilmaz.com\/index.php?rest_route=%2Fwp%2Fv2%2Fcomments&post=54650"}],"version-history":[{"count":0,"href":"http:\/\/www.korhanyilmaz.com\/index.php?rest_route=\/wp\/v2\/posts\/54650\/revisions"}],"wp:attachment":[{"href":"http:\/\/www.korhanyilmaz.com\/index.php?rest_route=%2Fwp%2Fv2%2Fmedia&parent=54650"}],"wp:term":[{"taxonomy":"category","embeddable":true,"href":"http:\/\/www.korhanyilmaz.com\/index.php?rest_route=%2Fwp%2Fv2%2Fcategories&post=54650"},{"taxonomy":"post_tag","embeddable":true,"href":"http:\/\/www.korhanyilmaz.com\/index.php?rest_route=%2Fwp%2Fv2%2Ftags&post=54650"}],"curies":[{"name":"wp","href":"https:\/\/api.w.org\/{rel}","templated":true}]}}