{"id":54644,"date":"2012-08-29T14:40:43","date_gmt":"2012-08-29T11:40:43","guid":{"rendered":"http:\/\/www.korhanyilmaz.com\/?p=54644"},"modified":"2012-08-30T05:30:42","modified_gmt":"2012-08-30T02:30:42","slug":"chpli-inceden-sok-eden-iddia-teroristler-icin","status":"publish","type":"post","link":"http:\/\/www.korhanyilmaz.com\/?p=54644","title":{"rendered":"CHP&#8217;li \u0130nce&#8217;den \u015fok eden iddia: Ter\u00f6ristler i\u00e7in&#8230;"},"content":{"rendered":"<p style=\"text-align: justify;\"><a href=\"http:\/\/www.korhanyilmaz.com\/wp-content\/uploads\/2012\/08\/H543.jpg\"  class=\"lightview\"><img loading=\"lazy\" decoding=\"async\" class=\"aligncenter size-full wp-image-54645\" title=\"\" src=\"http:\/\/www.korhanyilmaz.com\/wp-content\/uploads\/2012\/08\/H543.jpg\" alt=\"\" width=\"321\" height=\"205\" \/><\/a><\/p>\n<p style=\"text-align: justify;\"><strong><span style=\"text-decoration: underline;\">Fabrikalar\u0131m\u0131zda markas\u0131z mermi \u00fcretiliyor!\u00a0<\/span><\/strong><\/p>\n<p style=\"text-align: justify;\">CHP Grup Ba\u015fkanvekili ve Yalova Milletvekili Muharrem \u0130nce, Yabanc\u0131 \u00fclkelerin ter\u00f6ristleri i\u00e7in fabrikalarda markas\u0131z mermiler \u00fcretildi\u011fini \u00f6ne s\u00fcrd\u00fc.<\/p>\n<p style=\"text-align: justify;\"><strong>&#8220;STRATEJ\u0130K DER\u0130NL\u0130K DE\u011e\u0130L VATANA \u0130HANET\u0130N DER\u0130NL\u0130\u011e\u0130 VAR&#8221;\u00a0<\/strong><\/p>\n<p style=\"text-align: justify;\">CHP Grup Ba\u015fkanvekili Yalova Milletvekili Muharrem \u0130nce, 30 A\u011fustos Zafer Bayram\u0131n\u0131n olumsuz ko\u015fullarda kutlanaca\u011f\u0131n\u0131 \u00f6ne s\u00fcrerek AKP iktidar\u0131 d\u00f6neminde ya\u015fananlar\u0131n, 30 A\u011fustos\u2019un kazan\u0131mlar\u0131n\u0131 ortadan kald\u0131rma potansiyeli ta\u015f\u0131d\u0131\u011f\u0131n\u0131 s\u00f6yledi. \u0130nce a\u00e7\u0131klamas\u0131nda, <span style=\"text-decoration: underline;\">T\u00fcrkiye a\u00e7\u0131s\u0131ndan var olan tablonun a\u00e7\u0131k\u00e7a vatana ihanet su\u00e7unun i\u015flendi\u011fini g\u00f6sterdi\u011fini belirterek<\/span> \u201cHatay ba\u015fta olmak \u00fczere \u00fclkemizin baz\u0131 yerlerinde, Anayasam\u0131z a\u00e7\u0131k\u00e7a ihlal edilerek bir ba\u015fka \u00fclkenin ter\u00f6ristleri sanki askermi\u015f gibi kamplara al\u0131nmakta, e\u011fitilmekte, silah verilmektedir. Fabrikalar\u0131m\u0131zda onlar i\u00e7in markas\u0131z mermiler \u00fcretilmektedir. Hatay\u2019da milletvekillerimizin giremedi\u011fi ve h\u00fck\u00fcmetin askeri kamp olarak tan\u0131mlad\u0131\u011f\u0131 kamp Suriye H\u00fck\u00fcmeti ile T\u00fcrkiye Cumhuriyeti veya di\u011fer uluslararas\u0131 anla\u015fmalardan hangisine dayanmaktad\u0131r\u201d dedi.\u00a0<!--more--><\/p>\n<p style=\"text-align: justify;\">Var olan tablonun a\u00e7\u0131k\u00e7a vatana ihanet su\u00e7unun i\u015flendi\u011fini g\u00f6sterdi\u011fini iddia eden \u0130nce, \u201cEninde sonunda bu su\u00e7, yarg\u0131 \u00f6n\u00fcne \u00e7\u0131kacakt\u0131r. Ortadaki tablo stratejik derinlik de\u011fil vatana ihanetin derinli\u011fidir. Bug\u00fcn 30 A\u011fustos Zafer Bayram\u0131n\u0131 bu geli\u015fmelerle birlikte kutlayaca\u011f\u0131z. Unutmayal\u0131m ki bizim askerimiz vatan i\u00e7in \u00e7arp\u0131\u015f\u0131r, \u00f6l\u00fcr, \u015fehit d\u00fc\u015fer. Kapal\u0131 kap\u0131lar ard\u0131nda yap\u0131lm\u0131\u015f pazarl\u0131klar\u0131n, dolarlar\u0131n ve onlar\u0131n sahiplerinin emrine girmi\u015f \u00e7apulcular i\u00e7in de\u011fil. \u0130\u015fte bu tablo kar\u015f\u0131s\u0131nda, 30 A\u011fustos T\u00fcrk ulusuna bir b\u00fcy\u00fck \u00e7a\u011fr\u0131 g\u00fcn\u00fcd\u00fcr. Dirilme, kaderimize el koyma, azim kararl\u0131l\u0131\u011f\u0131m\u0131z\u0131 g\u00f6sterme g\u00fcn\u00fcd\u00fcr\u201d dedi.<\/p>\n<p style=\"text-align: justify;\">CHP Grup Ba\u015fkanvekili Muharrem \u0130nce, 30 A\u011fustos Zafer Bayram\u0131n\u0131n T\u00fcrk Milletinin kendi var olu\u015funu simgeleyen g\u00fcnlerden biri oldu\u011funu s\u00f6zlerine ekleyerek \u201c30 A\u011fustos bu y\u00f6n\u00fcyle zaferden \u2013kurulu\u015fa ve devrimlere giden son durakt\u0131r, emperyalistler ve onlar\u0131n i\u015fbirlik\u00e7ileri kar\u015f\u0131s\u0131nda destans\u0131 bir kahramanl\u0131kt\u0131r. Vatan i\u00e7in \u00f6l\u00fcm\u00fcn emir olarak verildi\u011fi g\u00fcnd\u00fcr. Ulusal Bayram olarak 30 A\u011fustos, tarihimizi hat\u0131rlamaktan \u00f6te T\u00fcrk Milleti var olduk\u00e7a ta\u015f\u0131mas\u0131 gerekli olan de\u011ferleri bize kazand\u0131ran bir g\u00fcnd\u00fcr\u201d \u015feklinde konu\u015ftu.<\/p>\n<p style=\"text-align: justify;\"><a href=\"http:\/\/haber.gazetevatan.com\/chpli-inceden-sok-eden--font-color%3drediddiafont-teroristler-icin\/477537\/9\/Siyaset#.UD7O3sHN-Zc\" target=\"_blank\">Kaynak : VATAN Gazetesi<\/a><\/p>\n","protected":false},"excerpt":{"rendered":"<p style=\"text-align: justify;\">\n<p style=\"text-align: justify;\">Fabrikalar\u0131m\u0131zda markas\u0131z mermi \u00fcretiliyor! <\/p>\n<p style=\"text-align: justify;\">CHP Grup Ba\u015fkanvekili ve Yalova Milletvekili Muharrem \u0130nce, Yabanc\u0131 \u00fclkelerin ter\u00f6ristleri i\u00e7in fabrikalarda markas\u0131z mermiler \u00fcretildi\u011fini \u00f6ne s\u00fcrd\u00fc.<\/p>\n<p style=\"text-align: justify;\">&#8220;STRATEJ\u0130K DER\u0130NL\u0130K DE\u011e\u0130L VATANA \u0130HANET\u0130N DER\u0130NL\u0130\u011e\u0130 VAR&#8221; <\/p>\n<p style=\"text-align: justify;\">CHP Grup Ba\u015fkanvekili Yalova Milletvekili Muharrem \u0130nce, 30 A\u011fustos Zafer Bayram\u0131n\u0131n olumsuz ko\u015fullarda <\/p>\n","protected":false},"author":1,"featured_media":0,"comment_status":"open","ping_status":"open","sticky":false,"template":"","format":"standard","meta":{"footnotes":""},"categories":[105],"tags":[],"class_list":["post-54644","post","type-post","status-publish","format-standard","hentry","category-gundem","odd"],"_links":{"self":[{"href":"http:\/\/www.korhanyilmaz.com\/index.php?rest_route=\/wp\/v2\/posts\/54644","targetHints":{"allow":["GET"]}}],"collection":[{"href":"http:\/\/www.korhanyilmaz.com\/index.php?rest_route=\/wp\/v2\/posts"}],"about":[{"href":"http:\/\/www.korhanyilmaz.com\/index.php?rest_route=\/wp\/v2\/types\/post"}],"author":[{"embeddable":true,"href":"http:\/\/www.korhanyilmaz.com\/index.php?rest_route=\/wp\/v2\/users\/1"}],"replies":[{"embeddable":true,"href":"http:\/\/www.korhanyilmaz.com\/index.php?rest_route=%2Fwp%2Fv2%2Fcomments&post=54644"}],"version-history":[{"count":0,"href":"http:\/\/www.korhanyilmaz.com\/index.php?rest_route=\/wp\/v2\/posts\/54644\/revisions"}],"wp:attachment":[{"href":"http:\/\/www.korhanyilmaz.com\/index.php?rest_route=%2Fwp%2Fv2%2Fmedia&parent=54644"}],"wp:term":[{"taxonomy":"category","embeddable":true,"href":"http:\/\/www.korhanyilmaz.com\/index.php?rest_route=%2Fwp%2Fv2%2Fcategories&post=54644"},{"taxonomy":"post_tag","embeddable":true,"href":"http:\/\/www.korhanyilmaz.com\/index.php?rest_route=%2Fwp%2Fv2%2Ftags&post=54644"}],"curies":[{"name":"wp","href":"https:\/\/api.w.org\/{rel}","templated":true}]}}