{"id":54639,"date":"2012-08-29T23:52:02","date_gmt":"2012-08-29T20:52:02","guid":{"rendered":"http:\/\/www.korhanyilmaz.com\/?p=54639"},"modified":"2012-08-30T05:23:21","modified_gmt":"2012-08-30T02:23:21","slug":"esad-bazi-turk-yetkililer-cahil","status":"publish","type":"post","link":"http:\/\/www.korhanyilmaz.com\/?p=54639","title":{"rendered":"Esad: Baz\u0131 T\u00fcrk yetkililer cahil"},"content":{"rendered":"<p style=\"text-align: justify;\"><a href=\"http:\/\/www.korhanyilmaz.com\/wp-content\/uploads\/2012\/08\/H540.jpg\"  class=\"lightview\"><img loading=\"lazy\" decoding=\"async\" class=\"aligncenter size-full wp-image-54640\" title=\"\" src=\"http:\/\/www.korhanyilmaz.com\/wp-content\/uploads\/2012\/08\/H540.jpg\" alt=\"\" width=\"325\" height=\"195\" \/><\/a><\/p>\n<p style=\"text-align: justify;\">Suriye Devlet Ba\u015fkan\u0131 Be\u015far Esad, \u00fclkesinde insani yard\u0131m ama\u00e7l\u0131 tampon b\u00f6lge kurulmas\u0131 fikrinin &#8220;ger\u00e7ek\u00e7i&#8221; olmad\u0131\u011f\u0131n\u0131 s\u00f6yledi. Esad, baz\u0131 T\u00fcrk yetkilileri ise &#8220;cahil&#8221; olarak niteledi.<\/p>\n<p style=\"text-align: justify;\">Rejim yanl\u0131s\u0131 Ed D\u00fcnya televizyonuna konu\u015fan Esad, T\u00fcrkiye taraf\u0131ndan da savunulan g\u00fcvenlikli b\u00f6lge fikrine kar\u015f\u0131 \u00e7\u0131kt\u0131.<\/p>\n<p style=\"text-align: justify;\">\u015eam&#8217;daki ba\u015fkanl\u0131k saray\u0131nda ger\u00e7ekle\u015ftirildi\u011fi belirtilen r\u00f6portajda Esad, &#8220;Birincisi, tampon b\u00f6lge konusu masada de\u011fil. \u0130kincisi, bu hasmane tutumlar i\u00e7indeki \u00fclkeler ve Suriye&#8217;nin d\u00fc\u015fmanlar\u0131 taraf\u0131ndan ortaya at\u0131lan ger\u00e7ek\u00e7i olmayan bir d\u00fc\u015f\u00fcncedir&#8221; dedi.\u00a0<!--more--><\/p>\n<p style=\"text-align: justify;\"><a href=\"http:\/\/www.korhanyilmaz.com\/wp-content\/uploads\/2012\/08\/H542.jpg\"  class=\"lightview\"><img loading=\"lazy\" decoding=\"async\" class=\"alignleft size-full wp-image-54641\" style=\"margin-left: 10px; margin-right: 10px;\" src=\"http:\/\/www.korhanyilmaz.com\/wp-content\/uploads\/2012\/08\/H542.jpg\" alt=\"\" width=\"330\" height=\"198\" \/><\/a>T\u00fcrk h\u00fck\u00fcmetine y\u00f6nelik ele\u015ftirilerini yineleyen Esad, &#8220;Baz\u0131 T\u00fcrk yetkililerin cahillikleri y\u00fcz\u00fcnden geri ad\u0131m m\u0131 ataca\u011f\u0131z?&#8230; T\u00fcrk halk\u0131 bu kriz boyunca bizim arkam\u0131zda durdu&#8221; diye konu\u015ftu.<\/p>\n<p style=\"text-align: justify;\"><strong>ZAMANA \u0130HT\u0130YACIMIZ VAR\u00a0<\/strong><\/p>\n<p style=\"text-align: justify;\">Suriye lideri, tamam\u0131 TS\u0130 21.00&#8217;de yay\u0131nlanacak r\u00f6portajda ayr\u0131ca, muhaliflerle m\u00fccadelede b\u00fcy\u00fck mesafe katettiklerini ancak &#8220;sava\u015f\u0131 kazanmalar\u0131 i\u00e7in&#8221; zamana ihtiya\u00e7lar\u0131 oldu\u011funu belirtti.<\/p>\n<p style=\"text-align: justify;\">Esad, &#8220;Suriye halk\u0131na sesleniyorum. Suriye&#8217;nin kaderi sizlerin elinde. Halk\u0131m\u0131z\u0131n geni\u015f taban\u0131 \u00fclkeyi de koruyor&#8221; dedi.<\/p>\n<p style=\"text-align: justify;\"><strong>DAVUTO\u011eLU&#8217;NDAN BM&#8217;YE \u00c7A\u011eRI<\/strong><\/p>\n<p style=\"text-align: justify;\">\u00a0New York&#8217;ta yar\u0131n ger\u00e7ekle\u015ftirilecek Birle\u015fmi\u015f Milletler (BM) G\u00fcvenlik Konseyi toplant\u0131s\u0131na kat\u0131lmak \u00fczere yola \u00e7\u0131kan D\u0131\u015fi\u015fleri Bakan\u0131 Ahmet Davuto\u011flu, Suriye&#8217;deki \u00e7at\u0131\u015fmalardan ka\u00e7anlar i\u00e7in bu \u00fclkenin s\u0131n\u0131rlar\u0131 i\u00e7inde kamplar olu\u015fturulmas\u0131 i\u00e7in BM&#8217;yi g\u00f6reve \u00e7a\u011f\u0131rd\u0131.<\/p>\n<p style=\"text-align: justify;\">Hali haz\u0131rda 80 binden fazla Suriyeli s\u0131\u011f\u0131nmac\u0131ya ev sahipli\u011fi yapan T\u00fcrkiye&#8217;nin \u00fczerine d\u00fc\u015fen g\u00f6revi yapmay\u0131 s\u00fcrd\u00fcrece\u011fini belirten Davuto\u011flu, &#8220;Yar\u0131n s\u0131n\u0131rlar\u0131m\u0131z\u0131n \u00f6tesinde onbinlerce insan birikti\u011finde, ki birikebilir, i\u00e7eride biz kamplar\u0131 kurma s\u00fcrecindeyken bir taraftan da olaylar s\u00fcr\u00fcyor ve ayr\u0131ca Suriye i\u00e7ine de yo\u011fun insani yard\u0131m, g\u0131da, ila\u00e7 g\u00f6nderme \u00e7abas\u0131 i\u00e7indeyiz. Suriye i\u00e7inde bu s\u0131\u011f\u0131nmac\u0131lar\u0131n korunmas\u0131 ve orada m\u00fcmk\u00fcnse kamplarda bar\u0131nd\u0131r\u0131lmas\u0131 konusunda BM&#8217;nin devreye girmesini bekliyoruz. Buna uygun y\u00f6ntemlerin, modalitelerin geli\u015ftirilmesi laz\u0131m ki bu mesele Suriye&#8217;den d\u0131\u015far\u0131ya ihra\u00e7 edilen bir sorun olmaktan \u00e7\u0131ks\u0131n&#8221; dedi.<\/p>\n<p style=\"text-align: justify;\">Bakan Davuto\u011flu, bu \u00e7er\u00e7evede BM&#8217;nin ilgili yetkilileri ile g\u00f6r\u00fc\u015fmelerinin s\u00fcrd\u00fc\u011f\u00fcn\u00fc s\u00f6yleyerek, BM Genel Sekreter Yard\u0131mc\u0131s\u0131 Valerie Amos ile s\u0131k s\u0131k telefonda g\u00f6r\u00fc\u015ft\u00fc\u011f\u00fcn\u00fc, M\u00fclteciler Y\u00fcksek Komiseri Antonio Guterres&#8217;in de yine T\u00fcrkiye&#8217;ye gelece\u011fini bildirdi. Davuto\u011flu, bundan sonra bu konuda daha somut ad\u0131mlar at\u0131lmas\u0131n\u0131 beklediklerini yineledi.<\/p>\n<p style=\"text-align: justify;\"><strong>RUSYA VE \u00c7\u0130N SO\u011eUK BAKIYOR\u00a0<\/strong><\/p>\n<p style=\"text-align: justify;\">D\u0131\u015fi\u015fleri Bakan\u0131 Davuto\u011flu, ge\u00e7ti\u011fimiz haftalarda, T\u00fcrkiye&#8217;deki m\u00fclteci say\u0131s\u0131n\u0131n 100 bine ula\u015fmas\u0131 halinde Suriye s\u0131n\u0131rlar\u0131 i\u00e7inde g\u00fcvenlikli b\u00f6lge olu\u015fumunun s\u00f6z konusu olaca\u011f\u0131n\u0131 belirtmi\u015fti.<\/p>\n<p style=\"text-align: justify;\">T\u00fcrkiye\u2019nin, BM G\u00fcvenlik Konseyi&#8217;ndeki Suriye toplant\u0131s\u0131nda \u201cg\u00fcvenlikli b\u00f6lge\u201d talebini dile getirmesi bekleniyor. BM G\u00fcvenlik Konseyi daimi \u00fcyeleri Rusya ve \u00c7in&#8217;in \u015fu a\u015famada tampon b\u00f6lgeye s\u0131cak bakmad\u0131\u011f\u0131, ABD&#8217;nin de temkinli yakla\u015ft\u0131\u011f\u0131 belirtiliyor.<\/p>\n<p style=\"text-align: justify;\">Fransa Cumhurba\u015fkan\u0131 Fran\u00e7ois Hollande ise \u00f6nceki g\u00fcn yapt\u0131\u011f\u0131 a\u00e7\u0131klamada, \u201cm\u00fcttefik \u00fclkelerle birlikte T\u00fcrkiye&#8217;nin \u00f6nerdi\u011fi tampon b\u00f6lge kurulmas\u0131 \u00f6nerisi \u00fczerinde \u00e7al\u0131\u015ft\u0131klar\u0131n\u0131\u201d s\u00f6ylemi\u015fti.<\/p>\n<p style=\"text-align: justify;\"><a href=\"http:\/\/www.hurriyet.com.tr\/planet\/21330235.asp\" target=\"_blank\">Kaynak : H\u00fcrriyet.com.tr\u00a0<\/a><\/p>\n","protected":false},"excerpt":{"rendered":"<p style=\"text-align: justify;\">\n<p style=\"text-align: justify;\">Suriye Devlet Ba\u015fkan\u0131 Be\u015far Esad, \u00fclkesinde insani yard\u0131m ama\u00e7l\u0131 tampon b\u00f6lge kurulmas\u0131 fikrinin &#8220;ger\u00e7ek\u00e7i&#8221; olmad\u0131\u011f\u0131n\u0131 s\u00f6yledi. Esad, baz\u0131 T\u00fcrk yetkilileri ise &#8220;cahil&#8221; olarak niteledi.<\/p>\n<p style=\"text-align: justify;\">Rejim yanl\u0131s\u0131 Ed D\u00fcnya televizyonuna konu\u015fan Esad, T\u00fcrkiye taraf\u0131ndan da savunulan g\u00fcvenlikli b\u00f6lge fikrine kar\u015f\u0131 \u00e7\u0131kt\u0131.<\/p>\n<p style=\"text-align: justify;\">\u015eam&#8217;daki ba\u015fkanl\u0131k saray\u0131nda ger\u00e7ekle\u015ftirildi\u011fi belirtilen r\u00f6portajda <\/p>\n","protected":false},"author":1,"featured_media":0,"comment_status":"open","ping_status":"open","sticky":false,"template":"","format":"standard","meta":{"footnotes":""},"categories":[105],"tags":[],"class_list":["post-54639","post","type-post","status-publish","format-standard","hentry","category-gundem","odd"],"_links":{"self":[{"href":"http:\/\/www.korhanyilmaz.com\/index.php?rest_route=\/wp\/v2\/posts\/54639","targetHints":{"allow":["GET"]}}],"collection":[{"href":"http:\/\/www.korhanyilmaz.com\/index.php?rest_route=\/wp\/v2\/posts"}],"about":[{"href":"http:\/\/www.korhanyilmaz.com\/index.php?rest_route=\/wp\/v2\/types\/post"}],"author":[{"embeddable":true,"href":"http:\/\/www.korhanyilmaz.com\/index.php?rest_route=\/wp\/v2\/users\/1"}],"replies":[{"embeddable":true,"href":"http:\/\/www.korhanyilmaz.com\/index.php?rest_route=%2Fwp%2Fv2%2Fcomments&post=54639"}],"version-history":[{"count":0,"href":"http:\/\/www.korhanyilmaz.com\/index.php?rest_route=\/wp\/v2\/posts\/54639\/revisions"}],"wp:attachment":[{"href":"http:\/\/www.korhanyilmaz.com\/index.php?rest_route=%2Fwp%2Fv2%2Fmedia&parent=54639"}],"wp:term":[{"taxonomy":"category","embeddable":true,"href":"http:\/\/www.korhanyilmaz.com\/index.php?rest_route=%2Fwp%2Fv2%2Fcategories&post=54639"},{"taxonomy":"post_tag","embeddable":true,"href":"http:\/\/www.korhanyilmaz.com\/index.php?rest_route=%2Fwp%2Fv2%2Ftags&post=54639"}],"curies":[{"name":"wp","href":"https:\/\/api.w.org\/{rel}","templated":true}]}}