{"id":54634,"date":"2012-08-30T00:10:48","date_gmt":"2012-08-29T21:10:48","guid":{"rendered":"http:\/\/www.korhanyilmaz.com\/?p=54634"},"modified":"2012-08-30T10:41:06","modified_gmt":"2012-08-30T07:41:06","slug":"akan-kanin-sorumlusu-turk-hukumeti","status":"publish","type":"post","link":"http:\/\/www.korhanyilmaz.com\/?p=54634","title":{"rendered":"Akan kan\u0131n sorumlusu T\u00fcrk h\u00fck\u00fcmeti"},"content":{"rendered":"<p style=\"text-align: justify;\"><a href=\"http:\/\/www.korhanyilmaz.com\/wp-content\/uploads\/2012\/08\/H539.jpg\"  class=\"lightview\"><img loading=\"lazy\" decoding=\"async\" class=\"aligncenter size-full wp-image-54635\" title=\"\" src=\"http:\/\/www.korhanyilmaz.com\/wp-content\/uploads\/2012\/08\/H539.jpg\" alt=\"\" width=\"332\" height=\"199\" \/><\/a><\/p>\n<p style=\"text-align: justify;\">Suriye Devlet Ba\u015fkan\u0131 Be\u015far Esad\u2019\u0131n, \u00e7o\u011funluk hissesi kuzeni Rami Mahluf\u2019a ait olan \u201c\u00f6zel\u201d D\u00fcnya televizyonuna verdi\u011fi bir deme\u00e7 d\u00fcn yay\u0131nland\u0131.<\/p>\n<p style=\"text-align: justify;\">\u201cB\u00f6lgesel ve k\u00fcresel bir sava\u015f y\u00fcr\u00fct\u00fcyoruz. Kazanmak i\u00e7in zamana ihtiyac\u0131m\u0131z var\u201d diyen <span style=\"text-decoration: underline;\">Esad, \u00fclkesindeki durum konusunda T\u00fcrkiye\u2019yi su\u00e7lamaya devam etti.<\/span> Esad, \u201c<strong><span style=\"text-decoration: underline;\">Suriye\u2019de akan kanda T\u00fcrkiye\u2019nin do\u011frudan sorumlulu\u011fu var<\/span><\/strong>\u201d dedi. Muhaliflerin saf\u0131na ge\u00e7enleri engellemeyeceklerini de s\u00f6yleyen Esad, b\u00f6ylece devletin, yurdunu sevmeyenlerden temizlenece\u011fini de iddia etti.<!--more--><\/p>\n<p style=\"text-align: justify;\">Esad, T\u00fcrkiye\u2019nin bug\u00fcn Birle\u015fmi\u015f Milletler nezdinde seslendirece\u011fi, Suriye i\u00e7inde m\u00fclteciler i\u00e7in \u201cg\u00fcvenlikli b\u00f6lge\u201d olu\u015fturulmas\u0131n\u0131 \u00f6ng\u00f6ren teklifini \u201cBu konu pratik de\u011fil. Suriye\u2019ye kar\u015f\u0131 hasmane bir rol oynayan \u00fclkeler i\u00e7in bile bu b\u00f6yle\u201d diye yorumlad\u0131. Muhabirin, bir s\u00fcredir halk i\u00e7ine \u00e7\u0131kmamas\u0131 nedeniyle \u201cNeredesiniz\u201d sorusuna g\u00fclerek yan\u0131t veren Esad, \u201cBuraday\u0131m, sizinle st\u00fcdyoda oturuyorum\u201d ifadesini kullan\u0131rken rahat g\u00f6r\u00fcnd\u00fc. Esad, T\u00fcrkiye ile h\u0131zla k\u00f6t\u00fcle\u015fen ili\u015fkilere de\u011finirken ise \u201cBaz\u0131 T\u00fcrk yetkililerin cehaleti y\u00fcz\u00fcnden geriye mi gidece\u011fiz? T\u00fcrk halk\u0131 kriz s\u00fcresince bizim yan\u0131m\u0131zda\u201d dedi.<\/p>\n<p style=\"text-align: justify;\"><strong>ABD: \u00d6nceli\u011fimiz T\u00fcrkiye\u2019ye destek vermek\u00a0<\/strong><\/p>\n<p style=\"text-align: justify;\">ABD D\u0131\u015fi\u015fleri Bakanl\u0131\u011f\u0131 S\u00f6zc\u00fcs\u00fc Victoria Nuland, g\u00fcnl\u00fck bas\u0131n brifinginde bir gazetecinin, \u201cT\u00fcrkiye\u2019nin, Suriye i\u00e7erisinde emniyetli b\u00f6lge olu\u015fturulmas\u0131 teklifine dair duru\u015funuz nedir?\u201d sorusunu yan\u0131tlad\u0131. S\u00f6zc\u00fc Nuland, \u201cT\u00fcrkiye\u2019ye deste\u011fe odaklanm\u0131\u015f durumday\u0131z; bunun, k\u0131sa vadede emniyet ve g\u00fcvenli\u011fi sa\u011flaman\u0131n en iyi yolu olaca\u011f\u0131n\u0131 d\u00fc\u015f\u00fcn\u00fcyoruz\u201d dedi. ABD D\u0131\u015fi\u015fleri Bakanl\u0131\u011f\u0131 \u201cm\u00fcltecilerin say\u0131s\u0131n\u0131 art\u0131rabilmesi ve BM\u2019den daha fazla yard\u0131m g\u00f6rmesi i\u00e7in T\u00fcrkiye\u2019ye yard\u0131mc\u0131 olma ve destek verme \u00fczerinde oldu\u011funu\u201d s\u00f6yledi.<\/p>\n<p style=\"text-align: justify;\"><a href=\"http:\/\/www.hurriyet.com.tr\/planet\/21337622.asp\" target=\"_blank\">Kaynak : H\u00fcrriyet.com.tr<\/a><\/p>\n","protected":false},"excerpt":{"rendered":"<p style=\"text-align: justify;\">\n<p style=\"text-align: justify;\">Suriye Devlet Ba\u015fkan\u0131 Be\u015far Esad\u2019\u0131n, \u00e7o\u011funluk hissesi kuzeni Rami Mahluf\u2019a ait olan \u201c\u00f6zel\u201d D\u00fcnya televizyonuna verdi\u011fi bir deme\u00e7 d\u00fcn yay\u0131nland\u0131.<\/p>\n<p style=\"text-align: justify;\">\u201cB\u00f6lgesel ve k\u00fcresel bir sava\u015f y\u00fcr\u00fct\u00fcyoruz. Kazanmak i\u00e7in zamana ihtiyac\u0131m\u0131z var\u201d diyen Esad, \u00fclkesindeki durum konusunda T\u00fcrkiye\u2019yi su\u00e7lamaya devam etti. Esad, \u201cSuriye\u2019de akan kanda T\u00fcrkiye\u2019nin do\u011frudan sorumlulu\u011fu var\u201d <\/p>\n","protected":false},"author":1,"featured_media":0,"comment_status":"open","ping_status":"open","sticky":false,"template":"","format":"standard","meta":{"footnotes":""},"categories":[105],"tags":[],"class_list":["post-54634","post","type-post","status-publish","format-standard","hentry","category-gundem","odd"],"_links":{"self":[{"href":"http:\/\/www.korhanyilmaz.com\/index.php?rest_route=\/wp\/v2\/posts\/54634","targetHints":{"allow":["GET"]}}],"collection":[{"href":"http:\/\/www.korhanyilmaz.com\/index.php?rest_route=\/wp\/v2\/posts"}],"about":[{"href":"http:\/\/www.korhanyilmaz.com\/index.php?rest_route=\/wp\/v2\/types\/post"}],"author":[{"embeddable":true,"href":"http:\/\/www.korhanyilmaz.com\/index.php?rest_route=\/wp\/v2\/users\/1"}],"replies":[{"embeddable":true,"href":"http:\/\/www.korhanyilmaz.com\/index.php?rest_route=%2Fwp%2Fv2%2Fcomments&post=54634"}],"version-history":[{"count":0,"href":"http:\/\/www.korhanyilmaz.com\/index.php?rest_route=\/wp\/v2\/posts\/54634\/revisions"}],"wp:attachment":[{"href":"http:\/\/www.korhanyilmaz.com\/index.php?rest_route=%2Fwp%2Fv2%2Fmedia&parent=54634"}],"wp:term":[{"taxonomy":"category","embeddable":true,"href":"http:\/\/www.korhanyilmaz.com\/index.php?rest_route=%2Fwp%2Fv2%2Fcategories&post=54634"},{"taxonomy":"post_tag","embeddable":true,"href":"http:\/\/www.korhanyilmaz.com\/index.php?rest_route=%2Fwp%2Fv2%2Ftags&post=54634"}],"curies":[{"name":"wp","href":"https:\/\/api.w.org\/{rel}","templated":true}]}}