{"id":54622,"date":"2012-08-29T16:30:16","date_gmt":"2012-08-29T13:30:16","guid":{"rendered":"http:\/\/www.korhanyilmaz.com\/?p=54622"},"modified":"2012-08-30T03:46:33","modified_gmt":"2012-08-30T00:46:33","slug":"hakkimizi-helal-etmiyoruz","status":"publish","type":"post","link":"http:\/\/www.korhanyilmaz.com\/?p=54622","title":{"rendered":"&#8216;Hakk\u0131m\u0131z\u0131 helal etmiyoruz!&#8217;"},"content":{"rendered":"<p style=\"text-align: center;\"><a href=\"http:\/\/www.korhanyilmaz.com\/wp-content\/uploads\/2012\/08\/H533.jpg\"  class=\"lightview\"><img loading=\"lazy\" decoding=\"async\" class=\"aligncenter  wp-image-54623\" src=\"http:\/\/www.korhanyilmaz.com\/wp-content\/uploads\/2012\/08\/H533.jpg\" alt=\"\" width=\"434\" height=\"217\" \/><\/a><\/p>\n<p style=\"text-align: justify;\">\u015eehit askerin babas\u0131ndan tepkili mesaj&#8230;<\/p>\n<p style=\"text-align: justify;\">HAKKAR\u0130\u2019nin \u00c7ukurca \u0130l\u00e7esi\u2019nde K\u00f6pr\u00fcl\u00fc Jandarma Tabur Komutanl\u0131\u011f\u0131\u2019na 1 Eyl\u00fcl 2006 tarihinde yap\u0131lan PKK sald\u0131r\u0131s\u0131nda \u015fehit d\u00fc\u015fen Aste\u011fmen Zeki Burak Okay\u2019\u0131n \u00f6l\u00fcm haberini ald\u0131ktan sonra, &#8220;Vatan sa\u011f olmas\u0131n. Hakk\u0131m\u0131z\u0131 helal etmiyoruz&#8221; diyen babas\u0131 Sezai Okay, o\u011flunun 6\u2019nc\u0131 \u00f6l\u00fcm y\u0131ld\u00f6n\u00fcm\u00fcnde mezar\u0131 ba\u015f\u0131nda d\u00fczenleyece\u011fi mevlit i\u00e7in yak\u0131nlar\u0131na SMS ile davet g\u00f6nderdi. Okay, g\u00f6nderdi\u011fi SMS\u2019te &#8220;Hakk\u0131m\u0131z\u0131 \u00f6l\u00fcnceye kadar ve \u00f6ld\u00fckten sonra da helal etmeyece\u011fiz&#8221; ifadelerini kulland\u0131.\u00a0<!--more--><\/p>\n<p style=\"text-align: justify;\">O\u011fullar\u0131 Zeki Burak Okay\u2019\u0131n \u00f6l\u00fcm\u00fcn\u00fcn ard\u0131ndan CHP\u2019den milletvekili aday aday\u0131 olan ve daha sonra da T\u00fcrkiye Harp Malul\u00fc Gaziler ve \u015eehit Aileleri Genel Merkezi \u0130kinci Ba\u015fkanl\u0131\u011f\u0131 g\u00f6revine se\u00e7ilen Sezai Okay ile e\u015fi Neriman Okay, 1 Eyl\u00fcl tarihinde \u015fehitlikte d\u00fczelenecek mevlit ile ilgili yak\u0131nlar\u0131na SMS ile davette bulundu. Okay \u00e7ifti g\u00f6nderdi\u011fi mesajda yine haklar\u0131n\u0131 helal etmeyeceklerini dile getirip \u015fu ifadelere yer verdi:<\/p>\n<p style=\"text-align: justify;\">&#8220;1 Eyl\u00fcl 2006 tarihinde HAKKAR\u0130\/\u00c7UKURCA K\u00f6pr\u00fcl\u00fc S\u0131n\u0131r Taburu\u2019nda ASTE\u011eMEN olarak g\u00f6revli iken Susuz \u00fcst b\u00f6lgesinde, tak\u0131m\u0131 ile gece n\u00f6beti s\u0131ras\u0131nda PKK\u2019n\u0131n hain sald\u0131r\u0131s\u0131 sonucu \u015eEH\u0130T d\u00fc\u015fen, biricik o\u011flumuz, yavrumuz, kuzumuz ZEK\u0130 Burak Okay\u2019\u0131 6 y\u0131l \u00f6nce kaybetmi\u015ftik. \u00d6l\u00fcm\u00fcn\u00fcn ard\u0131ndan da \u015funlar\u0131 s\u00f6ylemi\u015ftik. \u2019HAKKIMIZI HELAL ETM\u0130YORUZ\u2019&#8230;! <span style=\"text-decoration: underline;\">Hakk\u0131m\u0131z\u0131 helal etmediklerimiz; 1- \u00dclkemizi b\u00f6l\u00fcp par\u00e7alamaya \u00e7al\u0131\u015fanlar, 2- \u015eehit kanlar\u0131 ile sulanan bu vatan topraklar\u0131n\u0131 ona buna satanlar, 3- Yetim hakk\u0131 yiyenler, 4- Sudan sebepten \u00e7ocuklar\u0131n\u0131 askere g\u00f6ndermeyenler.<\/span> Hakk\u0131m\u0131z\u0131 \u00f6l\u00fcnceye kadar ve \u00f6ld\u00fckten sonra da helal etmeyece\u011fiz. Yavrumuzun \u00f6l\u00fcm\u00fcn\u00fcn 6\u2019nc\u0131 y\u0131l\u0131 mevlidinde sizleri de aram\u0131zda g\u00f6rmek istiyoruz. Saat: Ak\u015fam ve yats\u0131 namaz\u0131 aras\u0131 (20.15) Yer \u0130hsaniye CAM\u0130\u0130 (Vergi Dairesi Tarih: 01. EYL\u00dcL 2012 Cumartesi. Ayn\u0131 g\u00fcn mezar\u0131 ba\u015f\u0131nda saat 11\u2019de an\u0131lacak. SEZA\u0130-NER\u0130MAN OKAY.&#8221;<\/p>\n<p style=\"text-align: justify;\"><strong>\u015eEH\u0130T Y\u00dcZBA\u015eI KIRICI\u2019YA SON G\u00d6REV\u00a0<\/strong><\/p>\n<p style=\"text-align: justify;\">HAKKAR\u0130\u2019nin Y\u00fcksekova il\u00e7esi Da\u011fl\u0131ca b\u00f6lgesinde helikopter kazas\u0131nda yaralanan ve tedavi g\u00f6rd\u00fc\u011f\u00fc GATA\u2019dan 20 g\u00fcn \u00f6nce taburcu olan ve d\u00fcn rahats\u0131zlanarak Gazi \u00dcniversitesi Hastanesi\u2019ne kald\u0131r\u0131l\u0131rken ambulansta ya\u015fam\u0131n\u0131 yitiren Y\u00fczba\u015f\u0131 Bar\u0131\u015f K\u0131r\u0131c\u0131, son yolculu\u011funa t\u00f6renle u\u011furland\u0131. Baba Hayri K\u0131r\u0131c\u0131, o\u011flunun T\u00fcrk bayra\u011f\u0131na sar\u0131l\u0131 tubutu askerlerin omuzunda ta\u015f\u0131n\u0131rken arkas\u0131ndan tutarak y\u00fcr\u00fcd\u00fc.<\/p>\n<p style=\"text-align: justify;\">\u015eehit Y\u00fczba\u015f\u0131 K\u0131r\u0131c\u0131 i\u00e7in Kocatepe Camisi\u2019nde \u00f6\u011fle vakti cenaze t\u00f6reni d\u00fczenlendi. T\u00f6rene \u015fehidin annesi Birg\u00fcl, Babas\u0131 Hayri, karde\u015fi Meri\u00e7, s\u00f6zl\u00fcs\u00fc Nurgin ve yak\u0131nlar\u0131n\u0131n yan\u0131 s\u0131ra TBMM Ba\u015fkan\u0131 Cemil \u00c7i\u00e7ek, Genelkurmay Ba\u015fkan\u0131 Orgeneral Necdet \u00d6zel, Ba\u015fbakan Yard\u0131mc\u0131s\u0131 B\u00fclent Ar\u0131n\u00e7, Milli Savunma Bakan\u0131 \u0130smet Y\u0131lmaz, Kara Kuvvetleri Komutan\u0131 Orgeneral Hayri K\u0131vr\u0131ko\u011flu, Deniz Kuvvetleri Komutan\u0131 Oramiral Murat Bilgel, Hava Kuvvetleri Komutan\u0131 Orgeneral Mehmet Erten, Jandarma Genel Komutan\u0131 Orgeneral Bekir Kalyoncu, Cumhurba\u015fkanl\u0131\u011f\u0131 Genel Sekreteri Mustafa \u0130sen, MHP Genel Ba\u015fkan\u0131 Devlet Bah\u00e7eli, BBP Genel Ba\u015fkan\u0131 Mustafa Destici, CHP Genel Ba\u015fkan Yard\u0131mc\u0131lar\u0131 Adnan Keskin ve Faik \u00d6ztrak kat\u0131ld\u0131.<\/p>\n<p style=\"text-align: justify;\">Cenaze namaz\u0131n\u0131n ard\u0131ndan \u015eehit Y\u00fczba\u015f\u0131 K\u0131r\u0131c\u0131\u2019n\u0131n T\u00fcrk bayra\u011f\u0131na sar\u0131l\u0131 tabutu top arabas\u0131na konulmak \u00fczere askerlerin omzunda g\u00f6t\u00fcr\u00fcl\u00fcrken, baba Hayri K\u0131r\u0131c\u0131 o\u011flunun tabutunun arkas\u0131ndan tutarak bir an olsun yaln\u0131z b\u0131rakmad\u0131. Anne Birg\u00fcl, karde\u015fi Meri\u00e7 ile ni\u015fanl\u0131s\u0131 Nurgin de \u015fehit K\u0131rc\u0131\u2019n\u0131n cenazesinin arkas\u0131ndan birbirlerine sar\u0131larak y\u00fcr\u00fcd\u00fc. \u015eehit Y\u00fczba\u015f\u0131 K\u0131r\u0131c\u0131, Cebeci \u015eehitli\u011fi\u2019nde topra\u011fa verildi.<\/p>\n<p style=\"text-align: justify;\"><strong>20 G\u00dcN \u00d6NCE TABURCU ED\u0130LM\u0130\u015e\u00a0<\/strong><\/p>\n<p style=\"text-align: justify;\">\u015eehit Y\u00fczba\u015f\u0131 Bar\u0131\u015f K\u0131r\u0131c\u0131\u2019n\u0131n aile yak\u0131nlar\u0131, Da\u011fl\u0131ca\u2019da 22 Temmuz\u2019da S-70 Skorsky tipi helikopter ile ini\u015fe ge\u00e7ti\u011fi s\u0131rada d\u00fc\u015ft\u00fc\u011f\u00fcn\u00fc ve kaza sonucu 5 askerin \u015fehit oldu\u011funu, 8 askerin de yaraland\u0131\u011f\u0131n\u0131 hat\u0131rlatt\u0131. \u015eehit Y\u00fczba\u015f\u0131 K\u0131rc\u0131\u2019n\u0131n, 22 Temmuz\u2019dan 7 A\u011fustos tarihine kadar GATA\u2019da tedavi oldu\u011funu, kaburgalar\u0131nda k\u0131r\u0131klar\u0131n, akci\u011fer embolisi oldu\u011fu halde bu tarihte taburcu edilerek evinde tedavisinin s\u00fcrd\u00fc\u011f\u00fcn\u00fc s\u00f6ylediler.<\/p>\n<p style=\"text-align: justify;\">Yak\u0131nlar\u0131, evinde tedavi g\u00f6ren Y\u00fczba\u015f\u0131 Bar\u0131\u015f K\u0131r\u0131c\u0131\u2019n\u0131n 27 A\u011fustos g\u00fcn\u00fc akci\u011fer embolisi sonucu rahats\u0131zland\u0131\u011f\u0131n\u0131, 112 Acil Servis g\u00f6revlileri taraf\u0131ndan ambulansla Gazi \u00dcniversitesi Hastanesi\u2019ne g\u00f6t\u00fcr\u00fcl\u00fcrken yolda ya\u015fam\u0131n\u0131 yitirdi\u011fini kaydetti.<\/p>\n<p style=\"text-align: justify;\"><a href=\"http:\/\/haber.gazetevatan.com\/hakkimizi-helal-etmiyoruz\/477564\/1\/G%C3%BCndem#.UD62xsHN-Zc\" target=\"_blank\">Kaynak : VATAN Gazetesi<\/a><\/p>\n","protected":false},"excerpt":{"rendered":"<p style=\"text-align: center;\">\n<p style=\"text-align: justify;\">\u015eehit askerin babas\u0131ndan tepkili mesaj&#8230;<\/p>\n<p style=\"text-align: justify;\">HAKKAR\u0130\u2019nin \u00c7ukurca \u0130l\u00e7esi\u2019nde K\u00f6pr\u00fcl\u00fc Jandarma Tabur Komutanl\u0131\u011f\u0131\u2019na 1 Eyl\u00fcl 2006 tarihinde yap\u0131lan PKK sald\u0131r\u0131s\u0131nda \u015fehit d\u00fc\u015fen Aste\u011fmen Zeki Burak Okay\u2019\u0131n \u00f6l\u00fcm haberini ald\u0131ktan sonra, &#8220;Vatan sa\u011f olmas\u0131n. Hakk\u0131m\u0131z\u0131 helal etmiyoruz&#8221; diyen babas\u0131 Sezai Okay, o\u011flunun 6\u2019nc\u0131 \u00f6l\u00fcm y\u0131ld\u00f6n\u00fcm\u00fcnde mezar\u0131 ba\u015f\u0131nda d\u00fczenleyece\u011fi mevlit i\u00e7in <\/p>\n","protected":false},"author":1,"featured_media":0,"comment_status":"open","ping_status":"open","sticky":false,"template":"","format":"standard","meta":{"footnotes":""},"categories":[105],"tags":[],"class_list":["post-54622","post","type-post","status-publish","format-standard","hentry","category-gundem","odd"],"_links":{"self":[{"href":"http:\/\/www.korhanyilmaz.com\/index.php?rest_route=\/wp\/v2\/posts\/54622","targetHints":{"allow":["GET"]}}],"collection":[{"href":"http:\/\/www.korhanyilmaz.com\/index.php?rest_route=\/wp\/v2\/posts"}],"about":[{"href":"http:\/\/www.korhanyilmaz.com\/index.php?rest_route=\/wp\/v2\/types\/post"}],"author":[{"embeddable":true,"href":"http:\/\/www.korhanyilmaz.com\/index.php?rest_route=\/wp\/v2\/users\/1"}],"replies":[{"embeddable":true,"href":"http:\/\/www.korhanyilmaz.com\/index.php?rest_route=%2Fwp%2Fv2%2Fcomments&post=54622"}],"version-history":[{"count":0,"href":"http:\/\/www.korhanyilmaz.com\/index.php?rest_route=\/wp\/v2\/posts\/54622\/revisions"}],"wp:attachment":[{"href":"http:\/\/www.korhanyilmaz.com\/index.php?rest_route=%2Fwp%2Fv2%2Fmedia&parent=54622"}],"wp:term":[{"taxonomy":"category","embeddable":true,"href":"http:\/\/www.korhanyilmaz.com\/index.php?rest_route=%2Fwp%2Fv2%2Fcategories&post=54622"},{"taxonomy":"post_tag","embeddable":true,"href":"http:\/\/www.korhanyilmaz.com\/index.php?rest_route=%2Fwp%2Fv2%2Ftags&post=54622"}],"curies":[{"name":"wp","href":"https:\/\/api.w.org\/{rel}","templated":true}]}}