{"id":54611,"date":"2012-08-29T20:52:26","date_gmt":"2012-08-29T17:52:26","guid":{"rendered":"http:\/\/www.korhanyilmaz.com\/?p=54611"},"modified":"2012-08-30T03:30:00","modified_gmt":"2012-08-30T00:30:00","slug":"pkk-barikat-kurdu-kamyonlari-yakti","status":"publish","type":"post","link":"http:\/\/www.korhanyilmaz.com\/?p=54611","title":{"rendered":"PKK barikat kurdu, kamyonlar\u0131 yakt\u0131!"},"content":{"rendered":"<p style=\"text-align: center;\"><a href=\"http:\/\/www.korhanyilmaz.com\/wp-content\/uploads\/2012\/08\/H529.jpg\"  class=\"lightview\"><img loading=\"lazy\" decoding=\"async\" class=\"aligncenter  wp-image-54612\" src=\"http:\/\/www.korhanyilmaz.com\/wp-content\/uploads\/2012\/08\/H529.jpg\" alt=\"\" width=\"434\" height=\"217\" \/><\/a><\/p>\n<p style=\"text-align: justify;\">Tunceli \u2013Erzincan karayolunu d\u00fcn ak\u015fam saat 19.30 sular\u0131nda barikat kurarak yol kesen PKK\u2019l\u0131lar yoldan ge\u00e7en biri akaryak\u0131t tankeri olmak \u00fczere 4 TIR\u2019\u0131 ate\u015fe vererek yakt\u0131.<\/p>\n<p style=\"text-align: justify;\">Tunceli-Erzincan karayolunu 15. kilometresinde S\u00f6\u011f\u00fctl\u00fc\u00e7e\u015fme mevkiinde yol kesen 10 ki\u015filik PKK\u2019l\u0131 grup yoldan ge\u00e7en bir\u00e7ok arac\u0131 durdurup kimlik kontrol\u00fc yapt\u0131ktan sonra ara\u00e7 i\u00e7inde bulunan vatanda\u015flar\u0131 bir araya toplayarak bir s\u00fcre \u00f6rg\u00fct propagandas\u0131 yapt\u0131. PKK&#8217;l\u0131lar k\u00fc\u00e7\u00fck ara\u00e7lar\u0131n ge\u00e7i\u015fine izin verip durdurduklar\u0131 1 yak\u0131t tankeri ile birlikte toplam 4 TIR\u2019\u0131 yol ortas\u0131nda ate\u015fe vererek b\u00f6lgeden uzakla\u015ft\u0131.\u00a0<!--more--><\/p>\n<p style=\"text-align: justify;\">PKK\u2019l\u0131lar\u0131n ete\u015fe verdi\u011fi t\u0131rlar i\u00e7inde yan\u0131c\u0131 madde bulunmas\u0131 nedeniyle alevlerin \u00e7evreye yay\u0131lmas\u0131 sonucu b\u00f6lgede orman yang\u0131n\u0131 da ba\u015flad\u0131. Yol kenar\u0131nda yak\u0131lan TIR\u2019lardan ormanl\u0131k alana s\u0131\u00e7rayan yang\u0131n giderek b\u00fcy\u00fck bir alana yay\u0131ld\u0131.<\/p>\n<p style=\"text-align: justify;\">Olay\u0131n jandarma ekiplerine bildirilmesinden sonra Tunceli jandarma b\u00f6lge komutanl\u0131\u011f\u0131ndan havalanan 2 kobra helikopteri b\u00f6lge \u00fczerinde uzun s\u00fcre ke\u015fif u\u00e7u\u015fu yapt\u0131ktan sonra skorski helikopterleri 4.Komando Tugay\u0131ndan ald\u0131klar\u0131 profesyonel askerleri stratejik tepelere b\u0131rakarak b\u00f6lgede operasyon ba\u015flat\u0131ld\u0131.<\/p>\n<p style=\"text-align: justify;\"><strong>KARADAN ASKER SEVKED\u0130LD\u0130\u00a0<\/strong><\/p>\n<p style=\"text-align: justify;\">Tunceli 4 komando tugay\u0131ndan z\u0131rhl\u0131 ara\u00e7lar ile b\u00f6lgeye \u00e7ok say\u0131da \u00f6zel e\u011fitimli birlik sevk edildi. 4 TIR\u2019\u0131n yak\u0131ld\u0131\u011f\u0131 b\u00f6lgede zaman zaman yo\u011fun silah seslerinin geldi\u011fi belirtiliyor ancak b\u00f6lgede ya\u015fanan \u00e7at\u0131\u015fma ve operasyonlar ile ilgili \u015fu ana kadar resmi bir a\u00e7\u0131klama yap\u0131lmad\u0131.<\/p>\n<p style=\"text-align: justify;\"><strong>KAHRAMANMARA\u015e&#8217;TA 1 ASKER A\u011eIR YARALI\u00a0<\/strong><\/p>\n<p style=\"text-align: justify;\">\u00d6te yandan Kahramanmara\u015f&#8217;\u0131n Pazarc\u0131k \u0130l\u00e7esi\u2019nde devriye g\u00f6revi yapan askeri arac\u0131n ge\u00e7i\u015fi s\u0131ras\u0131nda yola d\u00f6\u015fenmi\u015f patlay\u0131c\u0131 uzaktan kumandayla patlat\u0131ld\u0131. Ter\u00f6ristler, patlamadan sonra araca ate\u015f ederken, bir asker a\u011f\u0131r yaraland\u0131.<\/p>\n<p style=\"text-align: justify;\">Olay, saat 19.15 s\u0131ralar\u0131nda il\u00e7eye ba\u011fl\u0131 Ulubah\u00e7e K\u00f6y\u00fc civar\u0131nda meydana geldi. Ter\u00f6ristler, yola d\u00f6\u015fedikleri uzaktan kumandal\u0131 patlay\u0131c\u0131y\u0131, devriye g\u00f6revi yapan askeri arac\u0131n ge\u00e7i\u015fi s\u0131ras\u0131nda patlatt\u0131. Patlaman\u0131n ard\u0131ndan ter\u00f6ristler araca ate\u015f ederken bir asker a\u011f\u0131r yaraland\u0131. B\u00f6lgede ka\u00e7an ter\u00f6ristlerin yakalanmas\u0131 i\u00e7in g\u00fcvenlik g\u00fc\u00e7leri taraf\u0131ndan operasyon ba\u015flat\u0131ld\u0131. Yaralan asker Kahramanmara\u015f\u2019a sevk edildi.<\/p>\n<p style=\"text-align: justify;\"><a href=\"http:\/\/haber.gazetevatan.com\/pkk-barikat-kurdu-kamyonlari-yakti\/477607\/7\/Ya%C5%9Fam#.UD6zgcHN-Zc\" target=\"_blank\">Kaynak : VATAN Gazetesi<\/a><\/p>\n","protected":false},"excerpt":{"rendered":"<p style=\"text-align: center;\">\n<p style=\"text-align: justify;\">Tunceli \u2013Erzincan karayolunu d\u00fcn ak\u015fam saat 19.30 sular\u0131nda barikat kurarak yol kesen PKK\u2019l\u0131lar yoldan ge\u00e7en biri akaryak\u0131t tankeri olmak \u00fczere 4 TIR\u2019\u0131 ate\u015fe vererek yakt\u0131.<\/p>\n<p style=\"text-align: justify;\">Tunceli-Erzincan karayolunu 15. kilometresinde S\u00f6\u011f\u00fctl\u00fc\u00e7e\u015fme mevkiinde yol kesen 10 ki\u015filik PKK\u2019l\u0131 grup yoldan ge\u00e7en bir\u00e7ok arac\u0131 durdurup kimlik kontrol\u00fc yapt\u0131ktan sonra ara\u00e7 i\u00e7inde <\/p>\n","protected":false},"author":1,"featured_media":0,"comment_status":"open","ping_status":"open","sticky":false,"template":"","format":"standard","meta":{"footnotes":""},"categories":[105],"tags":[],"class_list":["post-54611","post","type-post","status-publish","format-standard","hentry","category-gundem","odd"],"_links":{"self":[{"href":"http:\/\/www.korhanyilmaz.com\/index.php?rest_route=\/wp\/v2\/posts\/54611","targetHints":{"allow":["GET"]}}],"collection":[{"href":"http:\/\/www.korhanyilmaz.com\/index.php?rest_route=\/wp\/v2\/posts"}],"about":[{"href":"http:\/\/www.korhanyilmaz.com\/index.php?rest_route=\/wp\/v2\/types\/post"}],"author":[{"embeddable":true,"href":"http:\/\/www.korhanyilmaz.com\/index.php?rest_route=\/wp\/v2\/users\/1"}],"replies":[{"embeddable":true,"href":"http:\/\/www.korhanyilmaz.com\/index.php?rest_route=%2Fwp%2Fv2%2Fcomments&post=54611"}],"version-history":[{"count":0,"href":"http:\/\/www.korhanyilmaz.com\/index.php?rest_route=\/wp\/v2\/posts\/54611\/revisions"}],"wp:attachment":[{"href":"http:\/\/www.korhanyilmaz.com\/index.php?rest_route=%2Fwp%2Fv2%2Fmedia&parent=54611"}],"wp:term":[{"taxonomy":"category","embeddable":true,"href":"http:\/\/www.korhanyilmaz.com\/index.php?rest_route=%2Fwp%2Fv2%2Fcategories&post=54611"},{"taxonomy":"post_tag","embeddable":true,"href":"http:\/\/www.korhanyilmaz.com\/index.php?rest_route=%2Fwp%2Fv2%2Ftags&post=54611"}],"curies":[{"name":"wp","href":"https:\/\/api.w.org\/{rel}","templated":true}]}}