{"id":54594,"date":"2012-08-29T09:44:36","date_gmt":"2012-08-29T06:44:36","guid":{"rendered":"http:\/\/www.korhanyilmaz.com\/?p=54594"},"modified":"2012-08-29T15:48:22","modified_gmt":"2012-08-29T12:48:22","slug":"vefali-basbakan-sozcuden-cok-konusulacak-liste","status":"publish","type":"post","link":"http:\/\/www.korhanyilmaz.com\/?p=54594","title":{"rendered":"Vefal\u0131 Ba\u015fbakan! S\u00f6zc\u00fc&#8217;den \u00e7ok konu\u015fulacak liste"},"content":{"rendered":"<p><a href=\"http:\/\/www.korhanyilmaz.com\/wp-content\/uploads\/2012\/08\/H525.jpg\"  class=\"lightview\"><img loading=\"lazy\" decoding=\"async\" class=\"aligncenter size-full wp-image-54596\" title=\"\" src=\"http:\/\/www.korhanyilmaz.com\/wp-content\/uploads\/2012\/08\/H525.jpg\" alt=\"\" width=\"385\" height=\"189\" \/><\/a><\/p>\n<p>Ba\u015fbkan Recep Tayyip Erdo\u011fan, teyzesinin 5 o\u011flunu da Dan\u0131\u015ftay&#8217;dan Milli E\u011fitim&#8217;e kadar \u00e7e\u015ftili alanlara y\u00f6netici olarak yerle\u015ftirdi.\u00a0<!--more--><\/p>\n<p><strong><span style=\"text-decoration: underline;\">Ba\u015fbakan Erdo\u011fan&#8217;\u0131n teyze \u00e7ocuklar\u0131 ve i\u015fgal ettikleri makamlar \u015f\u00f6yle:<\/span><\/strong><\/p>\n<p><strong>Teyzesinin o\u011flu \u0130brahim Er:<\/strong> Dan\u0131\u015ftay \u00fcyeli\u011fine atand\u0131.<\/p>\n<p><strong>Teyzesinin o\u011flu Recep Ali Er:<\/strong> YURTKUR Samsun b\u00f6lge m\u00fcd\u00fcr\u00fc oldu.<\/p>\n<p><strong>Teyzesinin o\u011flu Adnan Er:<\/strong> Recep Tayyip Erdo\u011fan \u00dcniversitesi&#8217;nde Sa\u011fl\u0131k Daire Ba\u015fkan\u0131 yap\u0131ld\u0131.<\/p>\n<p><strong>Teyzesinin o\u011flu Ali Ya\u015far Er:<\/strong> Rize Ticaret Odas\u0131 Y\u00f6netim Kurulu \u00dcyesi oldu.<\/p>\n<p><strong>Teyzesinin o\u011flu Cengiz Er:<\/strong> Erdo\u011fan&#8217;\u0131n damad\u0131n\u0131n CEO&#8217;su oldu\u011fu \u00c7al\u0131k Holding&#8217;e ait A Haber kanal\u0131n\u0131n genel yay\u0131n y\u00f6netmenli\u011fine getirildi.<\/p>\n<p><a href=\"http:\/\/www.korhanyilmaz.com\/wp-content\/uploads\/2012\/08\/H524.jpg\"  class=\"lightview\"><img loading=\"lazy\" decoding=\"async\" class=\"aligncenter size-full wp-image-54595\" title=\"\" src=\"http:\/\/www.korhanyilmaz.com\/wp-content\/uploads\/2012\/08\/H524.jpg\" alt=\"\" width=\"470\" height=\"698\" \/><\/a><\/p>\n<p>&nbsp;<\/p>\n<p><a href=\"http:\/\/www.muhalifgazete.com\/46829-Vefali-Basbakan-Sozcu-den-cok-konusulacak-liste.htm\" target=\"_blank\">Kaynak : Muhalif Gazete<\/a><\/p>\n","protected":false},"excerpt":{"rendered":"<\/p>\n<p>Ba\u015fbkan Recep Tayyip Erdo\u011fan, teyzesinin 5 o\u011flunu da Dan\u0131\u015ftay&#8217;dan Milli E\u011fitim&#8217;e kadar \u00e7e\u015ftili alanlara y\u00f6netici olarak yerle\u015ftirdi. <\/p>\n","protected":false},"author":1,"featured_media":0,"comment_status":"open","ping_status":"open","sticky":false,"template":"","format":"standard","meta":{"footnotes":""},"categories":[105],"tags":[],"class_list":["post-54594","post","type-post","status-publish","format-standard","hentry","category-gundem","odd"],"_links":{"self":[{"href":"http:\/\/www.korhanyilmaz.com\/index.php?rest_route=\/wp\/v2\/posts\/54594","targetHints":{"allow":["GET"]}}],"collection":[{"href":"http:\/\/www.korhanyilmaz.com\/index.php?rest_route=\/wp\/v2\/posts"}],"about":[{"href":"http:\/\/www.korhanyilmaz.com\/index.php?rest_route=\/wp\/v2\/types\/post"}],"author":[{"embeddable":true,"href":"http:\/\/www.korhanyilmaz.com\/index.php?rest_route=\/wp\/v2\/users\/1"}],"replies":[{"embeddable":true,"href":"http:\/\/www.korhanyilmaz.com\/index.php?rest_route=%2Fwp%2Fv2%2Fcomments&post=54594"}],"version-history":[{"count":0,"href":"http:\/\/www.korhanyilmaz.com\/index.php?rest_route=\/wp\/v2\/posts\/54594\/revisions"}],"wp:attachment":[{"href":"http:\/\/www.korhanyilmaz.com\/index.php?rest_route=%2Fwp%2Fv2%2Fmedia&parent=54594"}],"wp:term":[{"taxonomy":"category","embeddable":true,"href":"http:\/\/www.korhanyilmaz.com\/index.php?rest_route=%2Fwp%2Fv2%2Fcategories&post=54594"},{"taxonomy":"post_tag","embeddable":true,"href":"http:\/\/www.korhanyilmaz.com\/index.php?rest_route=%2Fwp%2Fv2%2Ftags&post=54594"}],"curies":[{"name":"wp","href":"https:\/\/api.w.org\/{rel}","templated":true}]}}