{"id":54581,"date":"2012-08-29T13:28:28","date_gmt":"2012-08-29T10:28:28","guid":{"rendered":"http:\/\/www.korhanyilmaz.com\/?p=54581"},"modified":"2012-08-29T14:43:28","modified_gmt":"2012-08-29T11:43:28","slug":"gul-zehirlendi-iddiasina-yanit","status":"publish","type":"post","link":"http:\/\/www.korhanyilmaz.com\/?p=54581","title":{"rendered":"&#8216;G\u00fcl zehirlendi&#8217; iddias\u0131na yan\u0131t!"},"content":{"rendered":"<p style=\"text-align: justify;\"><a href=\"http:\/\/www.korhanyilmaz.com\/wp-content\/uploads\/2012\/08\/H522.jpg\"  class=\"lightview\"><img loading=\"lazy\" decoding=\"async\" class=\"aligncenter size-full wp-image-54582\" title=\"\" src=\"http:\/\/www.korhanyilmaz.com\/wp-content\/uploads\/2012\/08\/H522.jpg\" alt=\"\" width=\"330\" height=\"198\" \/><\/a><\/p>\n<p style=\"text-align: justify;\">Cumhurba\u015fkanl\u0131\u011f\u0131, Cumhurba\u015fkan\u0131 Abdullah G\u00fcl\u2019\u00fcn zehirlendi\u011fi iddialar\u0131n\u0131n b\u00fct\u00fcn\u00fcyle ger\u00e7ek d\u0131\u015f\u0131 oldu\u011funu bildirdi.<\/p>\n<p style=\"text-align: justify;\">Cumhurba\u015fkanl\u0131\u011f\u0131 Bas\u0131n Merkezi\u2019nden yap\u0131lan yaz\u0131l\u0131 a\u00e7\u0131klamada, \u201cSay\u0131n Cumhurba\u015fkan\u0131m\u0131z\u0131n sa\u011fl\u0131\u011f\u0131 ile ilgili olarak bug\u00fcnk\u00fc Yurt Gazetesi\u2019nde yer alan iddialar, b\u00fct\u00fcn\u00fcyle ger\u00e7ek d\u0131\u015f\u0131d\u0131r\u201d denildi.\u00a0<!--more--><\/p>\n<p style=\"text-align: justify;\"><strong>SA\u011eLIK BAKANI AKDA\u011e:<\/strong> Sa\u011fl\u0131k Bakan\u0131 Recep Akda\u011f, Cumhurba\u015fkan\u0131 Abdullah G\u00fcl\u2019\u00fcn sa\u011fl\u0131k durumunun iyiye gitti\u011fini belirterek, \u201cBir ki\u015finin sa\u011fl\u0131k durumuyla ilgili olarak, sa\u011fl\u0131k a\u00e7\u0131klamalar\u0131n\u0131 ki\u015finin kendisi, s\u00f6zc\u00fcs\u00fc ya da m\u00fcsaade etti\u011fi hekimlerinin yapmas\u0131 gerekir. Bunun d\u0131\u015f\u0131ndaki a\u00e7\u0131klamalar, kanaatimce do\u011fru de\u011fildir. Ama bas\u0131na da yans\u0131d\u0131\u011f\u0131 i\u00e7in s\u00f6yl\u00fcyorum, Cumhurba\u015fkan\u0131m\u0131z\u0131n sa\u011fl\u0131k durumu son derece iyiye gidiyor. Bildi\u011fim kadar\u0131yla bir operasyon ge\u00e7irdi\u011fi ya da ge\u00e7irece\u011fi do\u011fru de\u011fil\u201d dedi.<\/p>\n<p style=\"text-align: justify;\"><a href=\"http:\/\/haber.gazetevatan.com\/gul-zehirlendi-iddiasina-yanit\/477504\/1\/G%C3%BCndem#.UD3_j8HN-Zc\" target=\"_blank\">Kaynak : VATAN Gazetesi<\/a><\/p>\n","protected":false},"excerpt":{"rendered":"<p style=\"text-align: justify;\">\n<p style=\"text-align: justify;\">Cumhurba\u015fkanl\u0131\u011f\u0131, Cumhurba\u015fkan\u0131 Abdullah G\u00fcl\u2019\u00fcn zehirlendi\u011fi iddialar\u0131n\u0131n b\u00fct\u00fcn\u00fcyle ger\u00e7ek d\u0131\u015f\u0131 oldu\u011funu bildirdi.<\/p>\n<p style=\"text-align: justify;\">Cumhurba\u015fkanl\u0131\u011f\u0131 Bas\u0131n Merkezi\u2019nden yap\u0131lan yaz\u0131l\u0131 a\u00e7\u0131klamada, \u201cSay\u0131n Cumhurba\u015fkan\u0131m\u0131z\u0131n sa\u011fl\u0131\u011f\u0131 ile ilgili olarak bug\u00fcnk\u00fc Yurt Gazetesi\u2019nde yer alan iddialar, b\u00fct\u00fcn\u00fcyle ger\u00e7ek d\u0131\u015f\u0131d\u0131r\u201d denildi. <\/p>\n","protected":false},"author":1,"featured_media":0,"comment_status":"open","ping_status":"open","sticky":false,"template":"","format":"standard","meta":{"footnotes":""},"categories":[105],"tags":[],"class_list":["post-54581","post","type-post","status-publish","format-standard","hentry","category-gundem","odd"],"_links":{"self":[{"href":"http:\/\/www.korhanyilmaz.com\/index.php?rest_route=\/wp\/v2\/posts\/54581","targetHints":{"allow":["GET"]}}],"collection":[{"href":"http:\/\/www.korhanyilmaz.com\/index.php?rest_route=\/wp\/v2\/posts"}],"about":[{"href":"http:\/\/www.korhanyilmaz.com\/index.php?rest_route=\/wp\/v2\/types\/post"}],"author":[{"embeddable":true,"href":"http:\/\/www.korhanyilmaz.com\/index.php?rest_route=\/wp\/v2\/users\/1"}],"replies":[{"embeddable":true,"href":"http:\/\/www.korhanyilmaz.com\/index.php?rest_route=%2Fwp%2Fv2%2Fcomments&post=54581"}],"version-history":[{"count":0,"href":"http:\/\/www.korhanyilmaz.com\/index.php?rest_route=\/wp\/v2\/posts\/54581\/revisions"}],"wp:attachment":[{"href":"http:\/\/www.korhanyilmaz.com\/index.php?rest_route=%2Fwp%2Fv2%2Fmedia&parent=54581"}],"wp:term":[{"taxonomy":"category","embeddable":true,"href":"http:\/\/www.korhanyilmaz.com\/index.php?rest_route=%2Fwp%2Fv2%2Fcategories&post=54581"},{"taxonomy":"post_tag","embeddable":true,"href":"http:\/\/www.korhanyilmaz.com\/index.php?rest_route=%2Fwp%2Fv2%2Ftags&post=54581"}],"curies":[{"name":"wp","href":"https:\/\/api.w.org\/{rel}","templated":true}]}}