{"id":54572,"date":"2012-08-29T09:49:14","date_gmt":"2012-08-29T06:49:14","guid":{"rendered":"http:\/\/www.korhanyilmaz.com\/?p=54572"},"modified":"2012-08-29T14:01:37","modified_gmt":"2012-08-29T11:01:37","slug":"gul-kulagini-kullanamayacak","status":"publish","type":"post","link":"http:\/\/www.korhanyilmaz.com\/?p=54572","title":{"rendered":"G\u00fcl kula\u011f\u0131n\u0131 kullanamayacak"},"content":{"rendered":"<p style=\"text-align: center;\"><a href=\"http:\/\/www.korhanyilmaz.com\/wp-content\/uploads\/2012\/08\/H520.jpg\"  class=\"lightview\"><img loading=\"lazy\" decoding=\"async\" class=\"aligncenter  wp-image-54573\" src=\"http:\/\/www.korhanyilmaz.com\/wp-content\/uploads\/2012\/08\/H520.jpg\" alt=\"\" width=\"420\" height=\"210\" \/><\/a><\/p>\n<p style=\"text-align: justify;\">Yurt, Cumhurba\u015fkan\u0131 Abdullah G\u00fcl\u2019\u00fcn kulak hastal\u0131\u011f\u0131yla ilgili \u015fok edici bir bilgiye ula\u015ft\u0131. \u0130\u00e7 kulak hastal\u0131klar\u0131 konusunda uzman bir profes\u00f6r, Cumhurba\u015fkan\u0131 G\u00fcl i\u00e7in \u201cHasta kula\u011f\u0131n\u0131 art\u0131k kullanamayacak\u201d dedi.<\/p>\n<p style=\"text-align: justify;\">\u0130STANBUL &#8211; T\u00fcrkiye\u2019deki i\u00e7 kulak hastal\u0131klar\u0131 alan\u0131nda uzman profes\u00f6rler, Cumhurba\u015fkan\u0131 G\u00fcl\u2019\u00fcn hastal\u0131\u011f\u0131n\u0131n tedavisi i\u00e7in tam mesai yap\u0131yor. G\u00fcnlerdir hastal\u0131\u011fa ili\u015fkin tedavi y\u00f6ntemi geli\u015ftirmeye \u00e7al\u0131\u015fan Hacettepe \u00dcniversitesi\u2019ndeki uzman doktorlar, alan\u0131nda uzman t\u00fcm profes\u00f6rleri arayarak \u00f6neri istiyor.<!--more--><\/p>\n<p style=\"text-align: justify;\">Konuyu yak\u0131ndan takip eden ve\u00a0Cumhurba\u015fkan\u0131 G\u00fcl\u2019\u00fcn doktorlar\u0131yla g\u00f6r\u00fc\u015fen bir Profes\u00f6r, YURT\u2019a \u00e7arp\u0131c\u0131 a\u00e7\u0131klamalarda bulundu. Profes\u00f6r, \u201cGeli\u015ftirilen t\u00fcm tedavi y\u00f6ntemleri hastal\u0131\u011fa \u00e7\u00f6z\u00fcm bulamayacak. Gelinen noktan\u0131n tedaviye olumlu sonu\u00e7 vermesi m\u00fcmk\u00fcn de\u011fil. Bu nedenle Say\u0131n Abdullah G\u00fcl maalesef hasta kula\u011f\u0131n\u0131 kaybedecek\u201d diye konu\u015ftu. \u0130ki kula\u011f\u0131nda da i\u015fitme kayb\u0131 oldu\u011funu belirten Profes\u00f6r, \u201c\u0130\u015fitme kayb\u0131 bir kula\u011f\u0131nda \u00e7ok \u015fiddetli boyutta. Di\u011fer kula\u011f\u0131 tedaviye yan\u0131t verebilir. Fakat \u015fiddetli i\u015fitme kayb\u0131 olan kula\u011f\u0131n\u0131 kaybedecek\u201d dedi.<\/p>\n<p style=\"text-align: justify;\"><strong>2006&#8217;DA AMEL\u0130YAT OLMU\u015eTU\u00a0<\/strong><\/p>\n<p style=\"text-align: justify;\">Cumhurba\u015fkan\u0131 G\u00fcl, D\u0131\u015fi\u015fleri Bakanl\u0131\u011f\u0131 yapt\u0131\u011f\u0131 2006 y\u0131l\u0131nda Tunus yolunda ya\u015fad\u0131\u011f\u0131 bas\u0131n\u00e7 travmas\u0131n\u0131n ard\u0131ndan sol kula\u011f\u0131ndan hayati bir ameliyat ge\u00e7irmi\u015fti. G\u00fclhane Asker\u00ee T\u0131p Akademisi&#8217;nde (GATA) operasyon ge\u00e7iren G\u00fcl\u2019\u00fcn, bas\u0131n\u00e7 nedeniyle kulak zar\u0131 patlam\u0131\u015f ve fist\u00fcl (s\u0131zma) ya\u015fanm\u0131\u015ft\u0131.<\/p>\n<p style=\"text-align: justify;\"><a href=\"http:\/\/www.yurtgazetesi.com.tr\/gundem\/sok-aciklama-gul-kulagini-kullanamayacak-h17973.html\" target=\"_blank\">Kaynak : Caner Ta\u015fp\u0131nar &#8211; Yurt Gazetesi<\/a><\/p>\n","protected":false},"excerpt":{"rendered":"<p style=\"text-align: center;\">\n<p style=\"text-align: justify;\">Yurt, Cumhurba\u015fkan\u0131 Abdullah G\u00fcl\u2019\u00fcn kulak hastal\u0131\u011f\u0131yla ilgili \u015fok edici bir bilgiye ula\u015ft\u0131. \u0130\u00e7 kulak hastal\u0131klar\u0131 konusunda uzman bir profes\u00f6r, Cumhurba\u015fkan\u0131 G\u00fcl i\u00e7in \u201cHasta kula\u011f\u0131n\u0131 art\u0131k kullanamayacak\u201d dedi.<\/p>\n<p style=\"text-align: justify;\">\u0130STANBUL &#8211; T\u00fcrkiye\u2019deki i\u00e7 kulak hastal\u0131klar\u0131 alan\u0131nda uzman profes\u00f6rler, Cumhurba\u015fkan\u0131 G\u00fcl\u2019\u00fcn hastal\u0131\u011f\u0131n\u0131n tedavisi i\u00e7in tam mesai yap\u0131yor. G\u00fcnlerdir hastal\u0131\u011fa ili\u015fkin tedavi <\/p>\n","protected":false},"author":1,"featured_media":0,"comment_status":"open","ping_status":"open","sticky":false,"template":"","format":"standard","meta":{"footnotes":""},"categories":[105],"tags":[],"class_list":["post-54572","post","type-post","status-publish","format-standard","hentry","category-gundem","odd"],"_links":{"self":[{"href":"http:\/\/www.korhanyilmaz.com\/index.php?rest_route=\/wp\/v2\/posts\/54572","targetHints":{"allow":["GET"]}}],"collection":[{"href":"http:\/\/www.korhanyilmaz.com\/index.php?rest_route=\/wp\/v2\/posts"}],"about":[{"href":"http:\/\/www.korhanyilmaz.com\/index.php?rest_route=\/wp\/v2\/types\/post"}],"author":[{"embeddable":true,"href":"http:\/\/www.korhanyilmaz.com\/index.php?rest_route=\/wp\/v2\/users\/1"}],"replies":[{"embeddable":true,"href":"http:\/\/www.korhanyilmaz.com\/index.php?rest_route=%2Fwp%2Fv2%2Fcomments&post=54572"}],"version-history":[{"count":0,"href":"http:\/\/www.korhanyilmaz.com\/index.php?rest_route=\/wp\/v2\/posts\/54572\/revisions"}],"wp:attachment":[{"href":"http:\/\/www.korhanyilmaz.com\/index.php?rest_route=%2Fwp%2Fv2%2Fmedia&parent=54572"}],"wp:term":[{"taxonomy":"category","embeddable":true,"href":"http:\/\/www.korhanyilmaz.com\/index.php?rest_route=%2Fwp%2Fv2%2Fcategories&post=54572"},{"taxonomy":"post_tag","embeddable":true,"href":"http:\/\/www.korhanyilmaz.com\/index.php?rest_route=%2Fwp%2Fv2%2Ftags&post=54572"}],"curies":[{"name":"wp","href":"https:\/\/api.w.org\/{rel}","templated":true}]}}