{"id":54568,"date":"2012-08-29T12:44:19","date_gmt":"2012-08-29T09:44:19","guid":{"rendered":"http:\/\/www.korhanyilmaz.com\/?p=54568"},"modified":"2012-08-29T13:52:38","modified_gmt":"2012-08-29T10:52:38","slug":"erdogana-iki-yeni-danisman","status":"publish","type":"post","link":"http:\/\/www.korhanyilmaz.com\/?p=54568","title":{"rendered":"Erdo\u011fan&#8217;a iki yeni dan\u0131\u015fman"},"content":{"rendered":"<p style=\"text-align: center;\"><a href=\"http:\/\/www.korhanyilmaz.com\/wp-content\/uploads\/2012\/08\/H519.jpg\"  class=\"lightview\"><img loading=\"lazy\" decoding=\"async\" class=\"aligncenter  wp-image-54569\" src=\"http:\/\/www.korhanyilmaz.com\/wp-content\/uploads\/2012\/08\/H519.jpg\" alt=\"\" width=\"396\" height=\"180\" \/><\/a><\/p>\n<p style=\"text-align: justify;\">Ba\u015fbakan Tayyip Erdo\u011fan, 2013&#8217;te yap\u0131lmas\u0131 beklenen yerel se\u00e7imler \u00f6ncesinde yak\u0131n \u00e7al\u0131\u015fma ekibini i\u00e7 siyaset konusunda g\u00fc\u00e7lendiriyor.<\/p>\n<p style=\"text-align: justify;\">Bu \u00e7er\u00e7evede kamuoyu ara\u015ft\u0131rmalar\u0131yla tan\u0131nan Pollmark&#8217;\u0131n sahibi siyaset bilimci Do\u00e7. Dr. Ertan Ayd\u0131n Ba\u015fbakanl\u0131k Ba\u015fdan\u0131\u015fmanl\u0131\u011f\u0131&#8217;na getirildi. Harvard \u00dcniversitesi&#8217;nde de \u00e7al\u0131\u015fmalar yapan Ayd\u0131n, i\u00e7 siyaset konular\u0131nda Erdo\u011fan&#8217;a dan\u0131\u015fmanl\u0131k yapacak. Ayd\u0131n&#8217;\u0131n uzmanl\u0131k alanlar\u0131 aras\u0131nda se\u00e7men davran\u0131\u015flar\u0131 ve kamuoyu yoklamalar\u0131 bulunuyor.\u00a0<!--more--><\/p>\n<p style=\"text-align: justify;\">Ba\u015fbakanl\u0131k Merkez Bina&#8217;da odas\u0131 haz\u0131rlanan Ayd\u0131n, daha \u00f6nce AK Parti ad\u0131na yap\u0131lan ayl\u0131k kamuoyu \u00e7al\u0131\u015fmalar\u0131n\u0131 parti y\u00f6netimine ve MYK toplant\u0131lar\u0131nda bizzat Erdo\u011fan&#8217;a sunan ekibin i\u00e7inde yer al\u0131yordu. Ayd\u0131n son olarak AK Parti&#8217;nin yapt\u0131rd\u0131\u011f\u0131 ve 350 bin ki\u015finin kat\u0131ld\u0131\u011f\u0131, &#8220;kim belediye ba\u015fkan\u0131 olsun&#8221; ara\u015ft\u0131rmas\u0131n\u0131 yapm\u0131\u015ft\u0131.<\/p>\n<p style=\"text-align: justify;\">Erdo\u011fan&#8217;\u0131n d\u0131\u015f politika ba\u015fdan\u0131\u015fmanl\u0131\u011f\u0131na yeni atanan isim ise B\u00fcy\u00fckel\u00e7i Ahmet Necati Bigal\u0131 oldu.<\/p>\n<p style=\"text-align: justify;\">Bigal\u0131, bu g\u00f6reve Cezayir B\u00fcy\u00fckel\u00e7ili\u011fi&#8217;nden geldi. Cezayir&#8217;deki se\u00e7imler s\u0131ras\u0131nda Avrupa g\u00f6zlemci heyetine sordu\u011fu soruyla g\u00fcndeme gelen Bigal\u0131, Cezayir bas\u0131n\u0131 taraf\u0131ndan \u00fclkenin i\u00e7 i\u015flerine kar\u0131\u015ft\u0131\u011f\u0131 gerek\u00e7esiyle su\u00e7lanm\u0131\u015ft\u0131. Bigal\u0131 i\u00e7in adeta lin\u00e7 kampanyas\u0131 d\u00fczenlenmi\u015fti. Bigal\u0131 Cezayir&#8217;deki g\u00f6revinin tamamlanmas\u0131n\u0131n ard\u0131ndan Ankara&#8217;ya d\u00f6nm\u00fc\u015ft\u00fc. Erdo\u011fan, Bigal\u0131&#8217;y\u0131 d\u0131\u015f politikadan sorumlu ba\u015fdan\u0131\u015fmanl\u0131\u011f\u0131na getirdi.<\/p>\n<p style=\"text-align: justify;\"><strong>ERDO\u011eAN&#8217;IN 11&#8217;\u0130<\/strong><\/p>\n<p style=\"text-align: justify;\">Erdo\u011fan&#8217;\u0131n ekibindeki di\u011fer isimler \u015f\u00f6yle: Do\u00e7. Dr. Yal\u00e7\u0131n Akdo\u011fan (Siyasi ba\u015fdan\u0131\u015fman), Zeki Bulut (Koruma m\u00fcd\u00fcr\u00fc), Hasan Do\u011fan (\u00d6zel kalem m\u00fcd\u00fcr\u00fc), Cevdet Erd\u00f6l (\u00d6zel doktoru), L\u00fctfullah G\u00f6kta\u015f (Medyadan sorumlu), Prof. Dr. \u0130brahim Kal\u0131n (D\u0131\u015f politika ba\u015fdan\u0131\u015fman\u0131), \u015eenol Kazanc\u0131 (Ba\u015fdan\u0131\u015fman), Mustafa Varank (Ba\u015fdan\u0131\u015fman), Yusuf Yerkel (\u00d6zel kalem).<\/p>\n<p style=\"text-align: justify;\"><a href=\"http:\/\/www.gazeteport.com.tr\/haber\/109088\/erdogana-iki-yeni-danisman\" target=\"_blank\">Kaynak : GAZETEPORT<\/a><\/p>\n<p style=\"text-align: justify;\">\n","protected":false},"excerpt":{"rendered":"<p style=\"text-align: center;\">\n<p style=\"text-align: justify;\">Ba\u015fbakan Tayyip Erdo\u011fan, 2013&#8217;te yap\u0131lmas\u0131 beklenen yerel se\u00e7imler \u00f6ncesinde yak\u0131n \u00e7al\u0131\u015fma ekibini i\u00e7 siyaset konusunda g\u00fc\u00e7lendiriyor.<\/p>\n<p style=\"text-align: justify;\">Bu \u00e7er\u00e7evede kamuoyu ara\u015ft\u0131rmalar\u0131yla tan\u0131nan Pollmark&#8217;\u0131n sahibi siyaset bilimci Do\u00e7. Dr. Ertan Ayd\u0131n Ba\u015fbakanl\u0131k Ba\u015fdan\u0131\u015fmanl\u0131\u011f\u0131&#8217;na getirildi. Harvard \u00dcniversitesi&#8217;nde de \u00e7al\u0131\u015fmalar yapan Ayd\u0131n, i\u00e7 siyaset konular\u0131nda Erdo\u011fan&#8217;a dan\u0131\u015fmanl\u0131k yapacak. Ayd\u0131n&#8217;\u0131n uzmanl\u0131k alanlar\u0131 aras\u0131nda <\/p>\n","protected":false},"author":1,"featured_media":0,"comment_status":"open","ping_status":"open","sticky":false,"template":"","format":"standard","meta":{"footnotes":""},"categories":[105],"tags":[],"class_list":["post-54568","post","type-post","status-publish","format-standard","hentry","category-gundem","odd"],"_links":{"self":[{"href":"http:\/\/www.korhanyilmaz.com\/index.php?rest_route=\/wp\/v2\/posts\/54568","targetHints":{"allow":["GET"]}}],"collection":[{"href":"http:\/\/www.korhanyilmaz.com\/index.php?rest_route=\/wp\/v2\/posts"}],"about":[{"href":"http:\/\/www.korhanyilmaz.com\/index.php?rest_route=\/wp\/v2\/types\/post"}],"author":[{"embeddable":true,"href":"http:\/\/www.korhanyilmaz.com\/index.php?rest_route=\/wp\/v2\/users\/1"}],"replies":[{"embeddable":true,"href":"http:\/\/www.korhanyilmaz.com\/index.php?rest_route=%2Fwp%2Fv2%2Fcomments&post=54568"}],"version-history":[{"count":0,"href":"http:\/\/www.korhanyilmaz.com\/index.php?rest_route=\/wp\/v2\/posts\/54568\/revisions"}],"wp:attachment":[{"href":"http:\/\/www.korhanyilmaz.com\/index.php?rest_route=%2Fwp%2Fv2%2Fmedia&parent=54568"}],"wp:term":[{"taxonomy":"category","embeddable":true,"href":"http:\/\/www.korhanyilmaz.com\/index.php?rest_route=%2Fwp%2Fv2%2Fcategories&post=54568"},{"taxonomy":"post_tag","embeddable":true,"href":"http:\/\/www.korhanyilmaz.com\/index.php?rest_route=%2Fwp%2Fv2%2Ftags&post=54568"}],"curies":[{"name":"wp","href":"https:\/\/api.w.org\/{rel}","templated":true}]}}