{"id":54553,"date":"2012-08-29T09:25:09","date_gmt":"2012-08-29T06:25:09","guid":{"rendered":"http:\/\/www.korhanyilmaz.com\/?p=54553"},"modified":"2012-08-29T13:32:59","modified_gmt":"2012-08-29T10:32:59","slug":"gulu-zehirlediler-mi","status":"publish","type":"post","link":"http:\/\/www.korhanyilmaz.com\/?p=54553","title":{"rendered":"G\u00fcl\u2019\u00fc zehirlediler mi?"},"content":{"rendered":"<p style=\"text-align: center;\"><a href=\"http:\/\/www.korhanyilmaz.com\/wp-content\/uploads\/2012\/08\/H5151.jpg\"  class=\"lightview\"><img loading=\"lazy\" decoding=\"async\" class=\"aligncenter  wp-image-54554\" src=\"http:\/\/www.korhanyilmaz.com\/wp-content\/uploads\/2012\/08\/H5151.jpg\" alt=\"\" width=\"462\" height=\"210\" \/><\/a><\/p>\n<p style=\"text-align: justify;\">Hacettepe T\u0131p Fak\u00fcltesi\u2019nde 5 g\u00fcnd\u00fcr tedavi g\u00f6ren Cumhurba\u015fkan\u0131 G\u00fcl\u2019\u00fcn hastal\u0131\u011f\u0131n\u0131 Yurt a\u00e7\u0131kl\u0131yor. \u201cEndonempatik hidrops\u201d te\u015fhisi konulan G\u00fcl\u2019\u00fcn bir suikast sonucu zehirlendi\u011fi iddia ediliyor.<\/p>\n<p style=\"text-align: justify;\">Yurt, Cumhurba\u015fkan\u0131 Abdullah G\u00fcl\u2019\u00fcn g\u00fcnlerdir tedavi g\u00f6rd\u00fc\u011f\u00fc hastal\u0131\u011f\u0131n ger\u00e7ek nedenini a\u00e7\u0131kl\u0131yor. T\u00fcrk Konseyi Zirvesi\u2019ne kat\u0131lmak i\u00e7in cuma g\u00fcn\u00fc K\u0131rg\u0131zistan\u2019a giden Abdullah G\u00fcl, acil olarak T\u00fcrkiye\u2019ye getirilmi\u015f ve 5 g\u00fcn \u00f6nce Hacettepe T\u0131p Fak\u00fcltesi Hastanesi\u2019nde tedavi alt\u0131na al\u0131nm\u0131\u015ft\u0131. D\u00fcn Milli G\u00fcvenlik Kurulu\u2019na (MGK) ba\u015fkanl\u0131k etmek i\u00e7in hastaneden izinli olarak ayr\u0131lan G\u00fcl\u2019e \u00e7ok yak\u0131n bir kaynak Yurt\u2019u arayarak zehirlendi\u011fi iddias\u0131nda bulundu.\u00a0<!--more--><\/p>\n<p style=\"text-align: justify;\">\u0130ddiaya g\u00f6re G\u00fcl, K\u0131rg\u0131zistan\u2019daki zirvenin ikinci g\u00fcn\u00fcnde mevkida\u015flar\u0131yla \u00f6\u011fle yeme\u011finin ard\u0131ndan sohbet etmek i\u00e7in ba\u015fka bir salona ge\u00e7ti. Bu s\u0131rada ba\u015f\u0131 d\u00f6nen Cumhurba\u015fkan\u0131, yere y\u0131\u011f\u0131ld\u0131. Apar topar ambulans u\u00e7akla T\u00fcrkiye\u2019ye getirilen G\u00fcl\u2019e, ilk m\u00fcdahale havada yap\u0131ld\u0131. Ard\u0131ndan Hacettepe T\u0131p Fak\u00fcltesi Hastanesi\u2019ne g\u00f6t\u00fcr\u00fcld\u00fc. \u0130lk tetkiklerin ard\u0131ndan Cumhurba\u015fkan\u0131\u2019na \u201cendonempatik hidrops bozuklu\u011fu\u201d te\u015fhisi konuldu ve tedaviye ba\u015fland\u0131.<\/p>\n<p style=\"text-align: justify;\">Te\u015fhisin hemen ard\u0131ndan Abdullah G\u00fcl\u2019\u00fcn \u00f6zel doktoru Cerrahpa\u015fa T\u0131p Fak\u00fcltesi\u2019nden bir profes\u00f6r\u00fc arayarak, hastal\u0131k ve tedavisiyle ilgili bilgi ald\u0131. Ancak Cerrahpa\u015fa\u2019daki profes\u00f6r tedavinin yanl\u0131\u015f oldu\u011funu s\u00f6yleyerek G\u00fcl\u2019\u00fcn doktorunu bilgilendirdi, hatta hastane ad\u0131na da b\u00f6yle bir tedavi y\u00f6ntemini onaylamayacaklar\u0131n\u0131 s\u00f6yledi. \u0130\u015fte Yurt, Cerrahpa\u015fa\u2019daki o profes\u00f6re ula\u015ft\u0131. \u0130smini vermek istemeyen profes\u00f6r, \u201cG\u00fcl\u2019\u00fcn zehirlenmi\u015f olabilece\u011fi\u201d iddias\u0131n\u0131 g\u00fc\u00e7lendiren a\u00e7\u0131klamalar yapt\u0131.<\/p>\n<p style=\"text-align: justify;\">Profes\u00f6r, \u201cHacettepe, endonempatik hidrops bozuklu\u011funun hemen ard\u0131ndan steroid tedavisi uygulam\u0131\u015f. Steroid tedavisi 5 g\u00fcn boyunca uygulanmaz. En fazla iki g\u00fcnde kesilmesi gereken bir tedavi \u015feklidir. Kald\u0131 ki ilk te\u015fhisleri de\u011ferlendirmek i\u00e7in komisyon bile toplanmam\u0131\u015f. Steroid, son derece a\u011f\u0131r bir tedavidir. Hastada daha sonra tansiyon, kilo, kafada bas\u0131n\u00e7, \u015fiddetli ba\u015f d\u00f6nmesi ve a\u015f\u0131r\u0131 asibiyet yapar. Bu y\u00fczden Cumhurba\u015fkan\u0131n\u0131 5 g\u00fcn boyunca hastaneden \u00e7\u0131karmam\u0131\u015f olabilirler\u201d dedi.<\/p>\n<p style=\"text-align: justify;\">Endonempatik hidrops bozuklu\u011fu hastal\u0131\u011f\u0131n\u0131n kendisini \u201cataklar\u201d \u015feklinde g\u00f6sterece\u011fini s\u00f6yleyen profes\u00f6r, \u201cCumhurba\u015fkan\u0131 bu nedenle yere d\u00fc\u015fm\u00fc\u015f olabilir. Ba\u015f d\u00f6nmesi yapar ve hasta kendisini bo\u015flu\u011fa bas\u0131yormu\u015f gibi hisseder\u201d dedi. Hastal\u0131\u011f\u0131n kesin bir tedavisinin olmad\u0131\u011f\u0131n\u0131 s\u00f6yleyen profes\u00f6r, \u201cCumhurba\u015fkan\u0131 zehirlenmi\u015f olabilir mi?\u201d sorumuza ise \u201cEndonempatik hidrops, kalp ve \u015feker hastal\u0131klar\u0131n\u0131n yan\u0131 s\u0131ra zehirlenmeyle ortaya \u00e7\u0131kan bir durumdur. Bildi\u011fim kadar\u0131yla G\u00fcl\u2019\u00fcn kalp ve \u015feker gibi rahats\u0131zl\u0131klar\u0131 yok\u201d dedi.<\/p>\n<p style=\"text-align: justify;\"><strong>KORT\u0130ZON KULLANIMI AN\u0130 \u0130\u015e\u0130TME KAYBINI G\u00d6STER\u0130R\u00a0<\/strong><\/p>\n<p style=\"text-align: justify;\">Biyonik Kulak Avrupa D\u00f6nem Ba\u015fkan\u0131 Prof. Dr. \u00c7a\u011flar Batman, Cumhurba\u015fkan\u0131 G\u00fcl\u2019\u00fcn hastal\u0131\u011f\u0131yla ilgili ayr\u0131nt\u0131lar\u0131 YURT\u2019a anlatt\u0131. Prof. Dr. Batman, \u201cCumhurba\u015fkan\u0131n tedavisinde kullan\u0131lan kortizon hormonu rutin d\u0131\u015f\u0131 bir uygulamad\u0131r\u201d diye konu\u015ftu.<\/p>\n<p style=\"text-align: justify;\">YURT, Cumhurba\u015fkan\u0131 Abdullah G\u00fcl\u2019\u00fcn kulak rahats\u0131zl\u0131\u011f\u0131yla Hacettepe \u00dcniversitesi\u2019ndeki doktorlar\u0131n \u201cendonempatik hidrops\u201d te\u015fhisi koydu\u011funu ortaya \u00e7\u0131kard\u0131. Te\u015fhisi de\u011ferlendiren Prof. Dr. \u00c7a\u011flar Batman, hastal\u0131\u011f\u0131n ila\u00e7la, evde bak\u0131m yap\u0131larak rutin bir uygulamayla tedavi edilebildi\u011fini s\u00f6yledi. Cumhurba\u015fkan\u0131 G\u00fcl\u2019\u00fcn tedavisinde \u201ckortizon\u201d kullan\u0131ld\u0131\u011f\u0131n\u0131 hat\u0131rlatmam\u0131z \u00fczerine Prof. Dr. Batman, \u201cKortizon ani i\u015fitme kayb\u0131 nedeniyle kullan\u0131l\u0131r. Rutin d\u0131\u015f\u0131 bir uygulamad\u0131r. Bunun alt\u0131nda ba\u015fka bir hastal\u0131k da olabilir\u201d diye konu\u015ftu. Prof. Dr. Batman \u015funlar\u0131 s\u00f6yledi: \u201cMuhtemelen iki kula\u011f\u0131nda da i\u015fitme kayb\u0131 var. Bir y\u0131rt\u0131lma olmu\u015f olabilir. Y\u0131rt\u0131lma, ani i\u015fitme kayb\u0131na neden olur.\u201d<\/p>\n<p style=\"text-align: justify;\"><strong>ENDONEMPAT\u0130K H\u0130DROPS NED\u0130R?\u00a0<\/strong><\/p>\n<p style=\"text-align: justify;\">Prof. Dr. \u00c7a\u011flar Batman, Cumhurba\u015fkan\u0131 Abdullah G\u00fcl\u2019de te\u015fhis edildi\u011fi \u00f6ne s\u00fcr\u00fclen \u201cEndonempatik Hidrops\u201d i\u00e7 kulak hastal\u0131\u011f\u0131n\u0131n belirtilerini ve tedavisini \u015f\u00f6yle anlatt\u0131:<\/p>\n<p style=\"text-align: justify;\">\u201cGenellikle i\u00e7 kulak kesesinde a\u015f\u0131r\u0131 bir s\u0131v\u0131 birikimi olur. Bu s\u0131v\u0131c endonempatik kanala yans\u0131yor. Endonempatik kanalda olan bu s\u0131v\u0131 bas\u0131nc\u0131 Perilenpatik mesafeye bask\u0131 yaparak ba\u015f d\u00f6nemesi, u\u011fultu ve i\u015fitme kayb\u0131 meydana getiriyor. Bazen Endonempatik kanaldaki s\u0131v\u0131 Endolenf zar\u0131n\u0131n y\u0131rt\u0131lmas\u0131yla beraber Perilenf\u2019in i\u00e7ine ka\u00e7\u0131yor ve bu iki s\u0131v\u0131n\u0131n birbirine kar\u015f\u0131mas\u0131 sonucu hasta aya\u011fa kalkamaz, \u00e7ok \u015fiddetli ba\u015f d\u00f6nmesi, u\u011fultu ve i\u015fitme kayb\u0131 ya\u015far. Hastal\u0131\u011fa neden olan etkenler \u015f\u00f6yledir: Yanl\u0131\u015f kullan\u0131lan ve etkisi a\u011f\u0131r olan ila\u00e7lar, A\u015f\u0131r\u0131 tuzlu beslenme, a\u015f\u0131r\u0131 s\u0131v\u0131 al\u0131m\u0131, v\u00fccuttaki s\u0131v\u0131-tuz miktar\u0131n\u0131 ay\u0131ran b\u00f6brek\u00fcst\u00fc bezlerindeki dengesizlikler, alerji, a\u015f\u0131r\u0131 yorgunluk ve uykusuzluk.<\/p>\n<p style=\"text-align: justify;\">Hastal\u0131\u011f\u0131n tedavisinde ise idrar s\u00f6kt\u00fcr\u00fcc\u00fc ila\u00e7lar, sakinle\u015ftirici, i\u00e7 kula\u011fa y\u00f6nelik denge alg\u0131s\u0131n\u0131 d\u00fczenleyen ila\u00e7lar kullan\u0131l\u0131r. Hasta, duruma g\u00f6re en fazla iki g\u00fcn hastanede bak\u0131m g\u00f6r\u00fcr, genellikle evde tedavi uygulan\u0131r.\u201d<\/p>\n<p style=\"text-align: justify;\"><strong>2006&#8217;DA AMEL\u0130YAT OLMU\u015eTU\u00a0<\/strong><\/p>\n<p style=\"text-align: justify;\">Cumhurba\u015fkan\u0131 G\u00fcl, D\u0131\u015fi\u015fleri Bakanl\u0131\u011f\u0131 yapt\u0131\u011f\u0131 2006 y\u0131l\u0131nda Tunus yolunda ya\u015fad\u0131\u011f\u0131 bas\u0131n\u00e7 travmas\u0131n\u0131n ard\u0131ndan sol kula\u011f\u0131ndan hayati bir ameliyat ge\u00e7irmi\u015fti. G\u00fclhane Asker\u00ee T\u0131p Akademisi&#8217;nde (GATA) operasyon ge\u00e7iren G\u00fcl\u2019\u00fcn, bas\u0131n\u00e7 nedeniyle kulak zar\u0131 patlam\u0131\u015f ve fist\u00fcl (s\u0131zma) ya\u015fanm\u0131\u015ft\u0131.<\/p>\n<p style=\"text-align: justify;\"><a href=\"http:\/\/www.yurtgazetesi.com.tr\/gundem\/gulu-zehirlediler-mi-h17972.html\" target=\"_blank\">Kaynak :\u00a0\u00a0H\u0130CRAN AYG\u00dcN- CANER TA\u015ePINAR \/ Yurt Gazetesi<\/a><\/p>\n","protected":false},"excerpt":{"rendered":"<p style=\"text-align: center;\">\n<p style=\"text-align: justify;\">Hacettepe T\u0131p Fak\u00fcltesi\u2019nde 5 g\u00fcnd\u00fcr tedavi g\u00f6ren Cumhurba\u015fkan\u0131 G\u00fcl\u2019\u00fcn hastal\u0131\u011f\u0131n\u0131 Yurt a\u00e7\u0131kl\u0131yor. \u201cEndonempatik hidrops\u201d te\u015fhisi konulan G\u00fcl\u2019\u00fcn bir suikast sonucu zehirlendi\u011fi iddia ediliyor.<\/p>\n<p style=\"text-align: justify;\">Yurt, Cumhurba\u015fkan\u0131 Abdullah G\u00fcl\u2019\u00fcn g\u00fcnlerdir tedavi g\u00f6rd\u00fc\u011f\u00fc hastal\u0131\u011f\u0131n ger\u00e7ek nedenini a\u00e7\u0131kl\u0131yor. T\u00fcrk Konseyi Zirvesi\u2019ne kat\u0131lmak i\u00e7in cuma g\u00fcn\u00fc K\u0131rg\u0131zistan\u2019a giden Abdullah G\u00fcl, acil olarak T\u00fcrkiye\u2019ye <\/p>\n","protected":false},"author":1,"featured_media":0,"comment_status":"open","ping_status":"open","sticky":false,"template":"","format":"standard","meta":{"footnotes":""},"categories":[105],"tags":[],"class_list":["post-54553","post","type-post","status-publish","format-standard","hentry","category-gundem","odd"],"_links":{"self":[{"href":"http:\/\/www.korhanyilmaz.com\/index.php?rest_route=\/wp\/v2\/posts\/54553","targetHints":{"allow":["GET"]}}],"collection":[{"href":"http:\/\/www.korhanyilmaz.com\/index.php?rest_route=\/wp\/v2\/posts"}],"about":[{"href":"http:\/\/www.korhanyilmaz.com\/index.php?rest_route=\/wp\/v2\/types\/post"}],"author":[{"embeddable":true,"href":"http:\/\/www.korhanyilmaz.com\/index.php?rest_route=\/wp\/v2\/users\/1"}],"replies":[{"embeddable":true,"href":"http:\/\/www.korhanyilmaz.com\/index.php?rest_route=%2Fwp%2Fv2%2Fcomments&post=54553"}],"version-history":[{"count":0,"href":"http:\/\/www.korhanyilmaz.com\/index.php?rest_route=\/wp\/v2\/posts\/54553\/revisions"}],"wp:attachment":[{"href":"http:\/\/www.korhanyilmaz.com\/index.php?rest_route=%2Fwp%2Fv2%2Fmedia&parent=54553"}],"wp:term":[{"taxonomy":"category","embeddable":true,"href":"http:\/\/www.korhanyilmaz.com\/index.php?rest_route=%2Fwp%2Fv2%2Fcategories&post=54553"},{"taxonomy":"post_tag","embeddable":true,"href":"http:\/\/www.korhanyilmaz.com\/index.php?rest_route=%2Fwp%2Fv2%2Ftags&post=54553"}],"curies":[{"name":"wp","href":"https:\/\/api.w.org\/{rel}","templated":true}]}}