{"id":54545,"date":"2012-08-29T12:45:04","date_gmt":"2012-08-29T09:45:04","guid":{"rendered":"http:\/\/www.korhanyilmaz.com\/?p=54545"},"modified":"2012-08-29T13:15:12","modified_gmt":"2012-08-29T10:15:12","slug":"arinc-muhtiranin-sivil-anlami-hatirlatmaktir","status":"publish","type":"post","link":"http:\/\/www.korhanyilmaz.com\/?p=54545","title":{"rendered":"Ar\u0131n\u00e7: &#8216;Muht\u0131ra&#8217;n\u0131n sivil anlam\u0131 hat\u0131rlatmakt\u0131r"},"content":{"rendered":"<p style=\"text-align: center;\"><a href=\"http:\/\/www.korhanyilmaz.com\/wp-content\/uploads\/2012\/08\/H514.jpg\"  class=\"lightview\"><img loading=\"lazy\" decoding=\"async\" class=\"aligncenter  wp-image-54546\" src=\"http:\/\/www.korhanyilmaz.com\/wp-content\/uploads\/2012\/08\/H514.jpg\" alt=\"\" width=\"416\" height=\"234\" \/><\/a><\/p>\n<p style=\"text-align: justify;\">Ba\u015fbakan Yard\u0131mc\u0131s\u0131 B\u00fclent Ar\u0131n\u00e7, Meclis Ba\u015fkan\u0131 Cemil \u00c7i\u00e7ek\u2019in ter\u00f6re kar\u015f\u0131 haz\u0131rlad\u0131\u011f\u0131 Ter\u00f6rle M\u00fccadele Metni i\u00e7in kulland\u0131\u011f\u0131 \u201cmuht\u0131ra\u201d s\u00f6z\u00fcne a\u00e7\u0131kl\u0131k getirdi. Ar\u0131n\u00e7, \u201cA\u00e7\u0131klamamda bir kere kulland\u0131\u011f\u0131m \u2018muht\u0131ra\u2019 kelimesi birilerini esas duru\u015fa ge\u00e7irdi. \u2018Muht\u0131ra\u2019n\u0131n sivil anlam\u0131 hat\u0131rlatmakt\u0131r\u201d dedi.<\/p>\n<p style=\"text-align: justify;\">ANKARA &#8211; Ba\u015fbakan Yard\u0131mc\u0131s\u0131 B\u00fclent Ar\u0131n\u00e7, TBMM Ba\u015fkan\u0131 Cemil \u00c7i\u00e7ek\u2019in ter\u00f6re kar\u015f\u0131 haz\u0131rlad\u0131\u011f\u0131 11 maddelik er\u00f6re Kar\u015f\u0131 Ulusal Mutabakat Metni&#8217;yle ilgili s\u00f6yledi\u011fi \u201cmuht\u0131ra\u201d nitelendirmesiyle ilgili a\u00e7\u0131klamalarda bulundu.\u00a0<!--more--><\/p>\n<p style=\"text-align: justify;\">B\u00fclent Ar\u0131n\u00e7, k\u0131saca \u015funlar\u0131 s\u00f6yledi:<\/p>\n<p style=\"text-align: justify;\">\u201cS\u00f6zlerimle ilgili baz\u0131 cehalet kokan a\u00e7\u0131klamalar, baz\u0131 yanl\u0131\u015f anla\u015f\u0131lmalar oldu. Mutabakat metni demi\u015fim, bildiri demi\u015fim. Bir kelime de muht\u0131ra demi\u015fim.<\/p>\n<p style=\"text-align: justify;\">\u2018Muht\u0131ra\u2019 dendi\u011fi zaman AK Parti \u00f6ncesinde askerlerin h\u00fck\u00fcmete verdi\u011fi yaz\u0131l\u0131 metin anla\u015f\u0131l\u0131yor. O kadar kelime i\u00e7inde bir kez \u2018muht\u0131ra\u2019 demem, baz\u0131lar\u0131na ge\u00e7mi\u015fte ya\u015fananlar\u0131 hat\u0131rlatt\u0131.<\/p>\n<p style=\"text-align: justify;\">&#8216;Muht\u0131ra&#8217;n\u0131n sivil anlam\u0131 da hat\u0131rlatmak demektir. Nas\u0131l bildiri T\u00fcrk\u00e7e ise; nas\u0131l a\u00e7\u0131klama T\u00fcrk\u00e7e ise; nas\u0131l mutabakat metni T\u00fcrk\u00e7e ise; muht\u0131ra da hat\u0131rlatmak anlam\u0131nda \u00f6yle bir T\u00fcrk\u00e7edir. Ama zihinlere \u00f6ylesine yerle\u015fmi\u015f ki; askeri anlamda verilen muht\u0131ralar veya siyasi anlamda verilen muht\u0131ralar; bizimkiler haz\u0131r ola ge\u00e7mek durumunda kendilerini mecbur hissettiler. Bu bir cehalettir; bu cehaleti de\u015fifre etmek istiyorum.<\/p>\n<p style=\"text-align: justify;\">Meclis Ba\u015fkan\u0131 bizim yabanc\u0131m\u0131z de\u011fil, partimizin kurucusudur. Say\u0131n Cemil \u00c7i\u00e7ek, e\u011fer h\u00fck\u00fcmeti muhatap al\u0131yorsa, buna yan\u0131t verilebilir. \u00c7ok iyi niyetli, ger\u00e7eklere dayal\u0131 bir a\u00e7\u0131klama yapm\u0131\u015f. Baz\u0131lar\u0131n\u0131 eksik, baz\u0131lar\u0131n\u0131 yanl\u0131\u015f, baz\u0131lar\u0131n\u0131 hatal\u0131 bulabilirsiniz.<\/p>\n<p style=\"text-align: justify;\">&#8216;Muht\u0131ra&#8217; kelimesini duydu\u011funuzda t\u00fcyleriniz diken diken olmas\u0131n. Sa\u00e7ma sapan tepkiler verilmesin.<\/p>\n<p style=\"text-align: justify;\">\u0130yi polis-k\u00f6t\u00fc polis oyunu oynayacak insanlar de\u011filiz. Meclis Ba\u015fkan\u0131\u2019yla her yerde her zaman g\u00f6r\u00fc\u015f\u00fcr\u00fcz, ailece de g\u00f6r\u00fc\u015f\u00fcr\u00fcz.\u201d<\/p>\n<p style=\"text-align: justify;\"><a href=\"http:\/\/www.ntvmsnbc.com\/id\/25377702\" target=\"_blank\">Kaynak : NTVMSNBC<\/a><\/p>\n","protected":false},"excerpt":{"rendered":"<p style=\"text-align: center;\">\n<p style=\"text-align: justify;\">Ba\u015fbakan Yard\u0131mc\u0131s\u0131 B\u00fclent Ar\u0131n\u00e7, Meclis Ba\u015fkan\u0131 Cemil \u00c7i\u00e7ek\u2019in ter\u00f6re kar\u015f\u0131 haz\u0131rlad\u0131\u011f\u0131 Ter\u00f6rle M\u00fccadele Metni i\u00e7in kulland\u0131\u011f\u0131 \u201cmuht\u0131ra\u201d s\u00f6z\u00fcne a\u00e7\u0131kl\u0131k getirdi. Ar\u0131n\u00e7, \u201cA\u00e7\u0131klamamda bir kere kulland\u0131\u011f\u0131m \u2018muht\u0131ra\u2019 kelimesi birilerini esas duru\u015fa ge\u00e7irdi. \u2018Muht\u0131ra\u2019n\u0131n sivil anlam\u0131 hat\u0131rlatmakt\u0131r\u201d dedi.<\/p>\n<p style=\"text-align: justify;\">ANKARA &#8211; Ba\u015fbakan Yard\u0131mc\u0131s\u0131 B\u00fclent Ar\u0131n\u00e7, TBMM Ba\u015fkan\u0131 Cemil \u00c7i\u00e7ek\u2019in ter\u00f6re kar\u015f\u0131 <\/p>\n","protected":false},"author":1,"featured_media":0,"comment_status":"open","ping_status":"open","sticky":false,"template":"","format":"standard","meta":{"footnotes":""},"categories":[105],"tags":[],"class_list":["post-54545","post","type-post","status-publish","format-standard","hentry","category-gundem","odd"],"_links":{"self":[{"href":"http:\/\/www.korhanyilmaz.com\/index.php?rest_route=\/wp\/v2\/posts\/54545","targetHints":{"allow":["GET"]}}],"collection":[{"href":"http:\/\/www.korhanyilmaz.com\/index.php?rest_route=\/wp\/v2\/posts"}],"about":[{"href":"http:\/\/www.korhanyilmaz.com\/index.php?rest_route=\/wp\/v2\/types\/post"}],"author":[{"embeddable":true,"href":"http:\/\/www.korhanyilmaz.com\/index.php?rest_route=\/wp\/v2\/users\/1"}],"replies":[{"embeddable":true,"href":"http:\/\/www.korhanyilmaz.com\/index.php?rest_route=%2Fwp%2Fv2%2Fcomments&post=54545"}],"version-history":[{"count":0,"href":"http:\/\/www.korhanyilmaz.com\/index.php?rest_route=\/wp\/v2\/posts\/54545\/revisions"}],"wp:attachment":[{"href":"http:\/\/www.korhanyilmaz.com\/index.php?rest_route=%2Fwp%2Fv2%2Fmedia&parent=54545"}],"wp:term":[{"taxonomy":"category","embeddable":true,"href":"http:\/\/www.korhanyilmaz.com\/index.php?rest_route=%2Fwp%2Fv2%2Fcategories&post=54545"},{"taxonomy":"post_tag","embeddable":true,"href":"http:\/\/www.korhanyilmaz.com\/index.php?rest_route=%2Fwp%2Fv2%2Ftags&post=54545"}],"curies":[{"name":"wp","href":"https:\/\/api.w.org\/{rel}","templated":true}]}}