{"id":54529,"date":"2012-08-29T08:45:27","date_gmt":"2012-08-29T05:45:27","guid":{"rendered":"http:\/\/www.korhanyilmaz.com\/?p=54529"},"modified":"2012-08-29T13:28:02","modified_gmt":"2012-08-29T10:28:02","slug":"rapor-almayin-dava-acin","status":"publish","type":"post","link":"http:\/\/www.korhanyilmaz.com\/?p=54529","title":{"rendered":"&#8220;Rapor almay\u0131n, dava a\u00e7\u0131n&#8221;"},"content":{"rendered":"<p style=\"text-align: justify;\"><a href=\"http:\/\/www.korhanyilmaz.com\/wp-content\/uploads\/2012\/08\/H509.jpg\"  class=\"lightview\"><img loading=\"lazy\" decoding=\"async\" class=\"aligncenter size-full wp-image-54530\" title=\"\" src=\"http:\/\/www.korhanyilmaz.com\/wp-content\/uploads\/2012\/08\/H509.jpg\" alt=\"\" width=\"462\" height=\"210\" \/><\/a><\/p>\n<p style=\"text-align: justify;\">Eski Milli E\u011fitim Bakan\u0131 Hikmet Ulu\u011fbay, 66 ayl\u0131k \u00e7ocu\u011funu okula g\u00f6ndermek istemeyen velilere \u00f6neride bulundu: Rapor almak yerine dava a\u00e7\u0131n&#8230;<\/p>\n<p style=\"text-align: justify;\">5.5 ya\u015f\u0131ndaki \u00e7ocuklar, \u201czihinsel ve fiziksel geli\u015fimlerini tamamlayamad\u0131klar\u0131n\u0131 kan\u0131tlayan\u2019\u2019 sa\u011fl\u0131k raporunu alamamalar\u0131 halinde 10 Eyl\u00fcl\u2019de okula ba\u015flayacak. Devlet hastanelerindeki \u00e7ocuk doktorlar\u0131, b\u00fcy\u00fck geli\u015fim ve sa\u011fl\u0131k sorunu olmayan 66 ayl\u0131k \u00e7ocuklara rapor vermiyor. \u00c7ocu\u011funun okula gitmemesi i\u00e7in rapor almaya raz\u0131 olan veliler, hastanelerden rapor alamay\u0131nca ne yapacaklar\u0131n\u0131 \u015fa\u015f\u0131rm\u0131\u015f durumdalar.\u00a0<!--more--><\/p>\n<p style=\"text-align: justify;\">Cumhuriyet gazetesinin haberine g\u00f6re, eski Milli E\u011fitim Bakan\u0131 Hikmet Ulu\u011fbay da \u00e7ocuklar\u0131n\u0131 okula g\u00f6ndermek istemeyen velilere bir \u00f6neride bulundu. Ulu\u011fbay, yeni \u00f6\u011fretim y\u0131l\u0131nda ilkokul 1. s\u0131n\u0131fa kaydedilecek \u00f6\u011frencilere ili\u015fkin tart\u0131\u015fmal\u0131 durumun temelinde \u201c0\u2019\u2019 ya\u015f\u0131 reddetme ve 5 ya\u015f\u0131n bitimiyle ilgili hesab\u0131n yatt\u0131\u011f\u0131na dikkat \u00e7ekerek, \u015funlar\u0131 s\u00f6yledi: \u201cMilli E\u011fitim Bakan\u0131\u2019na ve bakanl\u0131\u011fa g\u00f6re \u00e7ocuk, 60 ay\u0131n\u0131 tamamlad\u0131\u011f\u0131nda 5 ya\u015f\u0131n\u0131 bitirmi\u015f say\u0131lmal\u0131d\u0131r. \u0130statistik bilimine g\u00f6re 5 ya\u015f\u0131n bitip 6 ya\u015fa girilmesi ise 72 ay\u0131n sonunda ger\u00e7ekle\u015fmektedir. Milli E\u011fitim Bakanl\u0131\u011f\u0131, son bakan\u0131n g\u00f6reve ba\u015flamas\u0131na de\u011fin istatistik bilimini esas alan yasalar\u0131 uygulamaya gelmi\u015ftir. Yeni bakan ile yeni bir uygulama ba\u015flat\u0131lmak isteniyor. Bakan\u0131n ya\u015f hesaplama yakla\u015f\u0131m\u0131n\u0131n do\u011fru olmad\u0131\u011f\u0131na inanan benim gibi bir\u00e7ok ki\u015fi vard\u0131r. Bu durumda yap\u0131lacak i\u015flem, bu uygulamay\u0131 kabullenmek veya \u00e7ocuklar i\u00e7in rapor almak yerine, Dan\u0131\u015ftay\u2019da genelgenin y\u00fcr\u00fcrl\u00fc\u011f\u00fcn\u00fcn durdurulmas\u0131 ve iptali i\u00e7in dava a\u00e7makt\u0131r.\u2019\u2019<\/p>\n<p style=\"text-align: justify;\"><strong>Dava nas\u0131l a\u00e7\u0131l\u0131r?\u00a0<\/strong><\/p>\n<p style=\"text-align: justify;\">Dava, ancak uygulamadan etkilenen veliler taraf\u0131ndan hem uygulanan idari i\u015fleme, hem de d\u00fczenleyici i\u015fleme kar\u015f\u0131 a\u00e7\u0131labilecek. 66 ayl\u0131k \u00e7ocu\u011fu okula otomatik kaydedilen veli, buna il\u00e7e ya da il milli e\u011fitim M\u00fcd\u00fcrl\u00fc\u011f\u00fc\u2019ne verece\u011fi bir dilek\u00e7e ile itiraz edecek. \u0130tiraz\u0131 hakl\u0131 bulunmaz ve reddedilirse, ret karar\u0131n\u0131n kendisine tebli\u011finden itibaren, hem uygulanan i\u015fleme hem de d\u00fczenleyici genelgeye kar\u015f\u0131 60 g\u00fcn i\u00e7inde iptal davas\u0131 a\u00e7abilecek.<\/p>\n<p style=\"text-align: justify;\"><a href=\"http:\/\/www.gazeteport.com.tr\/haber\/109031\/quotrapor-almayin-dava-acinquot\" target=\"_blank\">Kaynak : GAZETEPORT<\/a><\/p>\n<p style=\"text-align: justify;\">\n","protected":false},"excerpt":{"rendered":"<p style=\"text-align: justify;\">\n<p style=\"text-align: justify;\">Eski Milli E\u011fitim Bakan\u0131 Hikmet Ulu\u011fbay, 66 ayl\u0131k \u00e7ocu\u011funu okula g\u00f6ndermek istemeyen velilere \u00f6neride bulundu: Rapor almak yerine dava a\u00e7\u0131n&#8230;<\/p>\n<p style=\"text-align: justify;\">5.5 ya\u015f\u0131ndaki \u00e7ocuklar, \u201czihinsel ve fiziksel geli\u015fimlerini tamamlayamad\u0131klar\u0131n\u0131 kan\u0131tlayan\u2019\u2019 sa\u011fl\u0131k raporunu alamamalar\u0131 halinde 10 Eyl\u00fcl\u2019de okula ba\u015flayacak. Devlet hastanelerindeki \u00e7ocuk doktorlar\u0131, b\u00fcy\u00fck geli\u015fim ve sa\u011fl\u0131k sorunu olmayan 66 <\/p>\n","protected":false},"author":1,"featured_media":0,"comment_status":"open","ping_status":"open","sticky":false,"template":"","format":"standard","meta":{"footnotes":""},"categories":[105],"tags":[],"class_list":["post-54529","post","type-post","status-publish","format-standard","hentry","category-gundem","odd"],"_links":{"self":[{"href":"http:\/\/www.korhanyilmaz.com\/index.php?rest_route=\/wp\/v2\/posts\/54529","targetHints":{"allow":["GET"]}}],"collection":[{"href":"http:\/\/www.korhanyilmaz.com\/index.php?rest_route=\/wp\/v2\/posts"}],"about":[{"href":"http:\/\/www.korhanyilmaz.com\/index.php?rest_route=\/wp\/v2\/types\/post"}],"author":[{"embeddable":true,"href":"http:\/\/www.korhanyilmaz.com\/index.php?rest_route=\/wp\/v2\/users\/1"}],"replies":[{"embeddable":true,"href":"http:\/\/www.korhanyilmaz.com\/index.php?rest_route=%2Fwp%2Fv2%2Fcomments&post=54529"}],"version-history":[{"count":0,"href":"http:\/\/www.korhanyilmaz.com\/index.php?rest_route=\/wp\/v2\/posts\/54529\/revisions"}],"wp:attachment":[{"href":"http:\/\/www.korhanyilmaz.com\/index.php?rest_route=%2Fwp%2Fv2%2Fmedia&parent=54529"}],"wp:term":[{"taxonomy":"category","embeddable":true,"href":"http:\/\/www.korhanyilmaz.com\/index.php?rest_route=%2Fwp%2Fv2%2Fcategories&post=54529"},{"taxonomy":"post_tag","embeddable":true,"href":"http:\/\/www.korhanyilmaz.com\/index.php?rest_route=%2Fwp%2Fv2%2Ftags&post=54529"}],"curies":[{"name":"wp","href":"https:\/\/api.w.org\/{rel}","templated":true}]}}