{"id":54525,"date":"2012-08-29T07:35:27","date_gmt":"2012-08-29T04:35:27","guid":{"rendered":"http:\/\/www.korhanyilmaz.com\/?p=54525"},"modified":"2012-08-29T10:37:43","modified_gmt":"2012-08-29T07:37:43","slug":"arinca-muhtira-yaniti","status":"publish","type":"post","link":"http:\/\/www.korhanyilmaz.com\/?p=54525","title":{"rendered":"Ar\u0131n\u00e7&#8217;a muht\u0131ra yan\u0131t\u0131"},"content":{"rendered":"<p style=\"text-align: center;\"><a href=\"http:\/\/www.korhanyilmaz.com\/wp-content\/uploads\/2012\/08\/H508.jpg\"  class=\"lightview\"><img loading=\"lazy\" decoding=\"async\" class=\"aligncenter  wp-image-54526\" src=\"http:\/\/www.korhanyilmaz.com\/wp-content\/uploads\/2012\/08\/H508.jpg\" alt=\"\" width=\"396\" height=\"180\" \/><\/a><\/p>\n<p style=\"text-align: justify;\">TBMM Ba\u015fkan\u0131 \u00c7i\u00e7ek, ter\u00f6re kar\u015f\u0131 haz\u0131rlad\u0131klar\u0131 \u201cMilli Mutabakat\u201d metni i\u00e7in Ba\u015fbakan Yard\u0131mc\u0131s\u0131 Ar\u0131n\u00e7\u2019\u0131n kulland\u0131\u011f\u0131 \u201cmuht\u0131ra\u201d kelimesine \u201cDemokrasilerde muht\u0131ra olmaz. G\u00f6r\u00fc\u015flerimi a\u00e7\u0131klad\u0131m; kat\u0131lan olur, kat\u0131lmayan olur\u201d ele\u015ftirisini yapt\u0131.<\/p>\n<p style=\"text-align: justify;\">ANKARA &#8211; Ter\u00f6re Kar\u015f\u0131 Ulusal Mutabakat metni a\u00e7\u0131klayan TBMM Ba\u015fkan\u0131 Cemil \u00c7i\u00e7ek, 11 maddelik metin i\u00e7in Ba\u015fbakan Yard\u0131mc\u0131s\u0131 B\u00fclent Ar\u0131n\u00e7\u2019\u0131n \u201cmuht\u0131ra\u201d s\u00f6zc\u00fc\u011f\u00fcn\u00fc kullanmas\u0131n\u0131, \u201cDemokrasilerde muht\u0131ra olmaz. Ben g\u00f6r\u00fc\u015flerimi a\u00e7\u0131klad\u0131m; kat\u0131lan olur, kat\u0131lmayan olur\u201d s\u00f6zleriyle de\u011ferlendirdi.\u00a0<!--more--><\/p>\n<p style=\"text-align: justify;\">Konuyla ilgili birka\u00e7 g\u00fcn konu\u015fmayaca\u011f\u0131n\u0131, tart\u0131\u015fmalar\u0131 izleyece\u011fini belirten \u00c7i\u00e7ek, sadece \u201cmuht\u0131ra\u201d ifadesi ve bu ifade \u00fczerine ortaya \u00e7\u0131kan tart\u0131\u015fmalar i\u00e7in \u015fu k\u0131sa de\u011ferlendirmeyi yapt\u0131:<\/p>\n<p style=\"text-align: justify;\">\u201cDemokrasilerde muht\u0131ra olur mu, b\u00f6yle bir \u015fey kabul edilir mi? Kimin ifade etti\u011fi, ne niyetle yapt\u0131\u011f\u0131 \u00f6nemli de\u011fil; ama bu kadar \u015feyden sonra halen muht\u0131ra ile tan\u0131mlanmak do\u011fru de\u011fil. Ben kendimce do\u011fru olan \u015feyleri s\u00f6ylemi\u015fim. Hatta bunlar\u0131 s\u00f6ylerken, \u2018Bunu do\u011fru bulan olur; do\u011fru bulmayan olabilir; nereden \u00e7\u0131kt\u0131 diye soran olabilir. Ama vatanda\u015f\u0131n talebi ortada\u2019 dedim. Buna kar\u015f\u0131 g\u00f6r\u00fc\u015f\u00fc olanlar\u0131n a\u00e7\u0131klamas\u0131 da do\u011fal.\u201d<\/p>\n<p style=\"text-align: justify;\">H\u00fcrriyet gazetesinin haberine g\u00f6re, \u00c7i\u00e7ek, Ar\u0131n\u00e7\u2019\u0131n da dile getirdi\u011fi, \u201cMeclis Ba\u015fkan\u0131 kimi muhatap alarak bunlar\u0131 s\u00f6yledi; muhatab\u0131 belli de\u011fil\u201d y\u00f6n\u00fcndeki g\u00f6r\u00fc\u015fler i\u00e7in de, \u201cMetnin i\u00e7inde bu sorunun cevab\u0131 var\u201d dedi. \u00c7i\u00e7ek\u2019in \u201cmuht\u0131ra\u201d ifadesi \u00fczerine B\u00fclent Ar\u0131n\u00e7 ile bir g\u00f6r\u00fc\u015fme yapmay\u0131 d\u00fc\u015f\u00fcnd\u00fc\u011f\u00fc, ancak g\u00f6r\u00fc\u015fmenin d\u00fcnk\u00fc MGK toplant\u0131s\u0131 nedeniyle sarkt\u0131\u011f\u0131 \u00f6\u011frenildi.<\/p>\n<p style=\"text-align: justify;\">TBMM Ba\u015fkan\u0131 Cemil \u00c7i\u00e7ek\u2019in, \u201cMuhatap metinde var\u201d s\u00f6z\u00fcn\u00fcn kar\u015f\u0131l\u0131\u011f\u0131 metindeki 2 ve 4\u2019\u00fcnc\u00fc maddelerde bulunuyor. Maddeler \u015f\u00f6yle:<\/p>\n<p style=\"text-align: justify;\">2- Ter\u00f6r devletin bekas\u0131n\u0131 ve bireysel hak ve \u00f6zg\u00fcrl\u00fckleri tehdit eden ve toplumun t\u00fcm kesimlerinin kat\u0131lacaklar\u0131 \u00e7ok y\u00f6nl\u00fc m\u00fccadeleyi gerekli k\u0131lan bir sorundur. Bu sorun sadece g\u00fcvenlik tedbirleriyle \u00e7\u00f6z\u00fclebilecek bir nitelik ta\u015f\u0131mamaktad\u0131r. Bu \u00e7er\u00e7evede, ter\u00f6rle m\u00fccadele h\u00fck\u00fcmetin, TBMM\u2019de yer alan veya TBMM\u2019de temsil edilmeyen t\u00fcm siyasi partilerin, sivil toplum kurulu\u015flar\u0131n\u0131n ve toplumun her kesiminin ortak bir sorumluluk anlay\u0131\u015f\u0131 \u00e7er\u00e7evesinde birlikte ve uyum i\u00e7erisinde hareket etmelerini gerektiren bir g\u00f6revdir.<\/p>\n<p style=\"text-align: justify;\">4- Her t\u00fcrl\u00fc ter\u00f6r eylemi ve \u015fiddete kar\u015f\u0131 \u00e7\u0131k\u0131lmas\u0131 h\u00fck\u00fcmetin ve siyasi partilerin oldu\u011fu kadar t\u00fcm demokratik kurulu\u015flar\u0131n, sivil toplum \u00f6rg\u00fctlerinin ve b\u00fct\u00fcn yurtta\u015flar\u0131n da g\u00f6revidir. Bu \u00e7er\u00e7evede t\u00fcm sivil toplum kurulu\u015flar\u0131n\u0131n ve b\u00fct\u00fcn yurtta\u015flar\u0131n \u00f6zellikle gen\u00e7lerin ve kad\u0131nlar\u0131n ter\u00f6r eylemlerine ve ter\u00f6rizmin her t\u00fcr\u00fcne kar\u015f\u0131 duru\u015flar\u0131n\u0131 toplumsal dayan\u0131\u015fmay\u0131 ortaya koyacak mahiyetteki bar\u0131\u015f\u00e7\u0131 ve demokratik y\u00f6ntemlerle sergilemeleri b\u00fcy\u00fck \u00f6nem ta\u015f\u0131maktad\u0131r.<\/p>\n<p style=\"text-align: justify;\"><strong>ARIN\u00c7 NE DEM\u0130\u015eT\u0130?<\/strong><\/p>\n<p style=\"text-align: justify;\">Ar\u0131n\u00e7 ise konuya ili\u015fkin, metni T\u00fcrkiye&#8217;de ya\u015fayan herkesin &#8216;Evet ne kadar do\u011fru&#8217; diyebilece\u011fi bir metin oldu\u011funu ancak muhatab\u0131n\u0131n kim oldu\u011funun da \u00c7i\u00e7ek&#8217;e sorulmas\u0131 gerekti\u011fini kaydetmi\u015fti<\/p>\n<p style=\"text-align: justify;\">Ar\u0131n\u00e7, \u015funlar\u0131 s\u00f6ylemi\u015fti:<\/p>\n<p style=\"text-align: justify;\">&#8221;Biz de \u015f\u00f6yle d\u00fc\u015f\u00fcnd\u00fck; &#8216;Bu bildirinin muhatab\u0131 kimlerdir? Kimler b\u00f6yle bir mutabakata kat\u0131lacakt\u0131r? Say\u0131n Ba\u015fkan\u0131n bu \u00e7a\u011fr\u0131s\u0131 kime kar\u015f\u0131 yap\u0131lm\u0131\u015ft\u0131r? Ben do\u011frusu burada muhatap bulamad\u0131m. \u015eahsen okudu\u011fumda veya bu konu \u00fczerinde \u00e7al\u0131\u015ft\u0131\u011f\u0131mda, Say\u0131n Ba\u015fkan belki maksad\u0131n\u0131 a\u00e7\u0131klayacakt\u0131r; bug\u00fcn, yar\u0131n, \u00f6n\u00fcm\u00fczdeki g\u00fcnlerde. Yani bunu TBMM i\u00e7indeki partilerin imzalamas\u0131 gereken bir bildiri olarak m\u0131 d\u00fc\u015f\u00fcnd\u00fc yoksa sadece kamuoyuna ilan edilen bir d\u00fc\u015f\u00fcnce a\u00e7\u0131klamas\u0131 olarak m\u0131 g\u00f6rd\u00fc bilemiyorum.<\/p>\n<p style=\"text-align: justify;\">O bildirinin muhatab\u0131 h\u00fck\u00fcmet de\u011fildir, TBMM i\u00e7i midir onu Say\u0131n Ba\u015fkan&#8217;\u0131n a\u00e7\u0131klamas\u0131 laz\u0131m. Grup Ba\u015fkanvekilleri midir, sivil toplum kurulu\u015flar\u0131 m\u0131d\u0131r yoksa &#8216;Halk\u0131m\u0131z\u0131n hissiyat\u0131 bu y\u00f6ndedir, ben de halk\u0131n temsilcileri olan TBMM&#8217;nin ba\u015fkan\u0131y\u0131m, halk\u0131n arzu etti\u011fi bu 11 maddelik muht\u0131ray\u0131 a\u00e7\u0131klamak istiyorum ve buna sahip \u00e7\u0131kanlar da sahip \u00e7\u0131kt\u0131klar\u0131n\u0131 ifade etsinler&#8217; mi demek istemi\u015ftir. Say\u0131n Ba\u015fkan\u0131m\u0131z\u0131n gayesini amac\u0131n\u0131 biz kendisini buldu\u011fumuz zaman sorar\u0131z.&#8221;<\/p>\n<p style=\"text-align: justify;\"><a href=\"http:\/\/www.gazeteport.com.tr\/haber\/109027\/arinca-muhtira-yaniti\" target=\"_blank\">Kaynak : GAZETEPORT<\/a><\/p>\n<p style=\"text-align: justify;\">\n","protected":false},"excerpt":{"rendered":"<p style=\"text-align: center;\">\n<p style=\"text-align: justify;\">TBMM Ba\u015fkan\u0131 \u00c7i\u00e7ek, ter\u00f6re kar\u015f\u0131 haz\u0131rlad\u0131klar\u0131 \u201cMilli Mutabakat\u201d metni i\u00e7in Ba\u015fbakan Yard\u0131mc\u0131s\u0131 Ar\u0131n\u00e7\u2019\u0131n kulland\u0131\u011f\u0131 \u201cmuht\u0131ra\u201d kelimesine \u201cDemokrasilerde muht\u0131ra olmaz. G\u00f6r\u00fc\u015flerimi a\u00e7\u0131klad\u0131m; kat\u0131lan olur, kat\u0131lmayan olur\u201d ele\u015ftirisini yapt\u0131.<\/p>\n<p style=\"text-align: justify;\">ANKARA &#8211; Ter\u00f6re Kar\u015f\u0131 Ulusal Mutabakat metni a\u00e7\u0131klayan TBMM Ba\u015fkan\u0131 Cemil \u00c7i\u00e7ek, 11 maddelik metin i\u00e7in Ba\u015fbakan Yard\u0131mc\u0131s\u0131 B\u00fclent Ar\u0131n\u00e7\u2019\u0131n \u201cmuht\u0131ra\u201d <\/p>\n","protected":false},"author":1,"featured_media":0,"comment_status":"open","ping_status":"open","sticky":false,"template":"","format":"standard","meta":{"footnotes":""},"categories":[105],"tags":[],"class_list":["post-54525","post","type-post","status-publish","format-standard","hentry","category-gundem","odd"],"_links":{"self":[{"href":"http:\/\/www.korhanyilmaz.com\/index.php?rest_route=\/wp\/v2\/posts\/54525","targetHints":{"allow":["GET"]}}],"collection":[{"href":"http:\/\/www.korhanyilmaz.com\/index.php?rest_route=\/wp\/v2\/posts"}],"about":[{"href":"http:\/\/www.korhanyilmaz.com\/index.php?rest_route=\/wp\/v2\/types\/post"}],"author":[{"embeddable":true,"href":"http:\/\/www.korhanyilmaz.com\/index.php?rest_route=\/wp\/v2\/users\/1"}],"replies":[{"embeddable":true,"href":"http:\/\/www.korhanyilmaz.com\/index.php?rest_route=%2Fwp%2Fv2%2Fcomments&post=54525"}],"version-history":[{"count":0,"href":"http:\/\/www.korhanyilmaz.com\/index.php?rest_route=\/wp\/v2\/posts\/54525\/revisions"}],"wp:attachment":[{"href":"http:\/\/www.korhanyilmaz.com\/index.php?rest_route=%2Fwp%2Fv2%2Fmedia&parent=54525"}],"wp:term":[{"taxonomy":"category","embeddable":true,"href":"http:\/\/www.korhanyilmaz.com\/index.php?rest_route=%2Fwp%2Fv2%2Fcategories&post=54525"},{"taxonomy":"post_tag","embeddable":true,"href":"http:\/\/www.korhanyilmaz.com\/index.php?rest_route=%2Fwp%2Fv2%2Ftags&post=54525"}],"curies":[{"name":"wp","href":"https:\/\/api.w.org\/{rel}","templated":true}]}}