{"id":54510,"date":"2012-08-28T22:53:43","date_gmt":"2012-08-28T19:53:43","guid":{"rendered":"http:\/\/www.korhanyilmaz.com\/?p=54510"},"modified":"2012-08-29T08:35:22","modified_gmt":"2012-08-29T05:35:22","slug":"tuncelide-jandarma-karakollarina-saldiri-duzenlendi","status":"publish","type":"post","link":"http:\/\/www.korhanyilmaz.com\/?p=54510","title":{"rendered":"Tunceli&#8217;de jandarma karakollar\u0131na sald\u0131r\u0131 d\u00fczenlendi"},"content":{"rendered":"<p style=\"text-align: center;\"><a href=\"http:\/\/www.korhanyilmaz.com\/wp-content\/uploads\/2012\/08\/H505.jpg\"  class=\"lightview\"><img loading=\"lazy\" decoding=\"async\" class=\"aligncenter  wp-image-54511\" src=\"http:\/\/www.korhanyilmaz.com\/wp-content\/uploads\/2012\/08\/H505.jpg\" alt=\"\" width=\"396\" height=\"180\" \/><\/a><\/p>\n<p style=\"text-align: justify;\">Tunceli\u2019de iki ayr\u0131 jandarma karakoluna sald\u0131r\u0131 d\u00fczenlendi Sald\u0131r\u0131lar \u00f6nceden al\u0131nan s\u0131k\u0131 g\u00fcvelik tedbirleri nedeniyle geri p\u00fcsk\u00fcrt\u00fcld\u00fc.<\/p>\n<p style=\"text-align: justify;\">\u0130lk sald\u0131r\u0131 d\u00fcn ak\u015fam saatlerinde ger\u00e7ekle\u015fti.Hozat il\u00e7esine ba\u011fl\u0131 Y\u00fcceldi jandarma karakoluna 3 ayr\u0131 noktadan uzun namlulu silahlar ile sald\u0131ran PKK\u2019l\u0131lar daha sonra karakolun iki ayr\u0131 mevzisine roketatar ile sald\u0131r\u0131 d\u00fczenledi. Sald\u0131r\u0131lar s\u0131ras\u0131nda \u015fans eseri \u00f6len yada yaralanan olmazken karakolu 3 ayr\u0131 noktada uzun namlulu silahlar ile ate\u015f alt\u0131na almaya \u00e7al\u0131\u015fan PKK\u2019l\u0131lara askerler an\u0131nda kar\u015f\u0131l\u0131k verdi.<!--more--><\/p>\n<p style=\"text-align: justify;\">PKK\u2019l\u0131lar\u0131n ate\u015f a\u00e7t\u0131\u011f\u0131 b\u00f6lgeler karakol i\u00e7indeki u\u00e7aksavar ve di\u011fer uzun menzilli silahlar ile ate\u015f alt\u0131na al\u0131n\u0131rken PKK\u2019l\u0131lar\u0131n ka\u00e7\u0131\u015f g\u00fczergahlar\u0131 da Havan toplar\u0131 ile yo\u011fun top ate\u015fi alt\u0131na al\u0131nd\u0131. PKK\u2019l\u0131lar\u0131n b\u00f6lgeden p\u00fcsk\u00fcrt\u00fclmesinden sonra Tunceli jandarma b\u00f6lge komutanl\u0131\u011f\u0131ndan havalanan iki kobra helikopteri de PKK\u2019l\u0131lar\u0131n ka\u00e7t\u0131\u011f\u0131 ormanl\u0131k alanlar\u0131 yo\u011fun bombard\u0131man alt\u0131na al\u0131rken bug\u00fcn sabah saatlerinde de b\u00f6lgede hava destekli operasyon ba\u015flat\u0131ld\u0131 b\u00f6lgedeki operasyonlar devam ediyor.<\/p>\n<p style=\"text-align: justify;\"><strong>Ayn\u0131 karakola 1 ay i\u00e7inde ikinci sald\u0131r\u0131<\/strong><\/p>\n<p style=\"text-align: justify;\">27 Temmuz g\u00fcn\u00fc PKK\u2019l\u0131lar\u0131n sald\u0131r\u0131s\u0131na maruz kalan \u00c7i\u00e7ekli jandarma karakoluna bu ak\u015fam saat 17.30 sular\u0131nda kalabal\u0131k bir PKK\u2019l\u0131 grup tekrar uzun namlulu silahlar ile sald\u0131r\u0131 d\u00fczenlendi. Tunceli merkeze yakla\u015f\u0131k 15 km uzakl\u0131kta bulunan \u00c7i\u00e7ekli jandarma karakolunu bir \u00e7ok noktadan uzun namlulu silahlar ile ate\u015f alt\u0131na almak isteyen PKK\u2019l\u0131lara karakolda bulunan jandarma \u00f6zel haraket timleri ve di\u011fer askerler an\u0131nda kar\u015f\u0131l\u0131k verdi. PKK\u2019l\u0131lar\u0131n karakola f\u0131rlatt\u0131\u011f\u0131 iki roketatar karakola yeti\u015fmeden havada inifalak ederken, karakola biksi marka uzun namlulu silahlar ile karakol yak\u0131n\u0131ndaki tepelerden ate\u015f a\u00e7an PKK\u2019l\u0131lara karakol i\u00e7inde bulunan askerler u\u00e7aksavarlar ile kar\u015f\u0131l\u0131k vererek PKK\u2019l\u0131lar\u0131 geri p\u00fcsk\u00fcrtt\u00fc.<\/p>\n<p style=\"text-align: justify;\">Sald\u0131r\u0131dan k\u0131sa bir s\u00fcre sonra Jandarma b\u00f6lge komutanl\u0131\u011f\u0131ndan havalanan iki kobra helikopteri PKK\u2019l\u0131lar\u0131n ka\u00e7t\u0131\u011f\u0131 ormanl\u0131k alanlar\u0131 yo\u011fun bombad\u0131man alt\u0131na al\u0131rken b\u00f6lgede zaman zaman PKK\u2019l\u0131lar ile s\u0131cak \u00e7at\u0131\u015fmalar\u0131n ya\u015fand\u0131\u011f\u0131 bildiriliyor. Sald\u0131r\u0131 sonras\u0131 PKK\u2019l\u0131lar\u0131n ka\u00e7t\u0131\u011f\u0131 Zargevut ormanlar\u0131 b\u00f6lgesine ve civar\u0131na helikopterler ile \u00e7ok say\u0131da \u00f6zel e\u011fitimli birlik indirilerek operasyon ba\u015flat\u0131r\u0131l\u0131rken b\u00f6lgede ak\u015fam saatlerinde yo\u011fun silah ve top seslerinin geldi\u011fi bildiriliyor. Bu arada karakol civar\u0131ndaki bir \u00e7ok tepede ya\u015fanan \u00e7at\u0131\u015fma sonras\u0131 yer yer orman yang\u0131n\u0131 \u00e7\u0131kt\u0131\u011f\u0131 ancak Tunceli orman i\u015fletme m\u00fcd\u00fcrl\u00fc\u011f\u00fc ekiplerinin orman yang\u0131nlar\u0131na m\u00fcdahale etmedi\u011fi belirtiliyor. (DHA)<\/p>\n<p style=\"text-align: justify;\"><a href=\"http:\/\/www.gazeteport.com.tr\/haber\/109024\/tuncelide-jandarma-karakollarina-saldiri-duzenlendi\" target=\"_blank\">Kaynak : GAZETEPORT<\/a><\/p>\n","protected":false},"excerpt":{"rendered":"<p style=\"text-align: center;\">\n<p style=\"text-align: justify;\">Tunceli\u2019de iki ayr\u0131 jandarma karakoluna sald\u0131r\u0131 d\u00fczenlendi Sald\u0131r\u0131lar \u00f6nceden al\u0131nan s\u0131k\u0131 g\u00fcvelik tedbirleri nedeniyle geri p\u00fcsk\u00fcrt\u00fcld\u00fc.<\/p>\n<p style=\"text-align: justify;\">\u0130lk sald\u0131r\u0131 d\u00fcn ak\u015fam saatlerinde ger\u00e7ekle\u015fti.Hozat il\u00e7esine ba\u011fl\u0131 Y\u00fcceldi jandarma karakoluna 3 ayr\u0131 noktadan uzun namlulu silahlar ile sald\u0131ran PKK\u2019l\u0131lar daha sonra karakolun iki ayr\u0131 mevzisine roketatar ile sald\u0131r\u0131 d\u00fczenledi. Sald\u0131r\u0131lar s\u0131ras\u0131nda <\/p>\n","protected":false},"author":1,"featured_media":0,"comment_status":"open","ping_status":"open","sticky":false,"template":"","format":"standard","meta":{"footnotes":""},"categories":[105],"tags":[],"class_list":["post-54510","post","type-post","status-publish","format-standard","hentry","category-gundem","odd"],"_links":{"self":[{"href":"http:\/\/www.korhanyilmaz.com\/index.php?rest_route=\/wp\/v2\/posts\/54510","targetHints":{"allow":["GET"]}}],"collection":[{"href":"http:\/\/www.korhanyilmaz.com\/index.php?rest_route=\/wp\/v2\/posts"}],"about":[{"href":"http:\/\/www.korhanyilmaz.com\/index.php?rest_route=\/wp\/v2\/types\/post"}],"author":[{"embeddable":true,"href":"http:\/\/www.korhanyilmaz.com\/index.php?rest_route=\/wp\/v2\/users\/1"}],"replies":[{"embeddable":true,"href":"http:\/\/www.korhanyilmaz.com\/index.php?rest_route=%2Fwp%2Fv2%2Fcomments&post=54510"}],"version-history":[{"count":0,"href":"http:\/\/www.korhanyilmaz.com\/index.php?rest_route=\/wp\/v2\/posts\/54510\/revisions"}],"wp:attachment":[{"href":"http:\/\/www.korhanyilmaz.com\/index.php?rest_route=%2Fwp%2Fv2%2Fmedia&parent=54510"}],"wp:term":[{"taxonomy":"category","embeddable":true,"href":"http:\/\/www.korhanyilmaz.com\/index.php?rest_route=%2Fwp%2Fv2%2Fcategories&post=54510"},{"taxonomy":"post_tag","embeddable":true,"href":"http:\/\/www.korhanyilmaz.com\/index.php?rest_route=%2Fwp%2Fv2%2Ftags&post=54510"}],"curies":[{"name":"wp","href":"https:\/\/api.w.org\/{rel}","templated":true}]}}