{"id":54506,"date":"2012-08-28T14:34:11","date_gmt":"2012-08-28T11:34:11","guid":{"rendered":"http:\/\/www.korhanyilmaz.com\/?p=54506"},"modified":"2012-09-09T22:20:02","modified_gmt":"2012-09-09T19:20:02","slug":"cumhurbaskani-son-veda-icin-devreye-girdi","status":"publish","type":"post","link":"http:\/\/www.korhanyilmaz.com\/?p=54506","title":{"rendered":"Cumhurba\u015fkan\u0131 &#8220;son veda&#8221; i\u00e7in devreye girdi"},"content":{"rendered":"<p style=\"text-align: justify;\"><a href=\"http:\/\/www.korhanyilmaz.com\/wp-content\/uploads\/2012\/08\/H504.jpg\"  class=\"lightview\"><img loading=\"lazy\" decoding=\"async\" class=\"aligncenter size-full wp-image-54507\" title=\"\" src=\"http:\/\/www.korhanyilmaz.com\/wp-content\/uploads\/2012\/08\/H504.jpg\" alt=\"\" width=\"292\" height=\"201\" \/><\/a><\/p>\n<p style=\"text-align: justify;\">Cumhurba\u015fkan\u0131 Abdullah G\u00fcl, doktorlar\u0131n 6 ay \u00f6mr\u00fc kald\u0131\u011f\u0131na ili\u015fkin rapor verdi\u011fi, 16 y\u0131l hapis cezas\u0131 alan ancak cezas\u0131 kesinle\u015fmeyen tutuklu Muhlis Barut&#8217;un son g\u00fcnlerini ailesinin yan\u0131nda ge\u00e7irmesi i\u00e7in devreye girdi.<\/p>\n<p style=\"text-align: justify;\">Hacettepe \u00dcniversitesi T\u0131p Fak\u00fcltesi Hastanesi&#8217;nde kulak rahats\u0131zl\u0131\u011f\u0131 nedeniyle tedavi g\u00f6ren Cumhurba\u015fkan\u0131 G\u00fcl, 8 Ekim 2010&#8217;da ye\u015fil kart\u0131n\u0131n iptal edilmesi \u00fczerine av t\u00fcfe\u011fiyle toplum sa\u011fl\u0131\u011f\u0131 merkezini basarak rast gele ate\u015f eden ve 16 y\u0131l hapis cezas\u0131na \u00e7arpt\u0131r\u0131lan in\u015faat i\u015f\u00e7isi Muhlis Barut ile ilgili haberleri izledi.\u00a0<!--more--><\/p>\n<p style=\"text-align: justify;\">Barut&#8217;un &#8220;son g\u00fcnlerini ya\u015farken ailesiyle \u00f6zg\u00fcrce vedala\u015fma hakk\u0131 istedi\u011fi&#8221; ve 24 ya\u015f\u0131ndaki k\u0131z\u0131 G\u00f6n\u00fcl Barut&#8217;un televizyonlardaki s\u00f6zlerinden etkilenen G\u00fcl, tutuklunun son g\u00fcnlerini ailesinin iste\u011fi do\u011frultusunda evinde ge\u00e7irebilmesi i\u00e7in yap\u0131lacak bir \u015fey olup olmad\u0131\u011f\u0131 konusunda Cumhurba\u015fkanl\u0131\u011f\u0131 yetkililerine talimat verdi.<\/p>\n<p style=\"text-align: justify;\">G\u00fcl, yap\u0131lacak bir \u015fey varsa bunun s\u00fcratle yerine getirilmesini de istedi.<\/p>\n<p style=\"text-align: justify;\">\u0130zmir&#8217;in Bayrakl\u0131 \u0130l\u00e7esi&#8217;nde in\u015faat i\u015f\u00e7ili\u011fi yapan karaci\u011fer kanseri Muhlis Barut, 8 Ekim 2010&#8217;da ye\u015fil kart\u0131n\u0131n iptal edilmesi \u00fczerine av t\u00fcfe\u011fiyle toplum sa\u011fl\u0131\u011f\u0131 merkezini bas\u0131p rastgele ate\u015f etmi\u015fti. \u0130zmir 2. A\u011f\u0131r Ceza Mahkemesi, Barut&#8217;u 16 y\u0131l 8 ay hapis cezas\u0131na<\/p>\n<p style=\"text-align: justify;\">\u00e7arpt\u0131rm\u0131\u015ft\u0131. Karar\u0131n temyiz edilmesi \u00fczerine dosyas\u0131 Yarg\u0131tay&#8217;a g\u00f6nderilen Barut, cezas\u0131 hen\u00fcz kesinle\u015fmedi\u011fi i\u00e7in &#8220;tutuklu&#8221; konumunda bulunuyor.<\/p>\n<p style=\"text-align: justify;\"><a href=\"http:\/\/www.cnnturk.com\/2012\/turkiye\/08\/28\/cumhurbaskani.son.veda.icin.devreye.girdi\/674563.0\/index.html\" target=\"_blank\">Kaynak : CNN T\u00dcRK<\/a><\/p>\n","protected":false},"excerpt":{"rendered":"<p style=\"text-align: justify;\">\n<p style=\"text-align: justify;\">Cumhurba\u015fkan\u0131 Abdullah G\u00fcl, doktorlar\u0131n 6 ay \u00f6mr\u00fc kald\u0131\u011f\u0131na ili\u015fkin rapor verdi\u011fi, 16 y\u0131l hapis cezas\u0131 alan ancak cezas\u0131 kesinle\u015fmeyen tutuklu Muhlis Barut&#8217;un son g\u00fcnlerini ailesinin yan\u0131nda ge\u00e7irmesi i\u00e7in devreye girdi.<\/p>\n<p style=\"text-align: justify;\">Hacettepe \u00dcniversitesi T\u0131p Fak\u00fcltesi Hastanesi&#8217;nde kulak rahats\u0131zl\u0131\u011f\u0131 nedeniyle tedavi g\u00f6ren Cumhurba\u015fkan\u0131 G\u00fcl, 8 Ekim 2010&#8217;da ye\u015fil kart\u0131n\u0131n iptal <\/p>\n","protected":false},"author":1,"featured_media":0,"comment_status":"open","ping_status":"open","sticky":false,"template":"","format":"standard","meta":{"footnotes":""},"categories":[105],"tags":[1179],"class_list":["post-54506","post","type-post","status-publish","format-standard","hentry","category-gundem","tag-muhlis-barut","odd"],"_links":{"self":[{"href":"http:\/\/www.korhanyilmaz.com\/index.php?rest_route=\/wp\/v2\/posts\/54506","targetHints":{"allow":["GET"]}}],"collection":[{"href":"http:\/\/www.korhanyilmaz.com\/index.php?rest_route=\/wp\/v2\/posts"}],"about":[{"href":"http:\/\/www.korhanyilmaz.com\/index.php?rest_route=\/wp\/v2\/types\/post"}],"author":[{"embeddable":true,"href":"http:\/\/www.korhanyilmaz.com\/index.php?rest_route=\/wp\/v2\/users\/1"}],"replies":[{"embeddable":true,"href":"http:\/\/www.korhanyilmaz.com\/index.php?rest_route=%2Fwp%2Fv2%2Fcomments&post=54506"}],"version-history":[{"count":0,"href":"http:\/\/www.korhanyilmaz.com\/index.php?rest_route=\/wp\/v2\/posts\/54506\/revisions"}],"wp:attachment":[{"href":"http:\/\/www.korhanyilmaz.com\/index.php?rest_route=%2Fwp%2Fv2%2Fmedia&parent=54506"}],"wp:term":[{"taxonomy":"category","embeddable":true,"href":"http:\/\/www.korhanyilmaz.com\/index.php?rest_route=%2Fwp%2Fv2%2Fcategories&post=54506"},{"taxonomy":"post_tag","embeddable":true,"href":"http:\/\/www.korhanyilmaz.com\/index.php?rest_route=%2Fwp%2Fv2%2Ftags&post=54506"}],"curies":[{"name":"wp","href":"https:\/\/api.w.org\/{rel}","templated":true}]}}