{"id":54501,"date":"2012-08-28T18:06:25","date_gmt":"2012-08-28T15:06:25","guid":{"rendered":"http:\/\/www.korhanyilmaz.com\/?p=54501"},"modified":"2012-08-28T20:41:45","modified_gmt":"2012-08-28T17:41:45","slug":"mgk-suriye-icin-esgudumlu-caba-harcanacak","status":"publish","type":"post","link":"http:\/\/www.korhanyilmaz.com\/?p=54501","title":{"rendered":"MGK: Suriye i\u00e7in e\u015fg\u00fcd\u00fcml\u00fc \u00e7aba harcanacak"},"content":{"rendered":"<p style=\"text-align: justify;\"><a href=\"http:\/\/www.korhanyilmaz.com\/wp-content\/uploads\/2012\/08\/H503.jpg\"  class=\"lightview\"><img loading=\"lazy\" decoding=\"async\" class=\"aligncenter size-full wp-image-54503\" title=\"\" src=\"http:\/\/www.korhanyilmaz.com\/wp-content\/uploads\/2012\/08\/H503.jpg\" alt=\"\" width=\"400\" height=\"230\" \/><\/a><\/p>\n<p style=\"text-align: justify;\">Cumhurba\u015fkan\u0131 G\u00fcl\u2019\u00fcn hastaneden gelerek ba\u015fkanl\u0131k yapt\u0131\u011f\u0131 Milli G\u00fcvenlik Kurulu toplant\u0131s\u0131n\u0131n ard\u0131ndan yay\u0131mlanan bildiride, Suriye&#8217;deki demokratik d\u00f6n\u00fc\u015f\u00fcm s\u00fcrecinin uluslararas\u0131 toplumla e\u015fg\u00fcd\u00fcml\u00fc yap\u0131laca\u011f\u0131, ulusal g\u00fcvenli\u011fe y\u00f6nelik t\u00fcm tehdit ve risklerin bertaraf edilece\u011fi kaydedildi.<\/p>\n<p style=\"text-align: justify;\">ANKARA &#8211; Kulak rahats\u0131zl\u0131\u011f\u0131 nedeniyle Hacettepe \u00dcniversitesi Hastanesi\u2019nde tedavi g\u00f6ren Cumhurba\u015fkan\u0131 Abdullah G\u00fcl, Milli G\u00fcvenlik Kurulu (MGK) toplant\u0131s\u0131na kat\u0131lmak i\u00e7in hastaneden ayr\u0131ld\u0131.\u00a0<!--more--><\/p>\n<p style=\"text-align: justify;\">Cumhurba\u015fkan\u0131 Abdullah G\u00fcl&#8217;\u00fcn ba\u015fkanl\u0131\u011f\u0131nda \u00c7ankaya K\u00f6\u015fk\u00fc&#8217;nde saat 14.05&#8217;te ba\u015flayan toplant\u0131 saat 16.50&#8217;de sona erdi.<\/p>\n<p style=\"text-align: justify;\">2 saat 45 dakika s\u00fcren toplant\u0131da, Suriye&#8217;deki geli\u015fmeler ve ter\u00f6r olaylar\u0131 ele al\u0131nd\u0131.<\/p>\n<p style=\"text-align: justify;\">Toplant\u0131n\u0131n ard\u0131ndan yay\u0131mlanan bildiride, \u00fclke g\u00fcvenli\u011fini ilgilendiren i\u00e7 ve d\u0131\u015f geli\u015fmelerin ele al\u0131nd\u0131\u011f\u0131 belirtildi.<\/p>\n<p style=\"text-align: justify;\">Toplant\u0131da, vatanda\u015flar\u0131n ya\u015fam hakk\u0131n\u0131 hi\u00e7e sayarak ger\u00e7ekle\u015ftirilen ter\u00f6r eylemlerinin ele al\u0131nd\u0131\u011f\u0131, bu eylemlerin vatanda\u015flar\u0131m\u0131z\u0131n huzur ve refah\u0131na en fazla zarar\u0131 verdi\u011fi belirtilerek, &#8221;B\u00fcy\u00fck-k\u00fc\u00e7\u00fck, kad\u0131n-erkek ayr\u0131m\u0131 g\u00f6zetmeksizin halk\u0131n can ve mal g\u00fcvenli\u011fine kast eden ter\u00f6r \u00f6rg\u00fct\u00fcn\u00fcn milletimizin duygu birli\u011fini bozamayaca\u011f\u0131na olan inan\u00e7 teyit edilmi\u015f, ter\u00f6rle m\u00fccadelenin hukuk i\u00e7erisinde, halk\u0131m\u0131z\u0131n can ve mal g\u00fcvenli\u011fi korunarak hassasiyetle ve kararl\u0131l\u0131kla s\u00fcrd\u00fcr\u00fclece\u011fi vurgulanm\u0131\u015ft\u0131r&#8221; denildi.<\/p>\n<p style=\"text-align: justify;\"><strong>SUR\u0130YE&#8217;DEK\u0130 GEL\u0130\u015eMELER<\/strong><\/p>\n<p style=\"text-align: justify;\">Suriye&#8217;de rejimin sivil halka y\u00f6nelik d\u00fczenledi\u011fi sald\u0131r\u0131lar ve bu \u00e7er\u00e7evede olu\u015fan g\u00fcvenlik sorunlar\u0131n\u0131n da ele al\u0131nd\u0131\u011f\u0131 ifade edilen bildiride, \u015funlar kaydedildi:<\/p>\n<p style=\"text-align: justify;\">&#8221;\u00dclkemizde say\u0131lar\u0131 80 bine yakla\u015fan Suriyeliler&#8217;in ihtiya\u00e7lar\u0131n\u0131n kar\u015f\u0131lanmas\u0131 ve \u00f6n\u00fcm\u00fczdeki d\u00f6nemde al\u0131nabilecek tedbirler \u00fczerinde durulmu\u015ftur. Toplant\u0131da ayr\u0131ca, Suriye&#8217;deki otorite bo\u015flu\u011funu istismar etmek isteyebilecek ter\u00f6rist unsurlar\u0131n faaliyetlerinin yan\u0131 s\u0131ra \u00fclkedeki \u00e7at\u0131\u015fma ortam\u0131ndan kaynaklanan ulusal g\u00fcvenli\u011fimize y\u00f6nelik t\u00fcm tehdit ve risklerin bertaraf edilmesine matuf g\u00fc\u00e7l\u00fc irade teyit edilmi\u015f, Suriye halk\u0131n\u0131n me\u015fru talepleri do\u011frultusunda demokratik d\u00f6n\u00fc\u015f\u00fcm s\u00fcrecinin ivedilikle tamamlanmas\u0131n\u0131n ta\u015f\u0131d\u0131\u011f\u0131 \u00f6nem vurgulanarak, bu do\u011frultuda \u00e7abalar\u0131n uluslararas\u0131 toplumla e\u015fg\u00fcd\u00fcm halinde s\u00fcrd\u00fcr\u00fclece\u011fi kaydedilmi\u015ftir.&#8221;<\/p>\n<p style=\"text-align: justify;\"><a href=\"http:\/\/www.ntvmsnbc.com\/id\/25377544\" target=\"_blank\">Kaynak : NTVMSNBC<\/a><\/p>\n","protected":false},"excerpt":{"rendered":"<p style=\"text-align: justify;\">\n<p style=\"text-align: justify;\">Cumhurba\u015fkan\u0131 G\u00fcl\u2019\u00fcn hastaneden gelerek ba\u015fkanl\u0131k yapt\u0131\u011f\u0131 Milli G\u00fcvenlik Kurulu toplant\u0131s\u0131n\u0131n ard\u0131ndan yay\u0131mlanan bildiride, Suriye&#8217;deki demokratik d\u00f6n\u00fc\u015f\u00fcm s\u00fcrecinin uluslararas\u0131 toplumla e\u015fg\u00fcd\u00fcml\u00fc yap\u0131laca\u011f\u0131, ulusal g\u00fcvenli\u011fe y\u00f6nelik t\u00fcm tehdit ve risklerin bertaraf edilece\u011fi kaydedildi.<\/p>\n<p style=\"text-align: justify;\">ANKARA &#8211; Kulak rahats\u0131zl\u0131\u011f\u0131 nedeniyle Hacettepe \u00dcniversitesi Hastanesi\u2019nde tedavi g\u00f6ren Cumhurba\u015fkan\u0131 Abdullah G\u00fcl, Milli G\u00fcvenlik Kurulu (MGK) <\/p>\n","protected":false},"author":1,"featured_media":0,"comment_status":"open","ping_status":"open","sticky":false,"template":"","format":"standard","meta":{"footnotes":""},"categories":[105],"tags":[],"class_list":["post-54501","post","type-post","status-publish","format-standard","hentry","category-gundem","odd"],"_links":{"self":[{"href":"http:\/\/www.korhanyilmaz.com\/index.php?rest_route=\/wp\/v2\/posts\/54501","targetHints":{"allow":["GET"]}}],"collection":[{"href":"http:\/\/www.korhanyilmaz.com\/index.php?rest_route=\/wp\/v2\/posts"}],"about":[{"href":"http:\/\/www.korhanyilmaz.com\/index.php?rest_route=\/wp\/v2\/types\/post"}],"author":[{"embeddable":true,"href":"http:\/\/www.korhanyilmaz.com\/index.php?rest_route=\/wp\/v2\/users\/1"}],"replies":[{"embeddable":true,"href":"http:\/\/www.korhanyilmaz.com\/index.php?rest_route=%2Fwp%2Fv2%2Fcomments&post=54501"}],"version-history":[{"count":0,"href":"http:\/\/www.korhanyilmaz.com\/index.php?rest_route=\/wp\/v2\/posts\/54501\/revisions"}],"wp:attachment":[{"href":"http:\/\/www.korhanyilmaz.com\/index.php?rest_route=%2Fwp%2Fv2%2Fmedia&parent=54501"}],"wp:term":[{"taxonomy":"category","embeddable":true,"href":"http:\/\/www.korhanyilmaz.com\/index.php?rest_route=%2Fwp%2Fv2%2Fcategories&post=54501"},{"taxonomy":"post_tag","embeddable":true,"href":"http:\/\/www.korhanyilmaz.com\/index.php?rest_route=%2Fwp%2Fv2%2Ftags&post=54501"}],"curies":[{"name":"wp","href":"https:\/\/api.w.org\/{rel}","templated":true}]}}