{"id":54497,"date":"2012-08-28T11:46:07","date_gmt":"2012-08-28T08:46:07","guid":{"rendered":"http:\/\/www.korhanyilmaz.com\/?p=54497"},"modified":"2012-08-28T20:25:46","modified_gmt":"2012-08-28T17:25:46","slug":"chpye-mi-geciyor","status":"publish","type":"post","link":"http:\/\/www.korhanyilmaz.com\/?p=54497","title":{"rendered":"CHP&#8217;ye mi ge\u00e7iyor?"},"content":{"rendered":"<p style=\"text-align: justify;\"><a href=\"http:\/\/www.korhanyilmaz.com\/wp-content\/uploads\/2012\/08\/H502.jpg\"  class=\"lightview\"><img loading=\"lazy\" decoding=\"async\" class=\"aligncenter size-full wp-image-54498\" title=\"\" src=\"http:\/\/www.korhanyilmaz.com\/wp-content\/uploads\/2012\/08\/H502.jpg\" alt=\"\" width=\"445\" height=\"202\" \/><\/a><\/p>\n<p style=\"text-align: justify;\">CHP \u0130zmir Milletvekili Aytun \u00c7\u0131nar, partisini kapatan Abd\u00fcllatif \u015eener\u2019i CHP\u2019ye davet etti.<\/p>\n<p style=\"text-align: justify;\">Kurucular\u0131 aras\u0131nda oldu\u011fu AKP\u2019den yollar\u0131n\u0131 ay\u0131rarak, 25 May\u0131s 2009\u2019da T\u00fcrkiye Partisini kuran ve Genel Ba\u015fkanl\u0131k g\u00f6revini \u00fcstlenen Abd\u00fcllatif \u015eener\u2019e partisini kapatmas\u0131n\u0131 ard\u0131ndan CHP\u2019den teklif geldi. CHP\u2019ye Demokrat Parti\u2019den(DP) transfer olan \u0130zmir Milletvekili Aytun \u00c7\u0131nar yapt\u0131\u011f\u0131 a\u00e7\u0131klamada, T\u00fcrkiye\u2019de uzun zamand\u0131r b\u00fcy\u00fck merkez sa\u011f se\u00e7menin yanl\u0131\u015f bir alg\u0131lamayla AKP\u2019yi merkez sa\u011f parti sanarak ona destek verdi\u011fini ifade ederek, \u201cFakat zaman g\u00f6sterdi ki AKP\u2019nin \u00e7ekirdek kadrosu milli g\u00f6r\u00fc\u015f g\u00f6mle\u011fini \u00e7\u0131kard\u0131k dese de \u00e7\u0131karam\u0131yor. Yani bug\u00fcn asl\u0131nda T\u00fcrkiye\u2019yi fikirleri itibariyle y\u00fczde onluk \u00e7ekirdek Refah Partisi anlay\u0131\u015f\u0131 y\u00f6netiyor\u201d dedi.\u00a0<!--more--><\/p>\n<p style=\"text-align: justify;\">Kendisinin de merkez sa\u011fda siyaset yapm\u0131\u015f biri olarak ge\u00e7mi\u015fte birlikte siyaset yapt\u0131klar\u0131, T\u00fcrkiye\u2019nin kurucu de\u011ferleriyle ve kurucular\u0131yla hi\u00e7bir sorunu olamayan b\u00fcy\u00fck merkez se\u00e7meni CHP\u2019ye destek vermeye davet etti\u011fini belirten \u00c7\u0131ray, \u201c\u00c7\u00fcnk\u00fc AKP\u2019nin T\u00fcrkiye\u2019yi getirdi\u011fi durum 1918-1923 y\u0131llar\u0131 aras\u0131nda ya\u015fanan d\u00f6neminden farkl\u0131 de\u011fil. T\u00fcrkiye h\u0131zla bir karde\u015f kavgas\u0131na s\u00fcr\u00fckleniyor, ekonomi diken \u00fczerinde ve d\u0131\u015f politika 88 y\u0131ld\u0131r s\u00fcre gelen ray\u0131ndan sapm\u0131\u015f durumda. T\u00fcrkiye kendisine ait olamayan bir sava\u015f\u0131n e\u015fi\u011fine getiriliyor. Nas\u0131l o y\u0131llarda Menderes, Celal Bayar ve \u0130smet Pa\u015fa ayn\u0131 partide g\u00f6rev yapm\u0131\u015flarsa \u00fclkenin b\u00fct\u00fcnl\u00fc\u011f\u00fc i\u00e7in, \u015fimdi de bu \u015fartlar ge\u00e7erli\u201d dedi.<\/p>\n<p style=\"text-align: justify;\">Abdullatif \u015eener\u2019in de AKP\u2019den ayr\u0131l\u0131p parti kurmas\u0131n\u0131 ortaya \u00e7\u0131karan nedenlerin bug\u00fcn \u00e7ok daha a\u011f\u0131r bi\u00e7imde devam etti\u011fini belirten \u00c7\u0131ray, \u201cKendisinin ne kadar d\u00fcr\u00fcst, ne kadar vatanperver bir siyaset\u00e7i oldu\u011funu biliyoruz. B\u00f6yle bir ismin siyaset d\u0131\u015f\u0131nda kalmas\u0131, kendini erken emekli etmesi bir de\u011ferin kayb\u0131 olur. Kararlar\u0131na sayg\u0131l\u0131y\u0131z ama bu \u00e7er\u00e7evede Say\u0131n \u015eener\u2019e CHP \u00e7at\u0131s\u0131 alt\u0131nda siyaset yapma \u00e7a\u011fr\u0131s\u0131nda bulunuyorum\u201d dedi.<\/p>\n<p style=\"text-align: justify;\">CHP Genel Ba\u015fkan\u0131 Kemal K\u0131l\u0131\u00e7daro\u011flu da bir s\u00fcre \u00f6nce \u201cEski Do\u011fru Yol partililer, eski Anavatan partililer yani bu \u00fclkede demokratik, laik, sosyal hukuk devletini destekleyen, destek veren T\u00fcrkiye&#8217;nin \u00e7a\u011fda\u015fla\u015fmas\u0131na katk\u0131 yapmak isteyen b\u00fct\u00fcn yurtta\u015flar\u0131m\u0131 partimizin \u015femsiyesi alt\u0131na bekliyorum. Buraya gelin\u201d a\u00e7\u0131klamas\u0131nda bulunmu\u015ftu. (ANKA)<\/p>\n<p style=\"text-align: justify;\"><a href=\"http:\/\/www.gazeteport.com.tr\/haber\/108965\/chpye-mi-geciyor\" target=\"_blank\">Kaynak : GAZETEPORT<\/a><\/p>\n<p style=\"text-align: justify;\">\n","protected":false},"excerpt":{"rendered":"<p style=\"text-align: justify;\">\n<p style=\"text-align: justify;\">CHP \u0130zmir Milletvekili Aytun \u00c7\u0131nar, partisini kapatan Abd\u00fcllatif \u015eener\u2019i CHP\u2019ye davet etti.<\/p>\n<p style=\"text-align: justify;\">Kurucular\u0131 aras\u0131nda oldu\u011fu AKP\u2019den yollar\u0131n\u0131 ay\u0131rarak, 25 May\u0131s 2009\u2019da T\u00fcrkiye Partisini kuran ve Genel Ba\u015fkanl\u0131k g\u00f6revini \u00fcstlenen Abd\u00fcllatif \u015eener\u2019e partisini kapatmas\u0131n\u0131 ard\u0131ndan CHP\u2019den teklif geldi. CHP\u2019ye Demokrat Parti\u2019den(DP) transfer olan \u0130zmir Milletvekili Aytun \u00c7\u0131nar yapt\u0131\u011f\u0131 a\u00e7\u0131klamada, <\/p>\n","protected":false},"author":1,"featured_media":0,"comment_status":"open","ping_status":"open","sticky":false,"template":"","format":"standard","meta":{"footnotes":""},"categories":[105],"tags":[],"class_list":["post-54497","post","type-post","status-publish","format-standard","hentry","category-gundem","odd"],"_links":{"self":[{"href":"http:\/\/www.korhanyilmaz.com\/index.php?rest_route=\/wp\/v2\/posts\/54497","targetHints":{"allow":["GET"]}}],"collection":[{"href":"http:\/\/www.korhanyilmaz.com\/index.php?rest_route=\/wp\/v2\/posts"}],"about":[{"href":"http:\/\/www.korhanyilmaz.com\/index.php?rest_route=\/wp\/v2\/types\/post"}],"author":[{"embeddable":true,"href":"http:\/\/www.korhanyilmaz.com\/index.php?rest_route=\/wp\/v2\/users\/1"}],"replies":[{"embeddable":true,"href":"http:\/\/www.korhanyilmaz.com\/index.php?rest_route=%2Fwp%2Fv2%2Fcomments&post=54497"}],"version-history":[{"count":0,"href":"http:\/\/www.korhanyilmaz.com\/index.php?rest_route=\/wp\/v2\/posts\/54497\/revisions"}],"wp:attachment":[{"href":"http:\/\/www.korhanyilmaz.com\/index.php?rest_route=%2Fwp%2Fv2%2Fmedia&parent=54497"}],"wp:term":[{"taxonomy":"category","embeddable":true,"href":"http:\/\/www.korhanyilmaz.com\/index.php?rest_route=%2Fwp%2Fv2%2Fcategories&post=54497"},{"taxonomy":"post_tag","embeddable":true,"href":"http:\/\/www.korhanyilmaz.com\/index.php?rest_route=%2Fwp%2Fv2%2Ftags&post=54497"}],"curies":[{"name":"wp","href":"https:\/\/api.w.org\/{rel}","templated":true}]}}