{"id":54494,"date":"2012-08-28T12:26:00","date_gmt":"2012-08-28T09:26:00","guid":{"rendered":"http:\/\/www.korhanyilmaz.com\/?p=54494"},"modified":"2012-08-28T20:22:35","modified_gmt":"2012-08-28T17:22:35","slug":"gule-30-agustos-icin-izin-yok","status":"publish","type":"post","link":"http:\/\/www.korhanyilmaz.com\/?p=54494","title":{"rendered":"G\u00fcl&#8217;e 30 A\u011fustos i\u00e7in izin yok"},"content":{"rendered":"<p style=\"text-align: justify;\"><a href=\"http:\/\/www.korhanyilmaz.com\/wp-content\/uploads\/2012\/08\/H501.jpg\"  class=\"lightview\"><img loading=\"lazy\" decoding=\"async\" class=\"aligncenter size-full wp-image-54495\" title=\"\" src=\"http:\/\/www.korhanyilmaz.com\/wp-content\/uploads\/2012\/08\/H501.jpg\" alt=\"\" width=\"347\" height=\"236\" \/><\/a><\/p>\n<p style=\"text-align: justify;\">Kulak rahats\u0131zl\u0131\u011f\u0131 nedeniyle hastanede yatan Cumhurba\u015fkan\u0131 G\u00fcl\u2019\u00fcn tedavisi 5 g\u00fcn daha s\u00fcrecek. G\u00fcl, 30 A\u011fustos Zafer Bayram\u0131 t\u00f6renlerine kat\u0131lmayacak. \u00c7ankaya K\u00f6\u015fk\u00fc&#8217;ndeki resepsiyon da iptal edildi.<\/p>\n<p style=\"text-align: justify;\">Hacettepe \u00dcniversitesi Hastanesi\u2019nden yap\u0131lan a\u00e7\u0131klamada Cumhurba\u015fkan\u0131 G\u00fcl&#8217;\u00fcn iki kula\u011f\u0131nda da i\u00e7 kulak kaynakl\u0131 rahats\u0131zl\u0131k nedeniyle tedavisine 5 g\u00fcn daha hastanede devam edilece\u011fi a\u00e7\u0131kland\u0131. Doktorlar\u0131 Cumhurba\u015fkan\u0131 G\u00fcl&#8217;e 30 A\u011fustos t\u00f6renlerine kat\u0131lmamas\u0131 \u00f6nerisinde bulundu. \u00c7ankaya&#8217;daki 30 A\u011fustos resepsiyonu iptal edildi. Zafer Bayram\u0131 t\u00f6renlerine G\u00fcl&#8217;\u00fcn yerine TBMM Ba\u015fkan\u0131 \u00c7i\u00e7ek vekalet edecek.\u00a0<!--more--><\/p>\n<p style=\"text-align: justify;\">Cumhurba\u015fkan\u0131 Abdullah G\u00fcl&#8217;\u00fcn sa\u011fl\u0131k durumuyla ilgili a\u00e7\u0131klama yapan Hacettepe \u00dcniversitesi Rekt\u00f6r\u00fc Prof. Dr. Murat Tuncer, 27 A\u011fustos g\u00fcn\u00fc ak\u015fam saatlerinde farkl\u0131 hastanelerden akademisyenlerin kat\u0131l\u0131m\u0131yla bir heyet toplant\u0131s\u0131 d\u00fczenlendi\u011fini, Cumhurba\u015fkan\u0131 Abdullah G\u00fcl&#8217;\u00fcn son sa\u011fl\u0131k durumunun de\u011ferlendirildi\u011fini ve klinik olarak \u00f6nemli \u00f6l\u00e7\u00fcde iyile\u015fti\u011finin g\u00f6r\u00fcld\u00fc\u011f\u00fcn\u00fc bildirdi.<\/p>\n<p style=\"text-align: justify;\">Tuncer, Cumhurba\u015fkan\u0131 Abdullah G\u00fcl&#8217;e uygulanmakta olan yo\u011fun ila\u00e7 tedavisinin 5 g\u00fcn daha hastanede s\u00fcrmesinin kararla\u015ft\u0131r\u0131ld\u0131\u011f\u0131n\u0131 a\u00e7\u0131klad\u0131.<\/p>\n<p style=\"text-align: justify;\"><strong>30 A\u011eUSTOS T\u00d6RENLER\u0130NE KATILMAYIN TAVS\u0130YES\u0130\u00a0<\/strong><\/p>\n<p style=\"text-align: justify;\">Prof. Dr. Tuncer, Cumhurba\u015fkan\u0131 G\u00fcl&#8217;e, g\u00fcnl\u00fck aktivitelerine s\u0131n\u0131rl\u0131 olarak devam etmesi ve bununla birlikte 2 g\u00fcn sonra yap\u0131lacak 30 A\u011fustos Zafer Bayram\u0131 t\u00f6ren ve kutlamalar\u0131na kat\u0131lmamas\u0131 tavsiyesinde bulunduklar\u0131n\u0131 bildirdi.<\/p>\n<p style=\"text-align: justify;\"><strong>30 A\u011eUSTOS RESEPS\u0130YONU \u0130PTAL\u00a0<\/strong><\/p>\n<p style=\"text-align: justify;\">30 A\u011fustos&#8217;taki \u00c7ankaya resepsiyonu iptal edildi. Cumhurba\u015fkan\u0131 G\u00fcl, Zafer Bayram\u0131 t\u00f6renlerine kat\u0131lamayacak. G\u00fcl&#8217;\u00fcn yerine t\u00f6renlere TBMM Ba\u015fkan\u0131 Cemil \u00c7i\u00e7ek vekalet edecek.<\/p>\n<p style=\"text-align: justify;\">Resepsiyon ger\u00e7ekle\u015ftirilseydi bir ilk ya\u015fanacakt\u0131. \u0130lk kez 30 A\u011fustos&#8217;un ev sahipli\u011fi Anayasa uyar\u0131nca T\u00fcrk Silahl\u0131 Kuvvetleri&#8217;nin &#8220;ba\u015fkomutan\u0131&#8221; s\u0131fat\u0131n\u0131 da ta\u015f\u0131yan Cumhurba\u015fkan\u0131 taraf\u0131ndan ger\u00e7ekle\u015ftirilecekti. Davetiyelerde de davet sahibi olarak &#8220;Cumhurba\u015fkan\u0131 Abdullah G\u00fcl ve Bayan G\u00fcl&#8221; ibaresi yer al\u0131yordu.<\/p>\n<p style=\"text-align: justify;\">Davet Cumhurba\u015fkan\u0131 ve e\u015finin olunca, davet yeri de do\u011fal olarak \u00c7ankaya K\u00f6\u015fk\u00fc&#8217;yd\u00fc. Daha \u00f6nceki y\u0131llarda 30 A\u011fustos&#8217;a ev sahipli\u011fi hep Genelkurmay Ba\u015fkan\u0131 taraf\u0131ndan yap\u0131l\u0131yordu. Resepsiyonlar da orduevlerinde veriliyordu.<\/p>\n<p style=\"text-align: justify;\">30 A\u011fustos resepsiyonunun ge\u00e7ti\u011fimiz y\u0131l da Cumhurba\u015fkan\u0131 taraf\u0131ndan verilmesi karar\u0131 al\u0131nm\u0131\u015f, ancak ter\u00f6r olaylar\u0131 nedeniyle resepsiyon iptal edilmi\u015fti.<\/p>\n<p style=\"text-align: justify;\">Bu y\u0131l da resepsiyon Cumhurba\u015fkan\u0131 G\u00fcl&#8217;\u00fcn rahats\u0131zl\u0131\u011f\u0131 ve doktorlar\u0131n tavsiyesi \u00fczerine iptal edildi.<\/p>\n<p style=\"text-align: justify;\"><strong>MGK TOPLANTISI \u0130\u00c7\u0130N HASTANEDEN AYRILDI\u00a0<\/strong><\/p>\n<p style=\"text-align: justify;\">Cumhurba\u015fkan\u0131 Abdullah G\u00fcl, MGK toplant\u0131s\u0131na kat\u0131lmak \u00fczere tedavi g\u00f6rd\u00fc\u011f\u00fc Hacettepe \u00dcniversitesi T\u0131p Fak\u00fcltesi hastanesinden ayr\u0131ld\u0131.<\/p>\n<p style=\"text-align: justify;\">Saat 13.15&#8217;te hastaneden \u00e7\u0131k\u0131\u015f yapan G\u00fcl, burada kendisini g\u00f6rmek i\u00e7in bekleyen kalabal\u0131\u011f\u0131n \u201cge\u00e7mi\u015f olsun\u201d temennilerine, \u201c\u0130yiyim, sa\u011folun\u201d diye kar\u015f\u0131l\u0131k verdi.<\/p>\n<p style=\"text-align: justify;\">Cumhurba\u015fkan\u0131 Abdullah G\u00fcl, daha sonra \u00c7ankaya K\u00f6\u015fk\u00fc&#8217;ne hareket etti.<\/p>\n<p style=\"text-align: justify;\">Cumhurba\u015fkan\u0131 G\u00fcl, MGK toplant\u0131s\u0131 sonras\u0131 tedavisinin s\u00fcrece\u011fi Hacettepe \u00dcniversitesi T\u0131p Fak\u00fcltesi hastanesine tekrar d\u00f6necek.<\/p>\n<p style=\"text-align: justify;\"><strong>D\u00dcN AK\u015eAM DA HASTANEDEN 2 SAATL\u0130\u011e\u0130NE \u00c7IKTI, BA\u015eBAKAN VE ORG. \u00d6ZEL&#8217;LE G\u00d6R\u00dc\u015eT\u00dc\u00a0<\/strong><\/p>\n<p style=\"text-align: justify;\">Cumhurba\u015fkan\u0131 Abdullah G\u00fcl d\u00fcn ak\u015fam hasta yata\u011f\u0131ndan kalkarak \u00c7ankaya K\u00f6\u015fk\u00fc\u2019nde \u201cTer\u00f6r Zirvesi\u201d d\u00fczenledi. G\u00fcl\u2019\u00fcn Ba\u015fbakan Tayyip Erdo\u011fan ve Genelkurmay Ba\u015fkan\u0131 Orgeneral Necdet \u00d6zel ile ger\u00e7ekle\u015ftirdi\u011fi g\u00f6r\u00fc\u015fme yakla\u015f\u0131k 2 saat s\u00fcrd\u00fc.<\/p>\n<p style=\"text-align: justify;\"><a href=\"http:\/\/www.gazeteport.com.tr\/haber\/108969\/gule-30-agustos-icin-izin-yok\" target=\"_blank\">Kaynak : GAZETEPORT<\/a><\/p>\n","protected":false},"excerpt":{"rendered":"<p style=\"text-align: justify;\">\n<p style=\"text-align: justify;\">Kulak rahats\u0131zl\u0131\u011f\u0131 nedeniyle hastanede yatan Cumhurba\u015fkan\u0131 G\u00fcl\u2019\u00fcn tedavisi 5 g\u00fcn daha s\u00fcrecek. G\u00fcl, 30 A\u011fustos Zafer Bayram\u0131 t\u00f6renlerine kat\u0131lmayacak. \u00c7ankaya K\u00f6\u015fk\u00fc&#8217;ndeki resepsiyon da iptal edildi.<\/p>\n<p style=\"text-align: justify;\">Hacettepe \u00dcniversitesi Hastanesi\u2019nden yap\u0131lan a\u00e7\u0131klamada Cumhurba\u015fkan\u0131 G\u00fcl&#8217;\u00fcn iki kula\u011f\u0131nda da i\u00e7 kulak kaynakl\u0131 rahats\u0131zl\u0131k nedeniyle tedavisine 5 g\u00fcn daha hastanede devam edilece\u011fi a\u00e7\u0131kland\u0131. <\/p>\n","protected":false},"author":1,"featured_media":0,"comment_status":"open","ping_status":"open","sticky":false,"template":"","format":"standard","meta":{"footnotes":""},"categories":[105],"tags":[],"class_list":["post-54494","post","type-post","status-publish","format-standard","hentry","category-gundem","odd"],"_links":{"self":[{"href":"http:\/\/www.korhanyilmaz.com\/index.php?rest_route=\/wp\/v2\/posts\/54494","targetHints":{"allow":["GET"]}}],"collection":[{"href":"http:\/\/www.korhanyilmaz.com\/index.php?rest_route=\/wp\/v2\/posts"}],"about":[{"href":"http:\/\/www.korhanyilmaz.com\/index.php?rest_route=\/wp\/v2\/types\/post"}],"author":[{"embeddable":true,"href":"http:\/\/www.korhanyilmaz.com\/index.php?rest_route=\/wp\/v2\/users\/1"}],"replies":[{"embeddable":true,"href":"http:\/\/www.korhanyilmaz.com\/index.php?rest_route=%2Fwp%2Fv2%2Fcomments&post=54494"}],"version-history":[{"count":0,"href":"http:\/\/www.korhanyilmaz.com\/index.php?rest_route=\/wp\/v2\/posts\/54494\/revisions"}],"wp:attachment":[{"href":"http:\/\/www.korhanyilmaz.com\/index.php?rest_route=%2Fwp%2Fv2%2Fmedia&parent=54494"}],"wp:term":[{"taxonomy":"category","embeddable":true,"href":"http:\/\/www.korhanyilmaz.com\/index.php?rest_route=%2Fwp%2Fv2%2Fcategories&post=54494"},{"taxonomy":"post_tag","embeddable":true,"href":"http:\/\/www.korhanyilmaz.com\/index.php?rest_route=%2Fwp%2Fv2%2Ftags&post=54494"}],"curies":[{"name":"wp","href":"https:\/\/api.w.org\/{rel}","templated":true}]}}