{"id":54489,"date":"2012-08-28T15:24:54","date_gmt":"2012-08-28T12:24:54","guid":{"rendered":"http:\/\/www.korhanyilmaz.com\/?p=54489"},"modified":"2012-08-28T17:04:50","modified_gmt":"2012-08-28T14:04:50","slug":"demirtas-400-kilometre-pkknin-denetiminde","status":"publish","type":"post","link":"http:\/\/www.korhanyilmaz.com\/?p=54489","title":{"rendered":"Demirta\u015f: 400 kilometre PKK&#8217;n\u0131n denetiminde"},"content":{"rendered":"<p style=\"text-align: justify;\"><a href=\"http:\/\/www.korhanyilmaz.com\/wp-content\/uploads\/2012\/08\/H500.jpg\"  class=\"lightview\"><img loading=\"lazy\" decoding=\"async\" class=\"aligncenter size-full wp-image-54490\" title=\"\" src=\"http:\/\/www.korhanyilmaz.com\/wp-content\/uploads\/2012\/08\/H500.jpg\" alt=\"\" width=\"348\" height=\"200\" \/><\/a><\/p>\n<p style=\"text-align: justify;\">BDP E\u015fba\u015fkan\u0131 Selahattin Demirta\u015f, Meclis Ba\u015fkan\u0131\u2019n\u0131n ter\u00f6re kar\u015f\u0131 haz\u0131rlad\u0131\u011f\u0131 mutabakat metninin imzaya a\u00e7\u0131lmas\u0131n\u0131n \u00e7ok tehlikeli olaca\u011f\u0131n\u0131 s\u00f6yledi. MHP\u2019nin teklifine yan\u0131t veren Demirta\u015f, \u201cHepimizin dokunulmazl\u0131\u011f\u0131 kald\u0131r\u0131ls\u0131n\u201d dedi. Demirta\u015f\u2019a g\u00f6re, \u00c7ukurca-\u015eemdinli aras\u0131ndaki 400 kilometre PKK\u2019n\u0131n denetiminde.<\/p>\n<p style=\"text-align: justify;\">D\u0130YARBAKIR &#8211; BDP E\u015fba\u015fkan\u0131 Selahattin Demirta\u015f, Diyarbak\u0131r&#8217;da g\u00fcndeme ili\u015fkin de\u011ferlendirmelerde bulundu.\u00a0<!--more--><\/p>\n<p style=\"text-align: justify;\">Demirta\u015f, ilk ele\u015ftiriyi Meclis Ba\u015fkan\u0131 Cemil \u00c7i\u00e7ek taraf\u0131ndan haz\u0131rlanan &#8220;Milli mutabakat metni&#8221;ne getirdi:<\/p>\n<p style=\"text-align: justify;\">&#8220;TBMM Ba\u015fkan\u0131 bu mutabakat metnini imzaya a\u00e7arsa tehlikeli bir i\u015f yapm\u0131\u015f olur. Mutabakat metnini &#8216;imzalayanlar&#8217; ve &#8216;imzalamayanlar&#8217; diye STK\u2019lar, siyasi partiler, T\u00fcrkiye ikiye ayr\u0131lm\u0131\u015f olur. Dolay\u0131s\u0131yla, T\u00fcrkiye iki ayr\u0131 kampa ayr\u0131lm\u0131\u015f olur. Bu t\u00fcr metinleri, siyasi partiler, dernekler, STK\u2019lar imzaya a\u00e7abilir. Fakat Meclis Ba\u015fkan\u0131, parlamentodaki b\u00fct\u00fcn gruplar\u0131 temsil eden ba\u015fkan\u0131 olan birinin b\u00f6ylesi bir metni imzaya a\u00e7mas\u0131 \u00e7ok sak\u0131ncal\u0131d\u0131r. Benim na\u00e7izane tavsiyem kendi ki\u015fisel g\u00f6r\u00fc\u015fleri olarak o mutabakat metninin kalmas\u0131d\u0131r. Aksi taktirde asl\u0131nda hi\u00e7bir \u015fekilde yeni tek bir c\u00fcmle i\u00e7ermeyen metin T\u00fcrkiye\u2019de bir kampla\u015fman\u0131n \u00f6n\u00fcn\u00fc a\u00e7m\u0131\u015f olacak. Bana g\u00f6re h\u00fck\u00fcmet s\u00f6zc\u00fcs\u00fc her ne kadar metne tepki g\u00f6steriyor gibi olsa da, bence bu metin i\u00e7 ve d\u0131\u015f politikada s\u0131k\u0131\u015fm\u0131\u015f olan AKP politikalar\u0131n\u0131 kurtarma metnidir. AKP\u2019nin d\u00fc\u015ft\u00fc\u011f\u00fc \u00e7ukurdan meclis ba\u015fkan\u0131 eliyle kurtar\u0131lmas\u0131 giri\u015fimidir.G\u00fcvenlik konsepti bak\u0131\u015f a\u00e7\u0131s\u0131yla haz\u0131rlanm\u0131\u015f bir metindir. BDP b\u00f6yle bir giri\u015fimin destek\u00e7isi olmaz.&#8221;<\/p>\n<p style=\"text-align: justify;\">Hakkari\u2019nin \u015eemdinli il\u00e7esinde BDP milletvekilleri ve PKK&#8217;l\u0131lar\u0131n kucakla\u015fmas\u0131 sonras\u0131 g\u00fcndeme gelen dokunulmazl\u0131k tart\u0131\u015fmalar\u0131na da de\u011finen Demirta\u015f, \u015f\u00f6yle dedi:<\/p>\n<p style=\"text-align: justify;\">&#8220;Dokunulmazl\u0131\u011f\u0131n kald\u0131r\u0131lmas\u0131 ya da kald\u0131r\u0131lmamas\u0131 Meclis&#8217;in taktirindedir. Bu konuda AKP\u2019nin samimi bir tutumu varsa biz ba\u015f\u0131ndan beri \u015funu s\u00f6yl\u00fcyoruz; k\u00fcrs\u00fc dokunulmazl\u0131\u011f\u0131 hari\u00e7 b\u00fct\u00fcn dokunulmazl\u0131klar\u0131 kald\u0131ral\u0131m. Milletvekillerinin ifade \u00f6zg\u00fcrl\u00fc\u011f\u00fc d\u0131\u015f\u0131nda hi\u00e7bir \u00f6zg\u00fcrl\u00fc\u011f\u00fc olmas\u0131n. Ama s\u0131rf bir iki milletvekilimiz i\u00e7in dokunulmazl\u0131klar tart\u0131\u015f\u0131lmaya a\u00e7\u0131l\u0131rsa bu iki y\u00fczl\u00fcl\u00fck olur. Bu kadar doland\u0131r\u0131c\u0131l\u0131k, sahtecilik fezlekesi Meclis&#8217;te beklerken, sadece BDP\u2019li birka\u00e7 vekilin dokunulmazl\u0131\u011f\u0131n\u0131n g\u00fcndeme getirilmesi bizim a\u00e7\u0131m\u0131zdan kabul edilemez bir durum olur. BDP\u2019li vekiller dokunulmazl\u0131\u011f\u0131n arkas\u0131na s\u0131\u011f\u0131nan vekiller de\u011fil. Zaten bir \u00e7o\u011fumuz hakk\u0131nda dokunulmazl\u0131\u011f\u0131m\u0131z fiilen ihlal edilmi\u015f durumda. Davalar\u0131m\u0131z s\u00fcr\u00fcyor. Polisin, savc\u0131n\u0131n, yarg\u0131n\u0131n dokunmad\u0131\u011f\u0131 BDP\u2019li vekil yoktur. Dokunulmazl\u0131\u011f\u0131m\u0131z fiilen kalkm\u0131\u015f durumda. Bir kez daha T\u00fcrkiye\u2019yi derin siyasi krizlere sokmak istiyorlarsa, b\u00f6yle hesaplar\u0131 varsa kendileri bilir. Biz hi\u00e7 tavsiye etmeyiz. Birka\u00e7 vekilin dokunulmazl\u0131\u011f\u0131n\u0131n kald\u0131r\u0131lmas\u0131n\u0131 T\u00fcrkiye\u2019nin gelece\u011fi a\u00e7\u0131s\u0131ndan do\u011fru bulmay\u0131z. Dokunulmazl\u0131\u011f\u0131m\u0131z kalkacak diye korkacak ve tedirgin olacak de\u011filiz. Hi\u00e7bir arkada\u015f\u0131m\u0131z\u0131n veremeyecek hesab\u0131 yoktur. T\u00fcm dokunulmazl\u0131klar kald\u0131r\u0131lacaksa buna destek veririz. Hepimizin dokunulmazl\u0131\u011f\u0131 kald\u0131r\u0131ls\u0131n.&#8221;<\/p>\n<p style=\"text-align: justify;\"><strong>&#8216;LEYLA HANIMI NE KONU\u015eTURDUK, NE DE SUSTURDUK&#8217;<\/strong><\/p>\n<p style=\"text-align: justify;\">Ba\u015fbakan Erdo\u011fan&#8217;\u0131n dan\u0131\u015fmanlar\u0131n\u0131 da &#8220;fal bakmak&#8221;la su\u00e7layan Demirta\u015f, &#8220;Biraz etraflar\u0131na baks\u0131nlar&#8221; uyar\u0131s\u0131nda bulundu. Ba\u015fbakan&#8217;a da \u00e7a\u011fr\u0131 yapan Demirta\u015f, tansiyonu d\u00fc\u015f\u00fcrecek a\u00e7\u0131klamalar yapmas\u0131n\u0131 istedi. BDP milletvekili Leyla Zana&#8217;n\u0131n Ba\u015fbakan&#8217;la g\u00f6r\u00fc\u015fmesinden sonraki sessizli\u011fini de de\u011ferlendiren Demirta\u015f, &#8220;Biz Leyla han\u0131m\u0131 ne konu\u015fturduk, ne de susturduk. Susuyorsa, kendi ki\u015fisel tavr\u0131d\u0131r&#8221; dedi.<\/p>\n<p style=\"text-align: justify;\">Devletin zirvesinin Gaziantep&#8217;teki cenazede yer almas\u0131n\u0131 samimi bulmad\u0131\u011f\u0131n\u0131 savunan Demirta\u015f, &#8220;O tabloda bulunanlar \u00e7\u00f6z\u00fcms\u00fczl\u00fckten besleniyor&#8221; diye konu\u015ftu.<\/p>\n<p style=\"text-align: justify;\"><strong>&#8216;ORDU OPERASYON YAPMADI K\u0130 B\u0130TS\u0130N&#8217;<\/strong><\/p>\n<p style=\"text-align: justify;\">Hakkari\u2019nin \u015eemdinli il\u00e7esinde yakla\u015f\u0131k 40 g\u00fcnden beri devam eden \u00e7at\u0131\u015fmalar\u0131 da de\u011ferlendiren Demirta\u015f, \u015eemdinli ile \u00c7ukurca aras\u0131ndaki 300-400 kilometrelik bir alan\u0131n \u00f6rg\u00fct\u00fcn denetiminde oldu\u011funu, askerin bu b\u00f6lgelere karadan operasyon yapamad\u0131\u011f\u0131n\u0131 iddia etti. Demirta\u015f, \u201cOrdu sadece havadan karakollara lojistik destek yap\u0131yor. Karadaki denetim PKK taraf\u0131ndan ele ge\u00e7irilmi\u015f durumda. Bunu saklamak i\u00e7in manip\u00fclatif a\u00e7\u0131klamalar yap\u0131l\u0131yor. Hakkari Valisi \u2018operasyon bitti\u2019 diyor. Ordu operasyon yapmad\u0131 ki bitsin. Durum \u00f6yle de\u011fil. Askeri a\u00e7\u0131dan PKK\u2019n\u0131n bitirilemeyece\u011fini \u015eemdinli\u2019de 40 g\u00fcnd\u00fcr s\u00fcren sava\u015f ve ac\u0131 ger\u00e7ek bir kez daha ortaya koydu. Ordan \u00e7\u0131kar\u0131lmas\u0131 gereken sonu\u00e7 \u015fudur. K\u00fcrt sorunu tankla topla halledilecek sorun de\u011fil. PKK askeri olarak bitirilse de K\u00fcrt sorunu ortadan kalkmayacakt\u0131r. Bence do\u011fru sonu\u00e7lar \u00e7\u0131kar\u0131l\u0131rsa bu a\u015famada ciddi radikal de\u011fi\u015fikliklerle h\u00fck\u00fcmet m\u00fczakereleri g\u00fcndemine al\u0131rsa hep birlikte \u00f6l\u00fcmleri ve akan kan\u0131 durdurabiliriz. BDP olarak daha g\u00fc\u00e7l\u00fc bir \u015fekilde destek vermeye haz\u0131r\u0131z. H\u00fck\u00fcmetin ciddi ve radikal politika de\u011fi\u015fikli\u011fi ile sava\u015f konseptinden \u00e7\u0131k\u0131p m\u00fczakere konseptine ge\u00e7mesi gerekir. B\u00f6yle bir s\u00fcrece girilirse BDP h\u00fck\u00fcmet ile bu konular\u0131 g\u00f6r\u00fc\u015f\u00fcr, destek olur. Ama g\u00fcvenlik\u00e7i konseptten vazge\u00e7ilmesi gerekir. \u0130ki taraf\u0131n da sava\u015f\u0131 art\u0131k bir se\u00e7enek olmaktan \u00e7\u0131kar\u0131p yeni bir m\u00fczakere s\u00fcreci ba\u015flatmas\u0131 laz\u0131md\u0131r. \u015eemdinli bunu yak\u0131c\u0131 bir \u015fekilde g\u00f6stermi\u015ftir\u201d dedi.<\/p>\n<p style=\"text-align: justify;\">Demirta\u015f, Suriye meselesinin ba\u015flad\u0131\u011f\u0131 g\u00fcnden beri T\u00fcrkiye\u2019nin as\u0131l derdinin K\u00fcrtlerin \u00f6zg\u00fcrl\u00fcklerini ve haklar\u0131n\u0131 kazanmamas\u0131 \u00fczerine oldu\u011funu ileri s\u00fcrd\u00fc. K\u00fcrtleri tehdit olarak g\u00f6ren bir T\u00fcrk d\u0131\u015f politika anlay\u0131\u015f\u0131 oldu\u011funu savunan Demirta\u015f, \u201cT\u00fcrkiye, K\u00fcrtleri kaybetti\u011fi oranda Ortado\u011fu\u2019da kaybediyor. Bug\u00fcn K\u00fcrtleri arkas\u0131na almayan, K\u00fcrtlerin deste\u011fini almayan bir T\u00fcrkiye, d\u0131\u015f politikada kaybetmeye mahkum bir T\u00fcrkiye\u2019dir. Tarihsel olarak b\u00f6yledir. Bir realitedir. Bir ger\u00e7ektir. O nedenle T\u00fcrk ve K\u00fcrt halk\u0131n\u0131n gelece\u011fini birlikte kurgulamak istiyorsak h\u00fck\u00fcmetin art\u0131k K\u00fcrt d\u00fc\u015fmanl\u0131\u011f\u0131ndan vazge\u00e7mesi gerekir. K\u00fcrt fobisinden kurtulmas\u0131 gerekir.\u201d g\u00f6r\u00fc\u015flerini savundu.<\/p>\n<p style=\"text-align: justify;\"><a href=\"http:\/\/www.ntvmsnbc.com\/id\/25377501\" target=\"_blank\">Kaynak : NTVMSNBC<\/a><\/p>\n","protected":false},"excerpt":{"rendered":"<p style=\"text-align: justify;\">\n<p style=\"text-align: justify;\">BDP E\u015fba\u015fkan\u0131 Selahattin Demirta\u015f, Meclis Ba\u015fkan\u0131\u2019n\u0131n ter\u00f6re kar\u015f\u0131 haz\u0131rlad\u0131\u011f\u0131 mutabakat metninin imzaya a\u00e7\u0131lmas\u0131n\u0131n \u00e7ok tehlikeli olaca\u011f\u0131n\u0131 s\u00f6yledi. MHP\u2019nin teklifine yan\u0131t veren Demirta\u015f, \u201cHepimizin dokunulmazl\u0131\u011f\u0131 kald\u0131r\u0131ls\u0131n\u201d dedi. Demirta\u015f\u2019a g\u00f6re, \u00c7ukurca-\u015eemdinli aras\u0131ndaki 400 kilometre PKK\u2019n\u0131n denetiminde.<\/p>\n<p style=\"text-align: justify;\">D\u0130YARBAKIR &#8211; BDP E\u015fba\u015fkan\u0131 Selahattin Demirta\u015f, Diyarbak\u0131r&#8217;da g\u00fcndeme ili\u015fkin de\u011ferlendirmelerde bulundu. <\/p>\n","protected":false},"author":1,"featured_media":0,"comment_status":"open","ping_status":"open","sticky":false,"template":"","format":"standard","meta":{"footnotes":""},"categories":[105],"tags":[],"class_list":["post-54489","post","type-post","status-publish","format-standard","hentry","category-gundem","odd"],"_links":{"self":[{"href":"http:\/\/www.korhanyilmaz.com\/index.php?rest_route=\/wp\/v2\/posts\/54489","targetHints":{"allow":["GET"]}}],"collection":[{"href":"http:\/\/www.korhanyilmaz.com\/index.php?rest_route=\/wp\/v2\/posts"}],"about":[{"href":"http:\/\/www.korhanyilmaz.com\/index.php?rest_route=\/wp\/v2\/types\/post"}],"author":[{"embeddable":true,"href":"http:\/\/www.korhanyilmaz.com\/index.php?rest_route=\/wp\/v2\/users\/1"}],"replies":[{"embeddable":true,"href":"http:\/\/www.korhanyilmaz.com\/index.php?rest_route=%2Fwp%2Fv2%2Fcomments&post=54489"}],"version-history":[{"count":0,"href":"http:\/\/www.korhanyilmaz.com\/index.php?rest_route=\/wp\/v2\/posts\/54489\/revisions"}],"wp:attachment":[{"href":"http:\/\/www.korhanyilmaz.com\/index.php?rest_route=%2Fwp%2Fv2%2Fmedia&parent=54489"}],"wp:term":[{"taxonomy":"category","embeddable":true,"href":"http:\/\/www.korhanyilmaz.com\/index.php?rest_route=%2Fwp%2Fv2%2Fcategories&post=54489"},{"taxonomy":"post_tag","embeddable":true,"href":"http:\/\/www.korhanyilmaz.com\/index.php?rest_route=%2Fwp%2Fv2%2Ftags&post=54489"}],"curies":[{"name":"wp","href":"https:\/\/api.w.org\/{rel}","templated":true}]}}