{"id":54485,"date":"2012-08-28T16:16:39","date_gmt":"2012-08-28T13:16:39","guid":{"rendered":"http:\/\/www.korhanyilmaz.com\/?p=54485"},"modified":"2012-08-28T20:26:14","modified_gmt":"2012-08-28T17:26:14","slug":"basbakandan-kilicdarogluna-4-sayfalik-yanit","status":"publish","type":"post","link":"http:\/\/www.korhanyilmaz.com\/?p=54485","title":{"rendered":"Ba\u015fbakan&#8217;dan K\u0131l\u0131\u00e7daro\u011flu&#8217;na 4 sayfal\u0131k yan\u0131t"},"content":{"rendered":"<p style=\"text-align: justify;\"><a href=\"http:\/\/www.korhanyilmaz.com\/wp-content\/uploads\/2012\/08\/H499.jpg\"  class=\"lightview\"><img loading=\"lazy\" decoding=\"async\" class=\"aligncenter size-full wp-image-54486\" title=\"\" src=\"http:\/\/www.korhanyilmaz.com\/wp-content\/uploads\/2012\/08\/H499.jpg\" alt=\"\" width=\"394\" height=\"227\" \/><\/a><\/p>\n<p style=\"text-align: justify;\">Ba\u015fbakan Erdo\u011fan, CHP Lideri&#8217;nin Suriye konusunda kendisine g\u00f6nderdi\u011fi mektuba 4 sayfal\u0131k bir mektupla yan\u0131t verdi. Erdo\u011fan, &#8220;Ya\u015fanan geli\u015fmelere kar\u015f\u0131 T\u00fcrkiye&#8217;nin &#8216;etkili a\u011f\u0131rl\u0131k koyabilecek iken&#8217; bunu yapamad\u0131\u011f\u0131 iddian\u0131z ger\u00e7eklerle ba\u011fda\u015fmamaktad\u0131r&#8221; dedi.<\/p>\n<p style=\"text-align: justify;\">ANKARA &#8211; Ba\u015fbakan Erdo\u011fan, CHP Genel Ba\u015fkan\u0131 Kemal K\u0131l\u0131\u00e7daro\u011flu&#8217;nun Suriye konusundaki geli\u015fmelere ili\u015fkin d\u00fcn yollad\u0131\u011f\u0131 mektuba, 4 sayfal\u0131k bir mektupla cevap verdi.\u00a0<!--more--><\/p>\n<p style=\"text-align: justify;\">Mektubunda &#8221;Suriye&#8217;de ya\u015fanan geli\u015fmelere kar\u015f\u0131 T\u00fcrkiye&#8217;nin &#8216;etkili a\u011f\u0131rl\u0131k koyabilecek&#8217; iken bunu &#8216;yapamad\u0131\u011f\u0131&#8217; iddian\u0131z ger\u00e7eklerle ba\u011fda\u015fmamaktad\u0131r&#8221; ifadelerine yer veren Ba\u015fbakan Erdo\u011fan, \u015funlar\u0131 kaydetti:<\/p>\n<p style=\"text-align: justify;\">&#8221;<span style=\"text-decoration: underline;\">CHP&#8217;nin, hakl\u0131 olan halklardan yana daima a\u00e7\u0131k ve net bir tutum i\u00e7inde olmas\u0131 beklenirdi. Zalim ile mazlum, katil ile maktul, hakl\u0131 ile haks\u0131z aras\u0131nda ayr\u0131m yapmayan siyasi bir tutum insani ve ahlaki de\u011fildir. CHP y\u00f6netimi bu insani ve ahlaki zaaf ile maluld\u00fcr. Bu tutumun, Suriye krizine \u00e7\u00f6z\u00fcm \u00fcretmesi m\u00fcmk\u00fcn de\u011fildir.<\/span><\/p>\n<p style=\"text-align: justify;\">Mektubunuzda Suriye rejiminin katliamlara devam etmek konusundaki \u0131srar\u0131n\u0131n her t\u00fcrl\u00fc \u00e7\u00f6z\u00fcm s\u00fcrecini baltalad\u0131\u011f\u0131n\u0131 g\u00f6rmezden gelmektesiniz. T\u00fcrkiye&#8217;nin Mart 2011&#8217;den bu yana \u00fczerinde \u00e7al\u0131\u015ft\u0131\u011f\u0131 ve en son Cenevre toplant\u0131s\u0131 sonras\u0131nda yay\u0131nlanan bildiride yer alan plan\u0131, yeni ve orijinal bir \u00f6neri gibi sunmaktas\u0131n\u0131z ve yine mektubunuzda Suriye rejiminin katliamlara devam etmek konusunda \u0131srar\u0131n\u0131n her t\u00fcrl\u00fc \u00e7\u00f6z\u00fcm s\u00fcrecini baltalad\u0131\u011f\u0131n\u0131 g\u00f6rmezden gelmektesiniz.&#8221;<\/p>\n<p style=\"text-align: justify;\"><a href=\"http:\/\/www.ntvmsnbc.com\/id\/25377517\" target=\"_blank\">Kaynak : NTVMSNBC<\/a><\/p>\n","protected":false},"excerpt":{"rendered":"<p style=\"text-align: justify;\">\n<p style=\"text-align: justify;\">Ba\u015fbakan Erdo\u011fan, CHP Lideri&#8217;nin Suriye konusunda kendisine g\u00f6nderdi\u011fi mektuba 4 sayfal\u0131k bir mektupla yan\u0131t verdi. Erdo\u011fan, &#8220;Ya\u015fanan geli\u015fmelere kar\u015f\u0131 T\u00fcrkiye&#8217;nin &#8216;etkili a\u011f\u0131rl\u0131k koyabilecek iken&#8217; bunu yapamad\u0131\u011f\u0131 iddian\u0131z ger\u00e7eklerle ba\u011fda\u015fmamaktad\u0131r&#8221; dedi.<\/p>\n<p style=\"text-align: justify;\">ANKARA &#8211; Ba\u015fbakan Erdo\u011fan, CHP Genel Ba\u015fkan\u0131 Kemal K\u0131l\u0131\u00e7daro\u011flu&#8217;nun Suriye konusundaki geli\u015fmelere ili\u015fkin d\u00fcn yollad\u0131\u011f\u0131 mektuba, 4 sayfal\u0131k <\/p>\n","protected":false},"author":1,"featured_media":0,"comment_status":"open","ping_status":"open","sticky":false,"template":"","format":"standard","meta":{"footnotes":""},"categories":[105],"tags":[],"class_list":["post-54485","post","type-post","status-publish","format-standard","hentry","category-gundem","odd"],"_links":{"self":[{"href":"http:\/\/www.korhanyilmaz.com\/index.php?rest_route=\/wp\/v2\/posts\/54485","targetHints":{"allow":["GET"]}}],"collection":[{"href":"http:\/\/www.korhanyilmaz.com\/index.php?rest_route=\/wp\/v2\/posts"}],"about":[{"href":"http:\/\/www.korhanyilmaz.com\/index.php?rest_route=\/wp\/v2\/types\/post"}],"author":[{"embeddable":true,"href":"http:\/\/www.korhanyilmaz.com\/index.php?rest_route=\/wp\/v2\/users\/1"}],"replies":[{"embeddable":true,"href":"http:\/\/www.korhanyilmaz.com\/index.php?rest_route=%2Fwp%2Fv2%2Fcomments&post=54485"}],"version-history":[{"count":0,"href":"http:\/\/www.korhanyilmaz.com\/index.php?rest_route=\/wp\/v2\/posts\/54485\/revisions"}],"wp:attachment":[{"href":"http:\/\/www.korhanyilmaz.com\/index.php?rest_route=%2Fwp%2Fv2%2Fmedia&parent=54485"}],"wp:term":[{"taxonomy":"category","embeddable":true,"href":"http:\/\/www.korhanyilmaz.com\/index.php?rest_route=%2Fwp%2Fv2%2Fcategories&post=54485"},{"taxonomy":"post_tag","embeddable":true,"href":"http:\/\/www.korhanyilmaz.com\/index.php?rest_route=%2Fwp%2Fv2%2Ftags&post=54485"}],"curies":[{"name":"wp","href":"https:\/\/api.w.org\/{rel}","templated":true}]}}