{"id":54477,"date":"2012-08-27T13:37:17","date_gmt":"2012-08-27T10:37:17","guid":{"rendered":"http:\/\/www.korhanyilmaz.com\/?p=54477"},"modified":"2012-08-28T13:43:32","modified_gmt":"2012-08-28T10:43:32","slug":"bakanlar-kurulu-toplandi","status":"publish","type":"post","link":"http:\/\/www.korhanyilmaz.com\/?p=54477","title":{"rendered":"Bakanlar Kurulu topland\u0131"},"content":{"rendered":"<p style=\"text-align: center;\"><a href=\"http:\/\/www.korhanyilmaz.com\/wp-content\/uploads\/2012\/08\/H497.jpg\"  class=\"lightview\"><img loading=\"lazy\" decoding=\"async\" class=\"aligncenter  wp-image-54478\" src=\"http:\/\/www.korhanyilmaz.com\/wp-content\/uploads\/2012\/08\/H497.jpg\" alt=\"\" width=\"420\" height=\"210\" \/><\/a><\/p>\n<p style=\"text-align: justify;\">Bakanlar Kurulu, Ba\u015fbakan Recep Tayyip Erdo\u011fan ba\u015fkanl\u0131\u011f\u0131nda Ba\u015fbakanl\u0131k Merkez Bina\u2019da topland\u0131.<\/p>\n<p style=\"text-align: justify;\">Gaziantep\u2019te 9 ki\u015finin \u00f6l\u00fcm\u00fcyle sonu\u00e7lanan bombal\u0131 ter\u00f6r sald\u0131r\u0131s\u0131n\u0131n ard\u0131ndan toplanan Bakanlar Kurulu\u2019nda ana g\u00fcndem artan ter\u00f6r olaylar\u0131 olacak. Ba\u015fbakan Recep Tayyip Erdo\u011fan, n\u00fckseden kulak rahats\u0131zl\u0131\u011f\u0131 nedeniyle bir s\u00fcredir Hacettepe \u00dcniversitesi T\u0131p Fak\u00fcltesi Hastanesi\u2019nde tedavi g\u00f6ren Cumhurba\u015fkan\u0131 Abdullah G\u00fcl\u2019\u00fc ziyaretinin ard\u0131ndan Ba\u015fbakanl\u0131k Merkez Bina\u2019ya ula\u015ft\u0131.<!--more--><\/p>\n<p style=\"text-align: justify;\">Ba\u015fbakan Erdo\u011fan&#8217;\u0131n geli\u015fi ard\u0131ndan 13.30&#8217;da ba\u015flayan Bakanlar Kurulu toplant\u0131s\u0131nda, Gaziantep\u2019teki sald\u0131r\u0131yla ilgili son geli\u015fmelerin masaya yat\u0131r\u0131lmas\u0131, sald\u0131r\u0131 sonras\u0131nda b\u00f6lgede incelemelerde bulunan bakanlar\u0131n Kurul\u2019a bilgi vermesi, ter\u00f6r\u00fcn uluslararas\u0131 ba\u011flant\u0131lar\u0131n\u0131n mercek alt\u0131na al\u0131nmas\u0131, Suriye ba\u011flant\u0131lar\u0131yla ilgili iddialar\u0131n de\u011ferlendirilmesi bekleniyor.<\/p>\n<p style=\"text-align: justify;\"><a href=\"http:\/\/siyaset.milliyet.com.tr\/bakanlar-kurulu-toplandi\/siyaset\/siyasetdetay\/27.08.2012\/1587112\/default.htm\" target=\"_blank\">Kaynak : Milliyet.com.tr<br \/>\n<\/a><\/p>\n","protected":false},"excerpt":{"rendered":"<p style=\"text-align: center;\">\n<p style=\"text-align: justify;\">Bakanlar Kurulu, Ba\u015fbakan Recep Tayyip Erdo\u011fan ba\u015fkanl\u0131\u011f\u0131nda Ba\u015fbakanl\u0131k Merkez Bina\u2019da topland\u0131.<\/p>\n<p style=\"text-align: justify;\">Gaziantep\u2019te 9 ki\u015finin \u00f6l\u00fcm\u00fcyle sonu\u00e7lanan bombal\u0131 ter\u00f6r sald\u0131r\u0131s\u0131n\u0131n ard\u0131ndan toplanan Bakanlar Kurulu\u2019nda ana g\u00fcndem artan ter\u00f6r olaylar\u0131 olacak. Ba\u015fbakan Recep Tayyip Erdo\u011fan, n\u00fckseden kulak rahats\u0131zl\u0131\u011f\u0131 nedeniyle bir s\u00fcredir Hacettepe \u00dcniversitesi T\u0131p Fak\u00fcltesi Hastanesi\u2019nde tedavi g\u00f6ren Cumhurba\u015fkan\u0131 Abdullah <\/p>\n","protected":false},"author":1,"featured_media":0,"comment_status":"open","ping_status":"open","sticky":false,"template":"","format":"standard","meta":{"footnotes":""},"categories":[105],"tags":[],"class_list":["post-54477","post","type-post","status-publish","format-standard","hentry","category-gundem","odd"],"_links":{"self":[{"href":"http:\/\/www.korhanyilmaz.com\/index.php?rest_route=\/wp\/v2\/posts\/54477","targetHints":{"allow":["GET"]}}],"collection":[{"href":"http:\/\/www.korhanyilmaz.com\/index.php?rest_route=\/wp\/v2\/posts"}],"about":[{"href":"http:\/\/www.korhanyilmaz.com\/index.php?rest_route=\/wp\/v2\/types\/post"}],"author":[{"embeddable":true,"href":"http:\/\/www.korhanyilmaz.com\/index.php?rest_route=\/wp\/v2\/users\/1"}],"replies":[{"embeddable":true,"href":"http:\/\/www.korhanyilmaz.com\/index.php?rest_route=%2Fwp%2Fv2%2Fcomments&post=54477"}],"version-history":[{"count":0,"href":"http:\/\/www.korhanyilmaz.com\/index.php?rest_route=\/wp\/v2\/posts\/54477\/revisions"}],"wp:attachment":[{"href":"http:\/\/www.korhanyilmaz.com\/index.php?rest_route=%2Fwp%2Fv2%2Fmedia&parent=54477"}],"wp:term":[{"taxonomy":"category","embeddable":true,"href":"http:\/\/www.korhanyilmaz.com\/index.php?rest_route=%2Fwp%2Fv2%2Fcategories&post=54477"},{"taxonomy":"post_tag","embeddable":true,"href":"http:\/\/www.korhanyilmaz.com\/index.php?rest_route=%2Fwp%2Fv2%2Ftags&post=54477"}],"curies":[{"name":"wp","href":"https:\/\/api.w.org\/{rel}","templated":true}]}}