{"id":54466,"date":"2012-08-27T12:52:40","date_gmt":"2012-08-27T09:52:40","guid":{"rendered":"http:\/\/www.korhanyilmaz.com\/?p=54466"},"modified":"2012-08-28T13:23:57","modified_gmt":"2012-08-28T10:23:57","slug":"cicekten-ulusal-mutabakat-onerisi","status":"publish","type":"post","link":"http:\/\/www.korhanyilmaz.com\/?p=54466","title":{"rendered":"\u00c7i\u00e7ek&#8217;ten &#8216;Ulusal mutabakat&#8217; \u00f6nerisi"},"content":{"rendered":"<p style=\"text-align: center;\"><a href=\"http:\/\/www.korhanyilmaz.com\/wp-content\/uploads\/2012\/08\/H495.jpg\"  class=\"lightview\"><img loading=\"lazy\" decoding=\"async\" class=\"aligncenter  wp-image-54467\" src=\"http:\/\/www.korhanyilmaz.com\/wp-content\/uploads\/2012\/08\/H495.jpg\" alt=\"\" width=\"396\" height=\"180\" \/><\/a><\/p>\n<p style=\"text-align: justify;\">TBMM Ba\u015fkan\u0131 Cemil \u00c7i\u00e7ek, kamuoyunda tart\u0131\u015f\u0131lmak \u00fczere 11 maddelik &#8221;Ter\u00f6re Kar\u015f\u0131 Ulusal Mutabakat&#8221; \u00f6nerisinde bulundu. \u00c7i\u00e7ek, &#8221;Ter\u00f6rle m\u00fccadelede etkin ve kal\u0131c\u0131 ba\u015far\u0131n\u0131n sa\u011flanmas\u0131nda ulusal bir mutabakat ortam\u0131n\u0131n tesisi b\u00fcy\u00fck \u00f6nem ta\u015f\u0131maktad\u0131r&#8221; dedi.<\/p>\n<p style=\"text-align: justify;\">TBMM &#8211; TBMM Ba\u015fkan\u0131 Cemil \u00c7i\u00e7ek, kamuoyunda tart\u0131\u015f\u0131lmak \u00fczere 11 maddelik &#8221;Ter\u00f6re Kar\u015f\u0131 Ulusal Mutabakat&#8221; \u00f6nerisinde bulundu.\u00a0<!--more--><\/p>\n<p style=\"text-align: justify;\">\u00c7i\u00e7ek, ulusal gazete ve haber ajanslar\u0131n\u0131n Ankara temsilcileri ile TBMM&#8217;de bir araya geldi. Toplant\u0131da ter\u00f6r konusunda d\u00fc\u015f\u00fcncelerini dile getiren \u00c7i\u00e7ek, Ulusal \u00e7\u0131kar, devletin bekas\u0131n\u0131n g\u00fcvence alt\u0131na al\u0131nmas\u0131na y\u00f6nelik tedbirler ile milletin huzur ve refah\u0131n\u0131n y\u00fckseltilmesi \u00e7abalar\u0131n\u0131n birbirini destekleyecek \u015fekilde y\u00fcr\u00fct\u00fclmesini gerekli k\u0131ld\u0131\u011f\u0131n\u0131 bildirdi.<\/p>\n<p style=\"text-align: justify;\">Bu \u00e7er\u00e7evede, g\u00fcvenli\u011fin peki\u015ftirilmesi ile toplumun her kesiminin yararland\u0131\u011f\u0131 demokratik standartlar\u0131n daha da geli\u015ftirilmesinin birbirine alternatif te\u015fkil etmedi\u011fi anlay\u0131\u015f\u0131ndan hareketle, devletin bekas\u0131n\u0131n her \u015fart alt\u0131nda korunmas\u0131 \u00e7abalar\u0131yla ki\u015fisel hak ve \u00f6zg\u00fcrl\u00fcklere sayg\u0131n\u0131n daha da g\u00fc\u00e7lendirilmesi aras\u0131ndaki olmazsa olmaz nitelikteki dengenin g\u00f6zetilmesinin, \u00f6ncelikli hedefi te\u015fkil etti\u011fini vurgulayan \u00c7i\u00e7ek, \u015funlar\u0131 kaydetti:<\/p>\n<p style=\"text-align: justify;\">&#8221;\u00d6te yandan \u00fclke ve birey g\u00fcvenli\u011finin, kar\u015f\u0131 kar\u015f\u0131ya bulunulan sorunlar\u0131n yaln\u0131zca bir ve\u00e7hesine odaklanan tek y\u00f6nl\u00fc yakla\u015f\u0131mlarla sa\u011flanamayaca\u011f\u0131 bilinmektedir. Bu itibarla bir yandan bireysel hak ve \u00f6zg\u00fcrl\u00fckler ile toplumsal refah\u0131n daha da geni\u015fletilmesi ve g\u00fc\u00e7lendirilmesi, di\u011fer yandan da bireysel hak ve \u00f6zg\u00fcrl\u00fcklerin kullan\u0131m\u0131n\u0131n toplumun huzur ve g\u00fcvenli\u011fine zarar verecek mahiyette istismar\u0131n\u0131n \u00f6nlenebilmesi y\u00f6n\u00fcnde, milli bir mutabakata dayanan ve bu alandaki uluslar aras\u0131 normlara uygun \u00e7ok y\u00f6nl\u00fc kapsaml\u0131 ve kapsay\u0131c\u0131 nitelikte tedbirler al\u0131nmas\u0131 gerekmektedir.<\/p>\n<p style=\"text-align: justify;\">Bu ba\u011flamda toplumun ve bireylerin yararland\u0131\u011f\u0131 \u00f6zg\u00fcrl\u00fckler alan\u0131n\u0131n geni\u015fletilmesi, demokratik standartlar\u0131n y\u00fckseltilmesi daha \u00f6zg\u00fcr ve e\u015fitlik\u00e7i bir toplumsal ve siyasal ortam\u0131n sa\u011flanmas\u0131 yakla\u015f\u0131m\u0131 esas al\u0131nmal\u0131, toplumsal huzur ve g\u00fcvenlik ile bireyin en temel hakk\u0131 olan ya\u015fam hakk\u0131n\u0131 hedef alan ter\u00f6r ve \u015fiddet eylemleri gerek\u00e7esi her ne olursa olsun, reddedilmeli ve kararl\u0131l\u0131kla engellenmelidir.<\/p>\n<p style=\"text-align: justify;\">Ter\u00f6rle m\u00fccadelede etkin ve kal\u0131c\u0131 ba\u015far\u0131n\u0131n sa\u011flanmas\u0131nda ulusal bir mutabakat ortam\u0131n\u0131n tesisi b\u00fcy\u00fck \u00f6nem ta\u015f\u0131maktad\u0131r. Bu \u00e7er\u00e7evede, ba\u015fta siyasi partiler, sivil toplum kurulu\u015flar\u0131 ve \u00fclkemizin birlik ve b\u00fct\u00fcnl\u00fc\u011f\u00fcn\u00fcn korunmas\u0131nda b\u00fcy\u00fck fedakarl\u0131k sergileyen \u015fehit yak\u0131nlar\u0131 ile ter\u00f6r kurbanlar\u0131n\u0131n aileleri olmak \u00fczere, toplumun her kesimini kapsayacak daha etkin bir ulusal mutabakat\u0131n tesisi gerekmektedir. Bu \u015fekilde ter\u00f6re kar\u015f\u0131 g\u00fc\u00e7l\u00fc bir ortak toplumsal tepki sergilenebilecek, ter\u00f6rle m\u00fccadeledeki birlik ve beraberlik daha da g\u00fc\u00e7lendirilecektir.&#8221;<\/p>\n<p style=\"text-align: justify;\"><strong>&#8221;Ter\u00f6re Kar\u015f\u0131 Ulusal Mutabakat&#8221;\u00a0<\/strong><\/p>\n<p style=\"text-align: justify;\">\u00c7i\u00e7ek&#8217;in tart\u0131\u015fmaya a\u00e7t\u0131\u011f\u0131 11 maddelik &#8221;Ter\u00f6re Kar\u015f\u0131 Ulusal Mutabakat&#8221; ilkeleri \u015funlar:<\/p>\n<p style=\"text-align: justify;\"><strong>1-<\/strong> \u015eiddeti ve ter\u00f6r\u00fc benimseyen hi\u00e7bir anlay\u0131\u015f veya hareket tarz\u0131 kabul edilemez. Bu nedenle, hangi maksatla olursa olsun, ter\u00f6r ve \u015fiddet y\u00f6ntemlerine ba\u015fvurulmas\u0131n\u0131, bunun mazur g\u00f6sterilmesini, desteklenmesini ve te\u015fvik edilmesini reddediyoruz. Bu anlay\u0131\u015fla ter\u00f6r \u00f6rg\u00fctlerine kat\u0131lm\u0131\u015f herkese, yasalar tan\u0131nan imkanlardan yararlanarak silahlar\u0131n\u0131 b\u0131rakmalar\u0131 \u00e7a\u011fr\u0131s\u0131nda bulunuyoruz.<\/p>\n<p style=\"text-align: justify;\"><strong>2<\/strong>&#8211; Ter\u00f6r devletin bekas\u0131n\u0131 ve bireysel hak ve \u00f6zg\u00fcrl\u00fckleri tehdit eden ve toplumun t\u00fcm kesimlerinin kat\u0131lacaklar\u0131 \u00e7ok y\u00f6nl\u00fc m\u00fccadeleyi gerekli k\u0131lan bir sorundur. Bu sorun sadece g\u00fcvenlik tedbirleriyle \u00e7\u00f6z\u00fclebilecek bir nitelik ta\u015f\u0131mamaktad\u0131r. Bu \u00e7er\u00e7evede, ter\u00f6rle m\u00fccadele h\u00fck\u00fcmetin, TBMM&#8217;de yer alan veya TBMM&#8217;de temsil edilmeyen t\u00fcm siyasi partilerin, sivil toplum kurulu\u015flar\u0131n\u0131n ve toplumun her kesiminin ortak bir sorumluluk anlay\u0131\u015f\u0131 \u00e7er\u00e7evesinde birlikte ve uyum i\u00e7erisinde hareket etmelerini gerektiren bir g\u00f6revdir.<\/p>\n<p style=\"text-align: justify;\"><strong>3<\/strong>&#8211; Bu anlay\u0131\u015f do\u011frultusunda ter\u00f6rle m\u00fccadele demokratik hukuk devletinin temel ilkeleri ve insan haklar\u0131na sayg\u0131 s\u0131n\u0131rlar\u0131 \u00e7er\u00e7evesinde y\u00fcr\u00fct\u00fclecek, bu temelde yakla\u015f\u0131m \u00e7er\u00e7evesinde benimsenecek tedbirler partiler \u00fcst\u00fc bir anlay\u0131\u015f ve yakla\u015f\u0131mla ve her hal\u00fckarda t\u00fcm siyasi m\u00fclahazalar\u0131n d\u0131\u015f\u0131nda tutularak bu konudaki toplumsal dayan\u0131\u015fmay\u0131 sergileyecek surette ele al\u0131nacak ve uygulanacakt\u0131r.<\/p>\n<p style=\"text-align: justify;\"><strong>4<\/strong>&#8211; Her t\u00fcrl\u00fc ter\u00f6r eylemi ve \u015fiddete kar\u015f\u0131 \u00e7\u0131k\u0131lmas\u0131 h\u00fck\u00fcmetin ve siyasi partilerin oldu\u011fu kadar t\u00fcm demokratik kurulu\u015flar\u0131n, sivil toplum \u00f6rg\u00fctlerinin ve b\u00fct\u00fcn yurtta\u015flar\u0131n da g\u00f6revidir. Bu \u00e7er\u00e7evede t\u00fcm sivil toplum kurulu\u015flar\u0131n\u0131n ve b\u00fct\u00fcn yurtta\u015flar\u0131n \u00f6zellikle gen\u00e7lerin ve kad\u0131nlar\u0131n ter\u00f6r eylemlerine ve ter\u00f6rizmin her t\u00fcr\u00fcne kar\u015f\u0131 duru\u015flar\u0131n\u0131 toplumsal dayan\u0131\u015fmay\u0131 ortaya koyacak mahiyetteki bar\u0131\u015f\u00e7\u0131 ve demokratik y\u00f6ntemlerle sergilemeleri b\u00fcy\u00fck \u00f6nem ta\u015f\u0131maktad\u0131r.<\/p>\n<p style=\"text-align: justify;\"><strong>5-<\/strong> Ter\u00f6rle m\u00fccadele devletin, vatanda\u015f\u0131n\u0131n can ve mal g\u00fcvenli\u011fi ile temel hak ve \u00f6zg\u00fcrl\u00fcklerinin korunmas\u0131 konusundaki anayasal g\u00f6revi ve bu \u00e7er\u00e7evede ilgili yasalar\u0131n g\u00fcvenlik g\u00fc\u00e7lerine verdi\u011fi yetki do\u011frultusunda kararl\u0131l\u0131kla s\u00fcrd\u00fcr\u00fclmeye devam edilecektir. Bu ba\u011flamda g\u00fcvenlik g\u00fc\u00e7lerinin ihtiya\u00e7 duyacaklar\u0131 imkan ve yeteneklerin geli\u015ftirilmesi \u00f6ncelikli \u00f6neme haizdir.<\/p>\n<p style=\"text-align: justify;\"><strong>6<\/strong>&#8211; Daha demokratik, daha e\u015fitlik\u00e7i ve daha \u00f6zg\u00fcrl\u00fck\u00e7\u00fc bir devlet toplum ili\u015fkisi tesisi i\u00e7in yurtta\u015flar\u0131m\u0131z\u0131n bireysel hak ve \u00f6zg\u00fcrl\u00fcklerini \u00e7o\u011fulculuk anlay\u0131\u015f\u0131 \u00e7er\u00e7evesinde ve daha geni\u015f bir bak\u0131\u015f a\u00e7\u0131s\u0131yla g\u00fcvence alt\u0131na alacak yeni bir anayasa toplumun t\u00fcm kesimlerinin kat\u0131l\u0131m\u0131 ve mutabakat\u0131 da sa\u011flanmak suretiyle s\u00fcratle haz\u0131rlanacakt\u0131r.<\/p>\n<p style=\"text-align: justify;\"><strong>7<\/strong>&#8211; G\u00fcneydo\u011fu Anadolu b\u00f6lgesinin temel sorunlar\u0131ndan biri ekonomik kalk\u0131nmad\u0131r. Kalk\u0131nma hedefi b\u00fct\u00fcnc\u00fcl bir yakla\u015f\u0131mla ele al\u0131nacak bu do\u011frultuda toplumsal ve k\u00fclt\u00fcrel ya\u015famdan idari yap\u0131lanmaya, ekonomik kalk\u0131nmadan b\u00f6lgesel geli\u015fmeye kadar bir dizi, iktisadi ve k\u00fclt\u00fcrel tedbir etkin bir \u015fekilde uygulamaya konulacakt\u0131r. Bu tedbirlerin uygulanmas\u0131nda \u00fcniter ve ulus devlet yap\u0131s\u0131na, idarenin b\u00fct\u00fcnl\u00fc\u011f\u00fcne ve idari vesayet ilkelerine zarar vermeyecek \u015fekilde, yerel y\u00f6netimlerin daha g\u00fc\u00e7l\u00fc bir idari ve mali yap\u0131ya kavu\u015fturulmas\u0131 yakla\u015f\u0131m\u0131 benimsenecektir.<\/p>\n<p style=\"text-align: justify;\"><strong>8<\/strong> &#8211; Ter\u00f6rle m\u00fccadelenin bir di\u011fer \u00f6nemli ve\u00e7hesi de etkin uluslar aras\u0131 i\u015fbirli\u011finin sa\u011flanmas\u0131d\u0131r. Bu ba\u011flamda gerek \u00fclkelerle temaslarda, gerek b\u00f6lgesel ve uluslar aras\u0131 \u00f6rg\u00fct ve platformlarda, ter\u00f6rle m\u00fccadelede sergilenen i\u015fbirli\u011fi ve \u00fclkemizde bu alanda milli bir mutabakat \u00e7er\u00e7evesinde y\u00fcr\u00fct\u00fclen ortak m\u00fccadelenin anlat\u0131lmas\u0131 i\u00e7in birlikte \u00e7al\u0131\u015f\u0131lacakt\u0131r.<\/p>\n<p style=\"text-align: justify;\"><strong>9<\/strong> &#8211; \u015eehit ailelerinin, ter\u00f6r ma\u011fdurlar\u0131n\u0131n ve bunlar\u0131n yak\u0131nlar\u0131n\u0131n durumlar\u0131n\u0131n daha da iyile\u015ftirilmesi i\u00e7in gerekli tedbirler al\u0131nacakt\u0131r.<\/p>\n<p style=\"text-align: justify;\"><strong>10<\/strong> &#8211; Bu mutabakata taraf olan siyasi partiler ve STK olarak, bu mutabakattaki ilkeler do\u011frultusundaki her t\u00fcrl\u00fc i\u015fbirli\u011fine partiler \u00fcst\u00fc bir yakla\u015f\u0131mla yakla\u015faca\u011f\u0131m\u0131z\u0131 ilan ediyoruz.<\/p>\n<p style=\"text-align: justify;\"><strong>11<\/strong> &#8211; Bu \u00e7er\u00e7evede b\u00fct\u00fcn yurtta\u015flar\u0131n ba\u015fta olmak \u00fczere temel hak ve \u00f6zg\u00fcrl\u00fcklerini korumak ve daha da geli\u015ftirmek i\u00e7in birlikte \u00e7al\u0131\u015faca\u011f\u0131m\u0131z\u0131 beyan ediyor ve toplumun t\u00fcm kesimlerini bu mutabakatta ifadesini bulan yakla\u015f\u0131m\u0131 benimseyip desteklemeye devam ediyoruz. (AA)<\/p>\n<p style=\"text-align: justify;\"><a href=\"http:\/\/www.gazeteport.com.tr\/haber\/108870\/cicekten-ulusal-mutabakat-onerisi\" target=\"_blank\">Kaynak : GAZETEPORT<\/a><\/p>\n<p style=\"text-align: justify;\">\n","protected":false},"excerpt":{"rendered":"<p style=\"text-align: center;\">\n<p style=\"text-align: justify;\">TBMM Ba\u015fkan\u0131 Cemil \u00c7i\u00e7ek, kamuoyunda tart\u0131\u015f\u0131lmak \u00fczere 11 maddelik &#8221;Ter\u00f6re Kar\u015f\u0131 Ulusal Mutabakat&#8221; \u00f6nerisinde bulundu. \u00c7i\u00e7ek, &#8221;Ter\u00f6rle m\u00fccadelede etkin ve kal\u0131c\u0131 ba\u015far\u0131n\u0131n sa\u011flanmas\u0131nda ulusal bir mutabakat ortam\u0131n\u0131n tesisi b\u00fcy\u00fck \u00f6nem ta\u015f\u0131maktad\u0131r&#8221; dedi.<\/p>\n<p style=\"text-align: justify;\">TBMM &#8211; TBMM Ba\u015fkan\u0131 Cemil \u00c7i\u00e7ek, kamuoyunda tart\u0131\u015f\u0131lmak \u00fczere 11 maddelik &#8221;Ter\u00f6re Kar\u015f\u0131 Ulusal Mutabakat&#8221; \u00f6nerisinde <\/p>\n","protected":false},"author":1,"featured_media":0,"comment_status":"open","ping_status":"open","sticky":false,"template":"","format":"standard","meta":{"footnotes":""},"categories":[105],"tags":[],"class_list":["post-54466","post","type-post","status-publish","format-standard","hentry","category-gundem","odd"],"_links":{"self":[{"href":"http:\/\/www.korhanyilmaz.com\/index.php?rest_route=\/wp\/v2\/posts\/54466","targetHints":{"allow":["GET"]}}],"collection":[{"href":"http:\/\/www.korhanyilmaz.com\/index.php?rest_route=\/wp\/v2\/posts"}],"about":[{"href":"http:\/\/www.korhanyilmaz.com\/index.php?rest_route=\/wp\/v2\/types\/post"}],"author":[{"embeddable":true,"href":"http:\/\/www.korhanyilmaz.com\/index.php?rest_route=\/wp\/v2\/users\/1"}],"replies":[{"embeddable":true,"href":"http:\/\/www.korhanyilmaz.com\/index.php?rest_route=%2Fwp%2Fv2%2Fcomments&post=54466"}],"version-history":[{"count":0,"href":"http:\/\/www.korhanyilmaz.com\/index.php?rest_route=\/wp\/v2\/posts\/54466\/revisions"}],"wp:attachment":[{"href":"http:\/\/www.korhanyilmaz.com\/index.php?rest_route=%2Fwp%2Fv2%2Fmedia&parent=54466"}],"wp:term":[{"taxonomy":"category","embeddable":true,"href":"http:\/\/www.korhanyilmaz.com\/index.php?rest_route=%2Fwp%2Fv2%2Fcategories&post=54466"},{"taxonomy":"post_tag","embeddable":true,"href":"http:\/\/www.korhanyilmaz.com\/index.php?rest_route=%2Fwp%2Fv2%2Ftags&post=54466"}],"curies":[{"name":"wp","href":"https:\/\/api.w.org\/{rel}","templated":true}]}}