{"id":54457,"date":"2012-08-27T04:46:12","date_gmt":"2012-08-27T01:46:12","guid":{"rendered":"http:\/\/www.korhanyilmaz.com\/?p=54457"},"modified":"2012-08-28T20:28:54","modified_gmt":"2012-08-28T17:28:54","slug":"cemaati-imam-hatip-okullarina-tesvik-edin","status":"publish","type":"post","link":"http:\/\/www.korhanyilmaz.com\/?p=54457","title":{"rendered":"Cemaati, imam hatip okullar\u0131na te\u015fvik edin"},"content":{"rendered":"<p style=\"text-align: center;\"><a href=\"http:\/\/www.korhanyilmaz.com\/wp-content\/uploads\/2012\/08\/H493.jpg\"  class=\"lightview\"><img loading=\"lazy\" decoding=\"async\" class=\"aligncenter  wp-image-54458\" src=\"http:\/\/www.korhanyilmaz.com\/wp-content\/uploads\/2012\/08\/H493.jpg\" alt=\"\" width=\"369\" height=\"231\" \/><\/a><\/p>\n<p style=\"text-align: justify;\">Rize M\u00fcft\u00fcs\u00fc Yusuf Do\u011fan, Rize il\u00e7e ve k\u00f6ylerde g\u00f6rev yapan imamlara cep telefonu mesaj\u0131 g\u00f6ndererek imam hatip okullar\u0131 konusunda halk\u0131n te\u015fvik edilmesini istedi. Mesaj baz\u0131 imamlar taraf\u0131ndan tepkiyle kar\u015f\u0131land\u0131. Mesajda, \u201c\u0130HL orta k\u0131sm\u0131na kay\u0131t i\u00e7in cami i\u00e7i ve cami d\u0131\u015f\u0131nda cemaatin ve \u00f6\u011frencinin te\u015fvik edilmesi hususunda gerekli hassasiyetin g\u00f6sterilmesi rica olunur\u201d ifadeleri yer ald\u0131.\u00a0<!--more--><\/p>\n<p style=\"text-align: justify;\">Mesajdan rahats\u0131z olan baz\u0131 cami imamlar\u0131 b\u00f6lgede faaliyet g\u00f6steren Nab\u0131z Gazetesi\u2019ni arayarak durumdan haberdar etti. \u0130mamlar, \u201cBizim b\u00f6yle bir g\u00f6revimiz var m\u0131 yok mu rahats\u0131z etti. Bizim g\u00f6revimiz dini bilgileri aktarmak bunun d\u0131\u015f\u0131nda bizlere cami cemaatine ve \u00e7ocuklar\u0131na, \u201c\u015eu okulu ve ya bu okulu tercih edin, demek gibi bir g\u00f6revimiz olmasa gerek\u201d diyerek tepkilerini dile getirdi. Gazetenin ula\u015ft\u0131\u011f\u0131 M\u00fctf\u00fc Do\u011fan mesaj\u0131n kendi talimat\u0131yla at\u0131ld\u0131\u011f\u0131n\u0131 kabul etti.<\/p>\n<p style=\"text-align: justify;\"><a href=\"http:\/\/www.aydinlikgazete.com\/mansetler\/14763-cemaati-imam-hatip-okullarna-tevik-edin.html\" target=\"_blank\">Kaynak : Ayd\u0131nl\u0131k Gazetesi<\/a><\/p>\n","protected":false},"excerpt":{"rendered":"<p style=\"text-align: center;\">\n<p style=\"text-align: justify;\">Rize M\u00fcft\u00fcs\u00fc Yusuf Do\u011fan, Rize il\u00e7e ve k\u00f6ylerde g\u00f6rev yapan imamlara cep telefonu mesaj\u0131 g\u00f6ndererek imam hatip okullar\u0131 konusunda halk\u0131n te\u015fvik edilmesini istedi. Mesaj baz\u0131 imamlar taraf\u0131ndan tepkiyle kar\u015f\u0131land\u0131. Mesajda, \u201c\u0130HL orta k\u0131sm\u0131na kay\u0131t i\u00e7in cami i\u00e7i ve cami d\u0131\u015f\u0131nda cemaatin ve \u00f6\u011frencinin te\u015fvik edilmesi hususunda gerekli hassasiyetin g\u00f6sterilmesi rica <\/p>\n","protected":false},"author":1,"featured_media":0,"comment_status":"open","ping_status":"open","sticky":false,"template":"","format":"standard","meta":{"footnotes":""},"categories":[105],"tags":[],"class_list":["post-54457","post","type-post","status-publish","format-standard","hentry","category-gundem","odd"],"_links":{"self":[{"href":"http:\/\/www.korhanyilmaz.com\/index.php?rest_route=\/wp\/v2\/posts\/54457","targetHints":{"allow":["GET"]}}],"collection":[{"href":"http:\/\/www.korhanyilmaz.com\/index.php?rest_route=\/wp\/v2\/posts"}],"about":[{"href":"http:\/\/www.korhanyilmaz.com\/index.php?rest_route=\/wp\/v2\/types\/post"}],"author":[{"embeddable":true,"href":"http:\/\/www.korhanyilmaz.com\/index.php?rest_route=\/wp\/v2\/users\/1"}],"replies":[{"embeddable":true,"href":"http:\/\/www.korhanyilmaz.com\/index.php?rest_route=%2Fwp%2Fv2%2Fcomments&post=54457"}],"version-history":[{"count":0,"href":"http:\/\/www.korhanyilmaz.com\/index.php?rest_route=\/wp\/v2\/posts\/54457\/revisions"}],"wp:attachment":[{"href":"http:\/\/www.korhanyilmaz.com\/index.php?rest_route=%2Fwp%2Fv2%2Fmedia&parent=54457"}],"wp:term":[{"taxonomy":"category","embeddable":true,"href":"http:\/\/www.korhanyilmaz.com\/index.php?rest_route=%2Fwp%2Fv2%2Fcategories&post=54457"},{"taxonomy":"post_tag","embeddable":true,"href":"http:\/\/www.korhanyilmaz.com\/index.php?rest_route=%2Fwp%2Fv2%2Ftags&post=54457"}],"curies":[{"name":"wp","href":"https:\/\/api.w.org\/{rel}","templated":true}]}}