{"id":54440,"date":"2012-08-28T00:04:20","date_gmt":"2012-08-27T21:04:20","guid":{"rendered":"http:\/\/www.korhanyilmaz.com\/?p=54440"},"modified":"2012-08-28T10:21:53","modified_gmt":"2012-08-28T07:21:53","slug":"kilicdaroglu-cumhuriyet-tarihinin-en-capsiz-adami-disisleri-bakani-yapildi","status":"publish","type":"post","link":"http:\/\/www.korhanyilmaz.com\/?p=54440","title":{"rendered":"K\u0131l\u0131\u00e7daro\u011flu: Cumhuriyet tarihinin en \u00e7aps\u0131z adam\u0131 D\u0131\u015f\u0131\u015fleri Bakan\u0131 yap\u0131ld\u0131"},"content":{"rendered":"<p style=\"text-align: justify;\"><a href=\"http:\/\/www.korhanyilmaz.com\/wp-content\/uploads\/2012\/08\/H488.jpg\"  class=\"lightview\"><img loading=\"lazy\" decoding=\"async\" class=\"aligncenter size-full wp-image-54441\" title=\"\" src=\"http:\/\/www.korhanyilmaz.com\/wp-content\/uploads\/2012\/08\/H488.jpg\" alt=\"\" width=\"436\" height=\"218\" \/><\/a><\/p>\n<p style=\"text-align: justify;\">CHP Genel Ba\u015fkan\u0131 Kemal K\u0131l\u0131\u00e7daro\u011flu, CNN T\u00fcrk\u2019 te &#8220;Ankara G\u00fcnl\u00fc\u011f\u00fc&#8221; program\u0131nda g\u00fcndeme ili\u015fkin de\u011ferlendirmelerde bulundu. Davuto\u011flu\u2019nu &#8220;T\u00fcrkiye Cumhuriyeti tarihinin en \u00e7aps\u0131z adam\u0131 D\u0131\u015fi\u015fleri Bakan\u0131 yap\u0131lm\u0131\u015ft\u0131r&#8221; diye ele\u015ftiren K\u0131l\u0131\u00e7daro\u011flu, \u015eemdinli\u2019de alan hakimiyeti de\u011fil, b\u00f6lge hakimiyeti oldu\u011funu s\u00f6yledi. \u201cH\u00fck\u00fcmetin g\u00fcc\u00fc bitmi\u015ftir\u201d ifadesini kulland\u0131.<!--more--><\/p>\n<p style=\"text-align: justify;\">\u0130STANBUL- CHP Genel Ba\u015fkan\u0131 Kemal K\u0131l\u0131\u00e7daro\u011flu\u2019nun konu\u015fmas\u0131ndan sat\u0131rba\u015flar\u0131 \u015f\u00f6yle:<\/p>\n<p style=\"text-align: justify;\"><strong>\u0130KT\u0130DAR \u00dcLKEY\u0130 Y\u00d6NETME \u0130RADES\u0130N\u0130 Y\u0130T\u0130RM\u0130\u015eT\u0130R\u00a0<\/strong><\/p>\n<p style=\"text-align: justify;\">Ni\u00e7in biz bu oyunda piyon oluyoruz? Hangi gerek\u00e7e ile piyon oluyoruz? Suudi Arabistan\u2019da da demokrasi yok! Kad\u0131nlar araba bile kullanam\u0131yor. Niye m\u00fccadele etmiyorsunuz. AKP niye m\u00fccadele etmiyor. Birbirimizi kand\u0131rmayal\u0131m halk\u0131 kand\u0131rmayal\u0131m. Bu iktidar \u00fclkeyi y\u00f6netme iradesini yitirmi\u015ftir. Sadece Suriye konusunda de\u011fil ter\u00f6rde de ayn\u0131, T\u00fcrkiye\u2019nin en \u00e7aps\u0131z adam\u0131 D\u0131\u015fi\u015fleri bakan\u0131 yap\u0131lm\u0131\u015ft\u0131r. B\u00fct\u00fcn kom\u015fular\u0131m\u0131zla iyi ge\u00e7inecektik. Bana diyin ki \u015fu kom\u015fumuzla aram\u0131z iyi hangi kom\u015fumuzla aram\u0131z iyi? Su\u00e7lanan kim Cumhuriyet Halk Partisi.<\/p>\n<p style=\"text-align: justify;\">K\u00fcrecik\u2019e f\u00fcze kalkan\u0131 kuruyorsunuz. Niye? \u0130srail\u2019in g\u00fcvenli\u011fini sa\u011flamak i\u00e7in gittiniz K\u00fcrecik\u2019e f\u00fcze kalkan\u0131 kurdunuz. Kapal\u0131 kap\u0131lar aras\u0131nda neler g\u00f6r\u00fc\u015f\u00fcld\u00fc\u011f\u00fcn\u00fc a\u00e7\u0131klamak istemem. T\u00fcrkiye\u2019nin g\u00fcvenli\u011fi i\u00e7in mi kurdunuz? \u0130ran ne a\u00e7\u0131klama yapt\u0131, olas\u0131 tehdit durumunda ilk olarak T\u00fcrkiye\u2019yi vururum dedi. Rusya ayn\u0131 a\u00e7\u0131klamay\u0131 yapt\u0131. K\u00fcrecik\u2019i tehdit olarak g\u00f6r\u00fcyorlar. Ni\u00e7in T\u00fcrkiye Cumhuriyeti topraklar\u0131n\u0131 tehdit olarak g\u00f6r\u00fcyorlar. \u00c7\u00fcnk\u00fc ayaklar\u0131 yere basmayan bir D\u0131\u015fi\u015fleri bakan\u0131 var. Rusya\u2019y\u0131 izole edece\u011fiz demi\u015fti. Nas\u0131l edeceksiniz? Do\u011fal gaz\u0131 keserlerse nas\u0131l olacak dedik. T\u00fcrkiye donar, enerjinin y\u00fczde atm\u0131\u015f\u0131nda ona ba\u011f\u0131ml\u0131s\u0131n. Yapmay\u0131n dedik. G\u00fcney Ak\u0131n Projesini Rusya\u2019ya vermediler mi? Putin T\u00fcrkiye\u2019ye bunun i\u00e7in te\u015fekk\u00fcr etmedi mi?<\/p>\n<p style=\"text-align: justify;\"><strong>Y\u00d6NET\u0130M BO\u015eLU\u011eU VAR\u00a0<\/strong><\/p>\n<p style=\"text-align: justify;\">\u00dclkeyi ate\u015fe at\u0131yorlar. \u00dclkenin gelece\u011fi s\u00f6z konusu ama sa\u011fl\u0131kl\u0131 d\u00fc\u015f\u00fcnemeyen bir iktidar var. Y\u00f6netim bo\u015flu\u011fu var. T\u00fcrkiye egemen g\u00fc\u00e7lerin ta\u015feronu olmas\u0131n diye biz parlamentoyu Suriye g\u00fcndemini konu\u015fmak i\u00e7in \u00e7a\u011f\u0131rd\u0131k. \u00d6nerilerimiz yanl\u0131\u015f olabilir ama onlarda \u00e7\u0131k\u0131p k\u00fcrs\u00fcden konu\u015fsunlar. Ben Ba\u015fbakan\u2019\u0131n Suriye konusunda \u00e7\u00f6z\u00fcm\u00fcn\u00fc merak ediyorum. Siz biliyor musunuz? Bana g\u00f6re bir \u00e7\u00f6z\u00fcm var. Ama y\u00fcr\u00fctme o, iktidar olan o \u00e7\u0131k\u0131p s\u00f6ylesin. Vatanda\u015f, Ba\u015fbakan\u2019\u0131n Suriye \u00e7\u00f6z\u00fcm\u00fcn\u00fc bilmiyor!<\/p>\n<p style=\"text-align: justify;\">Bu vahim tabloyu T\u00fcrkiye de ya\u015fayan herkes biliyor. Tabloyu yaratan iktidar. Bu iktidar \u00fclkeyi sa\u011fl\u0131kl\u0131 y\u00f6netemez. T\u00fcrkiye, Cumhuriyet tarihinin en b\u00fcy\u00fck k\u0131r\u0131lmas\u0131n\u0131 ya\u015f\u0131yor. 1613 Kasr\u0131 \u015eirin antla\u015fmas\u0131ndan bu yana \u0130ran\u2019la \u00e7at\u0131\u015fma ihtimali olmam\u0131\u015f ama bug\u00fcn \u0130ran bizi tehdit ediyor.<\/p>\n<p style=\"text-align: justify;\"><strong>BALKON KONU\u015eMASINDAN SONRA HER\u015eEY B\u0130TT\u0130\u00a0<\/strong><\/p>\n<p style=\"text-align: justify;\">Siz Suriye\u2019deki olaya inan\u00e7, mezhep ba\u011flam\u0131nda m\u00fcdahale etti\u011finizi s\u00f6yl\u00fcyorsunuz. Ba\u015fkalar\u0131n\u0131n inanc\u0131ndan, mezhebinden size ne? Say\u0131n Ba\u015fbakan\u0131n s\u00f6zlerini her halde say\u0131n s\u00f6zc\u00fc (B\u00fclent Ar\u0131n\u00e7) duymam\u0131\u015f. Say\u0131n s\u00f6zc\u00fc mezhep m\u00fcdahalesi yapmad\u0131\u011f\u0131n\u0131 s\u00f6yl\u00fcyor. Ba\u015fbakan\u2019\u0131n konu\u015furken ayr\u0131\u015ft\u0131r\u0131c\u0131 \u00fcsluptan uzak durarak, toplumu kucaklayan bir konu\u015fmas\u0131 olmal\u0131 siz b\u00f6yle bir konu\u015fma hat\u0131rl\u0131yor musunuz? Bir balkon konu\u015fmas\u0131 var. Balkon konu\u015fmas\u0131ndan sonra olay bitti. \u015eimdi toplumda deprem etkisi yarat\u0131yor konu\u015fmalar\u0131.<\/p>\n<p style=\"text-align: justify;\"><strong>BUNU B\u0130LMEMEK \u0130\u00c7\u0130N APTAL OLMAK LAZIM\u00a0<\/strong><\/p>\n<p style=\"text-align: justify;\">\u015euan da Suriye par\u00e7alan\u0131yor. \u0130\u00e7 sava\u015f par\u00e7al\u0131yor Suriye\u2019yi. Kayna\u015fan de\u011fil ayr\u0131\u015fan toplum oldu; Araplar, K\u00fcrtler T\u00fcrkmenler bir tarafta. Siz Suriye\u2019ye m\u00fcdahale ettiniz Suriye b\u00f6l\u00fcnd\u00fc. Bat\u0131n\u0131n egemen g\u00fc\u00e7leri Ortado\u011fu\u2019da haritalar yeniden \u00e7izilecek, \u00fclkeler yeniden belirlenecek dediler. Bunu anlamamak i\u00e7in Ba\u015fbakan m\u0131 olmak laz\u0131m. \u201cBirle\u015fik K\u00fcrdistan kuruluyor\u201d ifadesini kullanmad\u0131m. Bat\u0131n\u0131n egemen g\u00fc\u00e7leri Ortado\u011fu\u2019da yediden \u015fekillendirmek istiyor. Amerika kendisinin s\u00f6z\u00fcnden \u00e7\u0131kmayacak ikinci bir \u00fclke istiyor. T\u00fcrkiye bu s\u00fcre\u00e7te olaylar\u0131 kontrol edemeyen bir \u00fclke haline d\u00f6n\u00fc\u015ft\u00fcr\u00fclm\u00fc\u015ft\u00fcr. \u0130nsanlar\u0131n \u00f6lmesi, \u00f6ld\u00fcr\u00fclmeleri umurlar\u0131nda de\u011fil tek umurlar\u0131ndaki kendi \u00fclkelerinin \u00e7\u0131karlar\u0131.Bu b\u00f6lgede petrol\u00fc do\u011fal gaz\u0131 kontrol etmek istiyorlar. Bunu bilmemek i\u00e7in aptal olmak laz\u0131m. Bu h\u00fck\u00fcmet bunu nas\u0131l bilmez?<\/p>\n<p style=\"text-align: justify;\"><strong>\u015eEMD\u0130NL\u0130\u2019DE ALAN HAK\u0130M\u0130YET\u0130 DE\u011e\u0130L B\u00d6LGE HAK\u0130M\u0130YET\u0130 VAR\u00a0<\/strong><\/p>\n<p style=\"text-align: justify;\">Anl\u0131k olaylarla d\u0131\u015f politika ger\u00e7ekle\u015fmez. S\u00fcreci tahilil edeceksiniz, planyacaks\u0131n\u0131z, y\u00f6neteceksiniz. Emperyalist devletler, \u201cGaziantep\u2019te bomba patlarsa sonu\u00e7 ne olur?\u201d diye planl\u0131yor. D\u00fc\u015f\u00fcnd\u00fcklerini a\u015fama a\u015fama hayata ge\u00e7iriyorlar. Antep sald\u0131r\u0131s\u0131n\u0131n arkas\u0131nda Amerika var demiyorum. Patlama b\u00fct\u00fcn T\u00fcrkiye\u2019yi aya\u011fa kald\u0131rd\u0131. \u015eemdinli de 1 ayd\u0131r yaz\u0131yorlar. Gazeteci arkada\u015flar\u0131m\u0131z alan hareketi diyor kim diyor? Ne alan\u0131 b\u00f6lge hakimiyeti var. 2002 de ter\u00f6r s\u0131f\u0131rd\u0131 2012 de \u00fclke nas\u0131l bu hale geldi? \u2018ABD bize istibarat versin\u2019 dediler. Ba\u015fkas\u0131n\u0131n kay\u0131\u011f\u0131na bindi\u011finiz zaman o sizi istedi\u011fi yere g\u00f6t\u00fcr\u00fcr e\u011fer istihbarat zafiyet varsa bunlar olur. \u0130ki \u00f6nemli kamu g\u00f6revlisinin patlamadan \u00f6nce tayinleri \u00e7\u0131kt\u0131. Soruyorum M\u0130T g\u00f6revlisi neden tayin edildi? O kadar b\u00fcy\u00fck zafiyetler var ki otomobil Sakarya da \u00e7al\u0131n\u0131yor Antep\u2019te patl\u0131yor. Siz neredesiniz?<\/p>\n<p style=\"text-align: justify;\">PKK ile BDP\u2019liler devlet otoyolunda bulu\u015fuyor. H\u00fck\u00fcmet nerede? Su\u00e7lanan kim CHP. Akl\u0131n mant\u0131\u011f\u0131n alaca\u011f\u0131 \u015fey de\u011fil! Sen devletsin, h\u00fck\u00fcmetsin neresin?<\/p>\n<p style=\"text-align: justify;\">H\u00fck\u00fcmet kendi politikalar\u0131 ile \u00e7ok \u00f6nemli k\u0131r\u0131lmalara neden olmu\u015ftur. O parlamento bug\u00fcn olmazsa 1 Ekim\u2019de a\u00e7\u0131lacak. Bunun hesab\u0131n\u0131 orada vereceksiniz.<\/p>\n<p style=\"text-align: justify;\"><strong>\u00c7\u0130\u00c7EK\u2019\u0130N \u2018ULUSAL MUTABAKAT \u00c7A\u011eRISI\u2019\u00a0<\/strong><\/p>\n<p style=\"text-align: justify;\">Ter\u00f6r\u00fc \u00f6nlemek i\u00e7in toplumsal bir mutabakat sa\u011flanmal\u0131d\u0131r diyen ilk parti CHP\u2019dir. D\u00f6rt partinin bir araya gelip mecliste konu\u015fmas\u0131 gerekti\u011fini savunan CHP\u2019dir. Oturup konu\u015fal\u0131m diyen yine CHP\u2019dir. Ben say\u0131n Meclis Ba\u015fkan\u0131\u2019na \u015funu sormak isterim: Sizin elinizde yetki var niye meclisi toplam\u0131yorsunuz? Konu\u015facaks\u0131n\u0131z ama i\u015f yapmayacaks\u0131n\u0131z kimse kusura kalmas\u0131n. Siyasete girerken do\u011frular\u0131 s\u00f6yleyece\u011fim demi\u015ftim. Kimse kusura bakmas\u0131n say\u0131n Meclis Ba\u015fkan\u0131\u2019n\u0131 samimi bulsayd\u0131m s\u00f6ylerdim. Biz meclisi \u00e7a\u011f\u0131rd\u0131k gelip oturumu y\u00f6netecekti. AKP\u2019nin Grup Ba\u015fkanvekili mecliste toplant\u0131 \u00e7a\u011fr\u0131s\u0131 yapt\u0131\u011f\u0131m\u0131z g\u00fcn kap\u0131 aral\u0131\u011f\u0131ndan bak\u0131yordu. \u00c7o\u011funlu\u011fu sa\u011flayacak m\u0131y\u0131z sa\u011flamayacak m\u0131y\u0131z diye. Biz \u00e7a\u011f\u0131rd\u0131k. Fedakarl\u0131k da yap\u0131yoruz. Elimizi ta\u015f\u0131n alt\u0131na koyuyoruz. Vatanda\u015f\u0131m bilsin; kim samimi kim de\u011fil. Kim ter\u00f6r\u00fc \u00f6nleme konusunda samimi. Kim de\u011fil!<\/p>\n<p style=\"text-align: justify;\"><strong>O G\u00d6R\u00dcNT\u00dcN\u00dcN ARDINDA ANALARIN G\u00d6ZYA\u015eI VAR\u00a0<\/strong><\/p>\n<p style=\"text-align: justify;\">Gaziantep\u2019e gittik hepimiz oradayd\u0131k. Herkes ne g\u00fczel g\u00f6r\u00fcnt\u00fc dedi. De\u011fil. O g\u00f6r\u00fcnt\u00fc g\u00fczel de\u011fil efendim kimse kusura bakmas\u0131n. O g\u00f6r\u00fcnt\u00fcn\u00fcn ard\u0131nda analar\u0131n g\u00f6zya\u015f\u0131 var. Biz cami avlusunda \u00f6lenlerin arkas\u0131ndan bir araya geliyoruz da niye \u00f6lmeden gelemiyoruz.<\/p>\n<p style=\"text-align: justify;\">Mecliste ola\u011fan\u00fcst\u00fc toplant\u0131 \u00e7a\u011fr\u0131s\u0131n zaman\u0131 yanl\u0131\u015f de\u011fildi. Her zaman yineleriz. Bak\u0131n Cemil \u00c7i\u00e7ek bug\u00fcn o \u00e7a\u011fr\u0131y\u0131 do\u011fru g\u00f6r\u00fcyor. Benim bir evim olsa o evde huzurun olmas\u0131 yetmiyor. Apartmandaki kom\u015fular\u0131m\u0131n da huzurlu olmas\u0131 laz\u0131m gerekiyor. Suriye, \u0130ran, Azerbaycan, Yunanistan\u2026 politikay\u0131 bunun \u00fczerine in\u015fa etmeliyiz. \u0130ran bana ne yapt\u0131? Suriye bana ne yapt\u0131? Esad bana ne yapt\u0131? En son kavgay\u0131 Irka ile yapt\u0131k. Niye Irakla kavga yapt\u0131k? K\u0131rm\u0131z\u0131 b\u00fcltenle aranan adam\u0131 T\u00fcrkiye\u2019ye getiriyoruz uluslar aras\u0131 hukukun reddetti\u011fi adam\u0131 T\u00fcrkiye\u2019ye getiriyoruz da ondan. T\u00fcrkiye sayg\u0131nl\u0131\u011f\u0131 olan bir \u00fclkedir tarih b\u00f6yle yazar. \u015eimdi Ortado\u011fu\u2019nun batakl\u0131\u011f\u0131na saplan\u0131yor. Apartman \u00f6rne\u011fini bunun i\u00e7in verdim.<\/p>\n<p style=\"text-align: justify;\"><strong>\u00d6ZG\u00dcR SUR\u0130YE DENEN \u00d6RG\u00dcTE S\u0130LAH VER\u0130YORUZ\u00a0<\/strong><\/p>\n<p style=\"text-align: justify;\">Suriye\u2019de biz, \u00d6zg\u00fcr Suriye denen \u00f6rg\u00fcte silah veriyoruz. Bu benim de\u011fil b\u00fct\u00fcn d\u00fcnyan\u0131n s\u00f6yledi\u011fi bir \u015fey, T\u00fcrkiye Suriye s\u0131n\u0131r\u0131 yol ge\u00e7en han\u0131na d\u00f6nd\u00fc. Kendi \u00fclkesinde kendi karayollar\u0131nda kimlik kontrollerini kim yap\u0131yor? Sen kendi yollar\u0131nda hakim de\u011filsin. \u00d6nce kendi yollar\u0131nda hakim ol. Bu \u00fclkenin sorunlar\u0131n\u0131 biz milli irade ile \u00e7\u00f6zmeye haz\u0131r\u0131z.<\/p>\n<p style=\"text-align: justify;\"><strong>BDP\u2019S\u0130Z MHP\u2019S\u0130Z BU SORUN \u00c7\u00d6Z\u00dcLEMEZ\u00a0<\/strong><\/p>\n<p style=\"text-align: justify;\">\u00dclke kan g\u00f6l\u00fcne d\u00f6nm\u00fc\u015fken meclis tatilde olamaz. Ne tatili Allah a\u015fk\u0131na, toplas\u0131nlar adam gibi konu\u015fal\u0131m. Biz \u00e7\u00f6z\u00fcm \u00fcretiyoruz onlar sorun\u2026 Bug\u00fcn meclis ba\u015fkan\u0131 bizim geldi\u011fimiz noktaya geldi. Toplumsal mutabakat! Bug\u00fcn y\u00fczde bir vatanda\u015f\u0131n oyu bile \u00e7ok de\u011ferlidir. Bizim i\u00e7in toplumsal mutabakat bu anlama gelir. Milletvekili ka\u00e7\u0131r\u0131ld\u0131 ve t\u00fcm milletvekili ortak duru\u015f sa\u011flad\u0131. PKK vekili b\u0131rakmak zorunda kald\u0131. \u0130\u015fte toplumsal mutabakat budur. BDP\u2019siz ve MHP\u2019siz bu sorun \u00e7\u00f6z\u00fclemez!<\/p>\n<p style=\"text-align: justify;\"><strong>DOKUNULMAZLIK\u00a0<\/strong><\/p>\n<p style=\"text-align: justify;\">Biz, milletvekili adaylar\u0131 CHP\u2019ye ba\u015fvururken milletvekili dokunulmazl\u0131\u011f\u0131n\u0131n kald\u0131r\u0131lmas\u0131 konusunda taahh\u00fctname al\u0131yoruz. K\u00fcrs\u00fc dokunulmazl\u0131\u011f\u0131 hari\u00e7 milletvekili dokunulmazl\u0131\u011f\u0131 kald\u0131r\u0131lmal\u0131. Parlamento da h\u0131rs\u0131zlar\u0131n, ihaleye fesat kar\u0131\u015ft\u0131ranlar\u0131n, b\u00f6l\u00fcc\u00fclerin olmamas\u0131 gerekiyor. Biz bunu 10 y\u0131ld\u0131r s\u00f6yl\u00fcyoruz. Hayali ihracat\u00e7\u0131lar vard\u0131 parlementoda, onlara dokunmad\u0131k!<\/p>\n<p style=\"text-align: justify;\"><strong>HABURDA AKP \u00c7ADIR MAHKEMES\u0130 KURMU\u015eTU\u00a0<\/strong><\/p>\n<p style=\"text-align: justify;\">PKK ile BDP bulu\u015fmas\u0131\u2026O g\u00f6r\u00fcnt\u00fcler yeni de\u011fil. Habur\u2019da da bu g\u00f6r\u00fcnt\u00fcler vard\u0131. Bir fark varm\u0131? Orda ne vard\u0131? AKP vard\u0131. \u00c7ad\u0131r mahkemesi kurulmu\u015ftu oraya. Orda uzla\u015fma vard\u0131. Bug\u00fcn yok. Ben bu \u00fclkede bir iktidar g\u00f6remiyorum. \u2018Bu b\u00f6lgenin hakimi, egemeni benim\u2019 o g\u00f6r\u00fcnt\u00fc bunu anlat\u0131yor. Bu g\u00f6r\u00fcnt\u00fcy\u00fc i\u00e7ine sindiren kim. \u0130ktidar. O g\u00f6r\u00fcnt\u00fcn\u00fcn ard\u0131ndan Ba\u015fbakan \u201cBu ne muhabett?\u201ddedi. Bir Ba\u015fbakan bu ne muhabbet diyor. D\u00fc\u015f\u00fcnebiliyor musunuz ya\u015fanan en tirajik olay, Ba\u015fbakan\u2019n\u0131n tek tepkisi var: Bu ne muhabbet! Sonrada CHP\u2019yi su\u00e7luyor. Bu, Irak\u2019ta askerlerin ba\u015f\u0131na \u00e7uval ge\u00e7irmesini hat\u0131rlat\u0131yor. O d\u00f6nem gazeteci arkada\u015flar soruyor. Nota verecek misiniz? Ba\u015fbakan cevap veriyor: M\u00fczik notas\u0131 m\u0131?<\/p>\n<p style=\"text-align: justify;\"><strong>H\u00dcK\u00dcMET\u0130N G\u00dcC\u00dc B\u0130TM\u0130\u015eT\u0130R\u00a0<\/strong><\/p>\n<p style=\"text-align: justify;\">O g\u00f6r\u00fcnt\u00fcleri biz mi yaratt\u0131k? Biz mi iktidar\u0131z? Sanki CHP iktidar, kendisi muhalefette. B\u00fct\u00fcn vatanda\u015flar\u0131m\u0131n \u015fapkas\u0131n\u0131 \u00f6n\u00fcne koyup d\u00fc\u015f\u00fcnmesini istiyorum. Bu h\u00fck\u00fcmetin g\u00fcc\u00fc bitmi\u015ftir. 2012 nin geldi\u011fi T\u00fcrkiye noktas\u0131 buras\u0131d\u0131r.<\/p>\n<p style=\"text-align: justify;\"><strong>YEN\u0130 CHP- BAH\u00c7EL\u0130\u00a0<\/strong><\/p>\n<p style=\"text-align: justify;\">Say\u0131n Bah\u00e7eliye sadece bir ele\u015ftirim olmu\u015ftu. Biz muhalefete muhalefet etmeyi do\u011fru buluyoruz. Bizi ele\u015ftirebilirler ben milletin vicdan\u0131na b\u0131rak\u0131yorum. Biz neyiz kimiz. Onlar karar versin.<\/p>\n<p style=\"text-align: justify;\"><strong>HAR\u00c7LARIN KALDIRILMASI<\/strong><\/p>\n<p style=\"text-align: justify;\">Har\u00e7lar\u0131n kald\u0131r\u0131lmas\u0131 bizim projemizdi. AKP bizim projemizi hayata ge\u00e7irdi. En do\u011fruyu biz s\u00f6yleriz demedik ama en iyi biz y\u00f6netiriz dedik. \u00c7\u00fcnk\u00fc tarihimizde var. Atat\u00fcrk\u2019ten al\u0131n, \u0130n\u00f6n\u00fc\u2019den al\u0131n Ecevit\u2019e gelin\u2026. Biz birilerine el avu\u00e7 a\u00e7may\u0131, birilerinden telkin almay\u0131 bilmeyiz. CHP\u2019ye kulak verin. Biz yeni CHP\u2019yiz!<\/p>\n<p style=\"text-align: justify;\"><strong>K\u00dcRT SORUNU\u00a0<\/strong><\/p>\n<p style=\"text-align: justify;\">Bu sorunun \u00e7\u00f6z\u00fcm\u00fcne y\u00f6nelik ilk raporu haz\u0131rlayan CHP\u2019dir. 1989 y\u0131l\u0131nda haz\u0131rlanm\u0131\u015ft\u0131. Say\u0131n Elekda\u011f ile oturduk konu\u015ftuk. O zaman milletvekiliydi say\u0131n Elekda\u011f. Se\u00e7imler sonras\u0131 y\u00fcr\u00fctt\u00fc\u011f\u00fc \u00e7al\u0131\u015fmalar\u0131 raporlamas\u0131n\u0131 istedik. Ama bu \u00e7al\u0131\u015fma hassas bir konu. Hemen bitecek bir konu de\u011fil. K\u00fcrt sorunu Cumhuriyet ile ya\u015f\u0131t bir sorun bu sorundan ka\u00e7mayaca\u011f\u0131z korkmayaca\u011f\u0131z. Kimse birbirimizi bo\u011fazlayal\u0131m demiyor. Bar\u0131\u015f i\u00e7inde ya\u015fayal\u0131m diyor. Biz ter\u00f6r \u00f6rg\u00fct\u00fcn\u00fcn kulland\u0131\u011f\u0131 kavramlar\u0131 onun elinden almal\u0131y\u0131z. Onu marjine etmeliyiz. H\u00fck\u00fcmetin g\u00f6rmek istemedi\u011fi budur. \u2018Akil adamlar\u0131\u2019 bo\u015funa demedik. Akil ad\u0131mlar uluslararas\u0131 bir kavramd\u0131r. \u00d6calan demokrasi dedi\u011fi zaman biz demokrasi kavram\u0131n\u0131 kullanmayacak m\u0131y\u0131z? Akil adamlar evrensel bir kavramd\u0131r. MHP desin ki biz akil adamlar kavram\u0131n\u0131 istemiyoruz tamam desinler ki \u2018beyaz sa\u00e7l\u0131 adamlar\u2019. Biz kavramlar ile tart\u0131\u015f\u0131rsak yol alamay\u0131z. Siz toplumu ayr\u0131\u015ft\u0131ran a\u00e7\u0131klamalardan ka\u00e7\u0131nmazsan\u0131z bu sorunu \u00e7\u00f6zemeyiz.<\/p>\n<p style=\"text-align: justify;\">PKK\u2019n\u0131n en b\u00fcy\u00fck iste\u011fi BDP nin parlamentoya girmemesidir. \u00c7\u00fcnk\u00fc daha geni\u015f bir kitleyi yan\u0131na \u00e7ekecektir.<\/p>\n<p style=\"text-align: justify;\"><strong>ZENG\u0130N\u0130M\u0130Z BEDEL \u00d6DER FAK\u0130R\u0130M\u0130Z ASKERDEND\u0130R O \u015eEH\u0130T OLUR\u00a0<\/strong><\/p>\n<p style=\"text-align: justify;\">T\u00fcrkiye\u2019de \u00f6nemli bir t\u00fcrk\u00fc vard\u0131r: Yemen t\u00fcrk\u00fcs\u00fc. Zenginimiz bedel \u00f6der fakirimiz askerdendir. O \u015fehit olur gelir\u2026 \u015eehit cenazesinde tabutun arkas\u0131nda y\u00fcr\u00fcyen insanlar\u0131 televizyonlar\u0131n g\u00f6stermesini isterim. Hepsi yoksul insanlar. Yaz\u0131k g\u00fcnaht\u0131r.<\/p>\n<p style=\"text-align: justify;\">PKK\u2019ya teslim olmak m\u0131 asla, onun ekme\u011fine ya\u011f s\u00fcrecek yakla\u015f\u0131mlardan ka\u00e7\u0131nmal\u0131y\u0131z. \u00d6nemli olan onun elindeki insanlar\u0131 al\u0131p bu tarafa ge\u00e7irmektir. Gidelim \u00c7anakkaleye Afyonlusu, \u0130zmirlisi, \u00c7orumlusu, Diyarbak\u0131rl\u0131s\u0131 hepsi bir arada yat\u0131yor. Biz ne yap\u0131yoruz soruyoruz senin etnik kimli\u011fin ne? Kim getirdi bizi bu noktaya! Bu topraklarda Pirsultanlar, Mevlanalar, Hac\u0131bekta\u015flar vard\u0131. H\u00fcmanizma var, insan sevgisi var. Nas\u0131l oluyor da bu ayr\u0131\u015fma var. O tuza\u011fa d\u00fc\u015fmemek laz\u0131m. O tuza\u011fa bizi d\u00fc\u015f\u00fcr\u00fcyorlar.<\/p>\n<p style=\"text-align: justify;\"><strong>H\u00dcSEY\u0130N AYG\u00dcN<\/strong><\/p>\n<p style=\"text-align: justify;\">Bir milletvekili PKK taraf\u0131ndan ka\u00e7\u0131r\u0131l\u0131yor. Toplumun her kesimi ortak tepki verdi ve PKK b\u0131rakt\u0131. Cumhuriyet tarihinde ilk kez oluyor. H\u00fcseyin Ayg\u00fcn ondan sonra geldi bir a\u00e7\u0131klama yapt\u0131. Ayg\u00fcn ne s\u00f6yledi? Ka\u00e7\u0131r\u0131ld\u0131\u011f\u0131n\u0131 s\u00f6yledi. \u2018CHP\u2019den istifa et\u2019 denildi\u011fini s\u00f6yledi mi s\u00f6yledi. Bask\u0131lar\u0131 s\u00f6yledi. Ayg\u00fcn o co\u011frafyada PKK\u2019ya kar\u015f\u0131 m\u00fccadele veren bir milletvekili. H\u00fcseyin Ayg\u00fcn, \u2018Da\u011fdakiler benim can\u0131m ci\u011ferim\u2019 dedi mi? Bunu diyen kim AKP milletvekili. Peki, AKP Merkez Y\u00f6netim Kurulu \u00dcyesi, Genel Ba\u015fkan Yard\u0131mc\u0131s\u0131, S\u00f6zc\u00fcs\u00fc; \u20183-5 Memet \u00f6ld\u00fc diye meclis mi toplanacak\u2019 dedi. Su\u00e7lanan kim H\u00fcseyin Ayg\u00fcn. CHP.<\/p>\n<p style=\"text-align: justify;\">Biz \u00f6zg\u00fcrl\u00fckleri savununa bir partiyiz. Sen sus, \u015funu \u015f\u00f6yle s\u00f6yle diyemeyiz. Biz \u00f6zg\u00fcrl\u00fckleri getiren bir partiyiz. Burada disiplini gerektiren bir durum yok. H\u00fcseyin Ayg\u00fcn ba\u015f\u0131ndan ge\u00e7en durumlar\u0131 anlat\u0131yor. Neymi\u015f arkada\u015flar bana iyi davranm\u0131\u015f. Akp milletveliki da\u011fdaki benim can\u0131m diyince kimsenin sesi \u00e7\u0131km\u0131yor. Biz AKP medyas\u0131n\u0131n ka\u015f\u0131d\u0131\u011f\u0131n\u0131 biliyoruz. Acaba buradan bir \u015fey \u00e7\u0131kar m\u0131 diye? Kimse merak etmesin hi\u00e7bir \u015fey \u00e7\u0131kmaz. Ortada ili\u015fkiler gelirdi diye bir durum yok.<\/p>\n<p style=\"text-align: justify;\"><strong>TEK\u00c7\u0130 ANLAYI\u015e\u00a0<\/strong><\/p>\n<p style=\"text-align: justify;\">Biz bir ulusuz. Ulusumuzun ad\u0131 t\u00fcrk milleti. Tek\u00e7i anlay\u0131\u015f benim d\u00fc\u015f\u00fcnd\u00fc\u011f\u00fcm s\u00f6ylenecek. Benim konu\u015ftu\u011fum konu\u015fulacak demektir bu demokrasilerde olmaz. Biz tek\u00e7i anlay\u0131\u015fa kar\u015f\u0131y\u0131z.<\/p>\n<p style=\"text-align: justify;\"><strong>CEMEVLER\u0130\u00a0<\/strong><\/p>\n<p style=\"text-align: justify;\">\u0130badetin yap\u0131ld\u0131\u011f\u0131 her yer ibadethanedir. Yarg\u0131 kar\u0131 ne olursa olunsun siz bir yere gidip Allah\u2019a yakar\u0131yorsan\u0131z kim size buras\u0131 ibadethane de\u011fildir diyebilir.<\/p>\n<p style=\"text-align: justify;\"><strong>D\u0130N ADAMLARI \u0130LE \u0130FTAR\u00a0<\/strong><\/p>\n<p style=\"text-align: justify;\">T\u00fcrkiye de biz birbirimizi yeteri kadar tan\u0131m\u0131yoruz, alg\u0131larla hareket ediyor, yola \u00e7\u0131k\u0131yoruz. \u00d6\u011frencili\u011fimde faul\u00fc uzun olanlar\u0131 solcu, b\u0131y\u0131klar\u0131 sark\u0131k olan\u0131 da \u00fclk\u00fcc\u00fc diye yorumlard\u0131k. Bu \u00fclkede insanlar birbirine bakt\u0131\u011f\u0131 zaman birbirini tan\u0131m\u0131yor. Biz bir \u00f6neri getirelim diyoruz. Makul bir \u00f6neri. Ama AKP hay\u0131r diyor \u00f6neri sizden geldi. Ben yapaca\u011f\u0131m. Toplumun belli bir kesiminde CHP\u2019ye \u00f6n yarg\u0131 var. Ben bunu k\u0131rmak istiyorum. Eksi\u011fimiz varsa s\u00f6yleyin. Biz sizin d\u00fc\u015f\u00fcnd\u00fc\u011f\u00fcn\u00fcz gibi bir parti de\u011filiz. \u0130nan\u00e7lara sayg\u0131l\u0131y\u0131z ama inan\u00e7lar\u0131 da siyasete alet etmeye kar\u015f\u0131y\u0131z. Din adamlar\u0131 iftar\u0131 ile \u00f6zellikle bir araya geldik. O toplant\u0131 bizim a\u00e7\u0131m\u0131zdan g\u00fczel bir toplant\u0131yd\u0131. Oturaca\u011f\u0131z konu\u015faca\u011f\u0131z. Hepsi din e\u011fitimi g\u00f6rm\u00fc\u015f ki\u015filer ama onlar\u0131n aras\u0131nda da farkl\u0131 derin ayr\u0131l\u0131klar oldu\u011funu g\u00f6rd\u00fck biz.<\/p>\n<p style=\"text-align: justify;\"><strong>KPSS\u2019DE SORULAR \u00c7ALINDI KANAAT\u0130NDEY\u0130M\u00a0<\/strong><\/p>\n<p style=\"text-align: justify;\">\u00d6SYM de yap\u0131lan de\u011fi\u015fikliklerden sonra ciddi bir g\u00fcven kayb\u0131na u\u011frad\u0131. Sorular\u0131n \u00e7al\u0131nd\u0131\u011f\u0131 konusunda toplumda ortak bir kanaat var bu konuda bilgiler belgeler de var. Bir yetkilinin \u00e7\u0131k\u0131p cevap vermedi\u011fini g\u00f6r\u00fcyoruz. Demokrasilerde an\u0131nda yan\u0131t verilir. E\u011fer sorular yan\u0131tlanm\u0131yorsa orada su\u00e7 vard\u0131r. Sorular\u0131n \u00e7al\u0131nd\u0131\u011f\u0131 konusunda kanaat sahibiyim. Sorular baz\u0131 yerlerde maalesef sat\u0131ld\u0131. Bu konuda bir genel ba\u015fkan yard\u0131mc\u0131m\u0131z ve gen\u00e7lik ba\u015fkan\u0131m\u0131z su\u00e7 duyurusunda bulundu. Meclis a\u00e7\u0131ld\u0131\u011f\u0131nda da bu konuyu sorgulamaya devam edece\u011fiz.<\/p>\n<p style=\"text-align: justify;\"><strong>YEREL SE\u00c7\u0130MLER\u00a0<\/strong><\/p>\n<p style=\"text-align: justify;\">5 y\u0131l sonunda belediye ba\u015fkanlar\u0131n\u0131n yeniden se\u00e7ime gitmesini savunuyoruz. Ama AKP ile MHP anla\u015f\u0131r erken se\u00e7im olur derse \u00f6zel bir muhalefet olu\u015fturmay\u0131z.<\/p>\n<p style=\"text-align: justify;\">Yeni bir \u00f6rg\u00fctlenme modelimiz var. Sand\u0131k baz\u0131nda \u00f6rg\u00fctleniyoruz. Sand\u0131k \u00e7er\u00e7evesinde sokak sokak \u00f6rg\u00fctlenece\u011fiz. T\u00fcrkiye\u2019yi 25 b\u00f6lgeye ay\u0131rd\u0131k buralar\u0131n sorumlular\u0131 var. Bu sorumlular milletvekili ve parti meclis \u00fcyeleri<\/p>\n<p style=\"text-align: justify;\"><strong>4+4+4 E\u011e\u0130T\u0130M S\u0130STEM\u0130<\/strong><\/p>\n<p style=\"text-align: justify;\">Eski sistemle devam edilmeli. Yeni sistem olgunla\u015ft\u0131ktan sonra deneyelim. Panik i\u00e7inde yap\u0131lm\u0131\u015f haz\u0131rl\u0131klar. Karar\u0131 geri al\u0131rlar. Bak\u0131n pedagoglar, e\u011fitmenler yanl\u0131\u015f diyor. Milli e\u011fitimin stratejik plan\u0131nda yok. Bakanlar kanunun teklifi ile olmad\u0131. 5 milletvekilinin \u00f6nerisi ile oldu. D\u00fcnyada b\u00f6yle bir garibet g\u00f6r\u00fclmedi. Bu \u00e7ocuklara yaz\u0131k. Bu \u00e7ocuklar gelece\u011fimiz. Onlar\u0131 kurtarmam\u0131z laz\u0131m.<\/p>\n<p style=\"text-align: justify;\"><a href=\"http:\/\/www.yurtgazetesi.com.tr\/politika\/kilicdaroglu-cumhuriyet-tarihinin-en-capsiz-adami-disisleri-bakani-yapildi-h17913.html\" target=\"_blank\">Kaynak : Yurt Gazetesi<\/a><\/p>\n","protected":false},"excerpt":{"rendered":"<p style=\"text-align: justify;\">\n<p style=\"text-align: justify;\">CHP Genel Ba\u015fkan\u0131 Kemal K\u0131l\u0131\u00e7daro\u011flu, CNN T\u00fcrk\u2019 te &#8220;Ankara G\u00fcnl\u00fc\u011f\u00fc&#8221; program\u0131nda g\u00fcndeme ili\u015fkin de\u011ferlendirmelerde bulundu. Davuto\u011flu\u2019nu &#8220;T\u00fcrkiye Cumhuriyeti tarihinin en \u00e7aps\u0131z adam\u0131 D\u0131\u015fi\u015fleri Bakan\u0131 yap\u0131lm\u0131\u015ft\u0131r&#8221; diye ele\u015ftiren K\u0131l\u0131\u00e7daro\u011flu, \u015eemdinli\u2019de alan hakimiyeti de\u011fil, b\u00f6lge hakimiyeti oldu\u011funu s\u00f6yledi. \u201cH\u00fck\u00fcmetin g\u00fcc\u00fc bitmi\u015ftir\u201d ifadesini kulland\u0131.<\/p>\n","protected":false},"author":1,"featured_media":0,"comment_status":"open","ping_status":"open","sticky":false,"template":"","format":"standard","meta":{"footnotes":""},"categories":[105],"tags":[],"class_list":["post-54440","post","type-post","status-publish","format-standard","hentry","category-gundem","odd"],"_links":{"self":[{"href":"http:\/\/www.korhanyilmaz.com\/index.php?rest_route=\/wp\/v2\/posts\/54440","targetHints":{"allow":["GET"]}}],"collection":[{"href":"http:\/\/www.korhanyilmaz.com\/index.php?rest_route=\/wp\/v2\/posts"}],"about":[{"href":"http:\/\/www.korhanyilmaz.com\/index.php?rest_route=\/wp\/v2\/types\/post"}],"author":[{"embeddable":true,"href":"http:\/\/www.korhanyilmaz.com\/index.php?rest_route=\/wp\/v2\/users\/1"}],"replies":[{"embeddable":true,"href":"http:\/\/www.korhanyilmaz.com\/index.php?rest_route=%2Fwp%2Fv2%2Fcomments&post=54440"}],"version-history":[{"count":0,"href":"http:\/\/www.korhanyilmaz.com\/index.php?rest_route=\/wp\/v2\/posts\/54440\/revisions"}],"wp:attachment":[{"href":"http:\/\/www.korhanyilmaz.com\/index.php?rest_route=%2Fwp%2Fv2%2Fmedia&parent=54440"}],"wp:term":[{"taxonomy":"category","embeddable":true,"href":"http:\/\/www.korhanyilmaz.com\/index.php?rest_route=%2Fwp%2Fv2%2Fcategories&post=54440"},{"taxonomy":"post_tag","embeddable":true,"href":"http:\/\/www.korhanyilmaz.com\/index.php?rest_route=%2Fwp%2Fv2%2Ftags&post=54440"}],"curies":[{"name":"wp","href":"https:\/\/api.w.org\/{rel}","templated":true}]}}