{"id":54437,"date":"2012-08-27T20:10:48","date_gmt":"2012-08-27T17:10:48","guid":{"rendered":"http:\/\/www.korhanyilmaz.com\/?p=54437"},"modified":"2012-08-28T10:14:43","modified_gmt":"2012-08-28T07:14:43","slug":"akplinin-kisiye-ozel-goleti-mi-var","status":"publish","type":"post","link":"http:\/\/www.korhanyilmaz.com\/?p=54437","title":{"rendered":"AKP&#8217;linin ki\u015fiye \u00f6zel g\u00f6leti mi var?"},"content":{"rendered":"<p style=\"text-align: center;\"><a href=\"http:\/\/www.korhanyilmaz.com\/wp-content\/uploads\/2012\/08\/H490.jpg\"  class=\"lightview\"><img loading=\"lazy\" decoding=\"async\" class=\"aligncenter  wp-image-54438\" src=\"http:\/\/www.korhanyilmaz.com\/wp-content\/uploads\/2012\/08\/H490.jpg\" alt=\"\" width=\"341\" height=\"227\" \/><\/a><\/p>\n<p style=\"text-align: justify;\">CHP Mu\u011fla \u0130l Genel Meclisi \u00fcyesi ve Grup Ba\u015fkanvekili Dursun Kaplan, AK Parti&#8217;li Kavakl\u0131dere \u0130l Genel Meclisi \u00fcyesi Saffet Karab\u0131y\u0131k&#8217;\u0131n devlet imkanlar\u0131yla kendisine \u00f6zel g\u00f6let yapt\u0131rd\u0131\u011f\u0131n\u0131 iddia etti. Karab\u0131y\u0131k ise &#8220;Yap\u0131lan bu yalan a\u00e7\u0131klamayla ilgili olarak yasal haklar\u0131m\u0131 sonuna kadar kullanaca\u011f\u0131m&#8221; dedi.<\/p>\n<p style=\"text-align: justify;\">MU\u011eLA- CHP Mu\u011fla \u0130l Genel Meclisi \u00fcyesi ve Grup Ba\u015fkanvekili Dursun Kaplan, AK Parti&#8217;li Kavakl\u0131dere \u0130l Genel Meclisi \u00fcyesi Saffet Karab\u0131y\u0131k&#8217;\u0131n devlet imkanlar\u0131yla kendisine \u00f6zel g\u00f6let yapt\u0131rd\u0131\u011f\u0131n\u0131 iddia etti. Karab\u0131y\u0131k ise &#8220;Yap\u0131lan bu yalan a\u00e7\u0131klamayla ilgili olarak yasal haklar\u0131m\u0131 sonuna kadar kullanaca\u011f\u0131m&#8221; dedi.\u00a0<!--more--><\/p>\n<p style=\"text-align: justify;\">CHP Mu\u011fla \u0130l Ba\u015fkanl\u0131\u011f\u0131 binas\u0131nda bas\u0131n toplant\u0131s\u0131 d\u00fczenleyen Kaplan, AKP&#8217;lilerin y\u0131llard\u0131r kendi \u00e7\u0131karlar\u0131 i\u00e7in \u00e7al\u0131\u015ft\u0131\u011f\u0131n\u0131 savundu. Mu\u011fla&#8217;n\u0131n \u00e7e\u015fitli yerlerinde 3 y\u0131l \u00f6nce Orman B\u00f6lge M\u00fcd\u00fcrl\u00fc\u011f\u00fc taraf\u0131ndan 100&#8217;e yak\u0131n Acil Yang\u0131n M\u00fcdahale g\u00f6letleri yap\u0131ld\u0131\u011f\u0131n\u0131 hat\u0131rlatt\u0131. Bu g\u00f6letlerden 5-6 tanesinin de Kavakl\u0131dere \u0130l\u00e7esi&#8217;nde bulundu\u011funu kaydeden Kaplan, \u015fu iddialarda bulundu:<\/p>\n<p style=\"text-align: justify;\">&#8220;G\u00f6letlerden biri Kavakl\u0131dere Orman \u0130\u015fletme M\u00fcd\u00fcrl\u00fc\u011f\u00fc taraf\u0131ndan Kavakl\u0131dere \u0130l\u00e7esi Yarba\u015f\u0131 Mevkii&#8217;ne yap\u0131ld\u0131. Yine Orman \u0130\u015fletme M\u00fcd\u00fcrl\u00fc\u011f\u00fc 2011 y\u0131l\u0131nda Yarba\u015f\u0131 Mevki&#8217;ine 800 metre mesafede olan Hac\u0131 Ge\u00e7 Mevkii&#8217;ne yeni bir \u015fahane g\u00f6let yapt\u0131. Tespitlerimiz sonucu 2011 y\u0131l\u0131nda Hac\u0131 Ge\u00e7 Mevkii&#8217;ne yap\u0131lan g\u00f6let, acil yang\u0131n \u00f6nlemek i\u00e7in de\u011fil, AK Parti Kavakl\u0131dere \u0130l Genel Meclisi \u00fcyesi Saffet Karab\u0131y\u0131k&#8217;\u0131n istekleri do\u011frultusunda, devletin t\u00fcm imkanlar\u0131 kullan\u0131larak, Karab\u0131y\u0131k&#8217;\u0131n yayla evine ve arazisine su vermek i\u00e7in yap\u0131ld\u0131. \u00c7\u00fcnk\u00fc Karab\u0131y\u0131k 4 y\u0131l \u00f6nce g\u00f6lete uzakl\u0131\u011f\u0131 300 metre olan 16 d\u00f6n\u00fcm arazi sat\u0131n ald\u0131. Sat\u0131n ald\u0131\u011f\u0131 bu arazinin yak\u0131n\u0131nda, uza\u011f\u0131nda, i\u00e7inde bir damla su yoktu. Bu nedenle 8,5 kilometre uzakl\u0131ktan G\u00f6ktepe eteklerinden \u00e7obanlar\u0131n ve yabani hayvanlar\u0131n kulland\u0131\u011f\u0131 kaynak suyunu devlet, kapal\u0131 boru sistemiyle Hac\u0131 Ge\u00e7 Yaylas\u0131&#8217;ndaki g\u00f6lete getirdi. Devlet 8.5 kilometre uzakl\u0131ktan g\u00f6lete getirdi\u011fi suyun y\u00fczde 50&#8217;sini g\u00f6lete vererek, y\u00fczde 50&#8217;sini de Saffet Karab\u0131y\u0131k&#8217;\u0131n Kavakl\u0131dere il\u00e7esi Hac\u0131 Ge\u00e7 Yaylas\u0131&#8217;nda bulunan evine, yeralt\u0131ndan isale hatt\u0131 d\u00f6\u015feyerek susuz eve i\u00e7me suyu vermi\u015ftir.&#8221;<\/p>\n<p style=\"text-align: justify;\">Kaplan, AKP Kavakl\u0131dere \u0130l Genel Meclisi \u00fcyesi Saffet Karab\u0131y\u0131k&#8217;\u0131n kendisine \u00e7al\u0131\u015ft\u0131\u011f\u0131n\u0131 belgelerle kan\u0131tlad\u0131\u011f\u0131n\u0131, bu nedenle istifa etmesi grekti\u011fini iddia etti.<\/p>\n<p style=\"text-align: justify;\"><strong>&#8220;KOM\u0130K BULUYORUM&#8221;\u00a0<\/strong><\/p>\n<p style=\"text-align: justify;\">AK Parti Kavakl\u0131dere \u0130l Genel Meclisi \u00fcyesi Saffet Karab\u0131y\u0131k ise il\u00e7ede 72 g\u00f6letin bulundu\u011funu s\u00f6yledi. Karab\u0131y\u0131k, &#8220;Bu kadar g\u00f6letin \u015fah\u0131slar i\u00e7in yapt\u0131r\u0131lmas\u0131 m\u00fcmk\u00fcn m\u00fc? Benimle beraber 34 ki\u015fi g\u00f6letteki sudan yararlan\u0131yor. Ge\u00e7ti\u011fimiz g\u00fcnlerde Bayrambeller Mevkii&#8217;nde tar\u0131m arazisinde \u00e7\u0131kan yang\u0131n, ormana s\u0131\u00e7rad\u0131. 2 helikopter g\u00f6letten su alarak yang\u0131n\u0131 s\u00f6nd\u00fcrd\u00fc. G\u00f6letin \u015fah\u0131slara de\u011fil kime hizmet edildi\u011fini kamuoyunun takdirine sunuyorum. Kaplan&#8217;\u0131n a\u00e7\u0131klamas\u0131n\u0131 komik buluyorum. Bu zihniyet \u00fcretenleri sevmez. Halk\u0131n takdirine sunuyorum. Yap\u0131lan bu yalan a\u00e7\u0131klamayla ilgili olarak yasal haklar\u0131m\u0131 sonuna kadar kullanaca\u011f\u0131m&#8221; dedi.<\/p>\n<p style=\"text-align: justify;\"><a href=\"http:\/\/www.yurtgazetesi.com.tr\/politika\/akplinin-kisiye-ozel-goleti-mi-var-h17909.html\" target=\"_blank\">Kaynak : Yurt Gazetesi<\/a><\/p>\n","protected":false},"excerpt":{"rendered":"<p style=\"text-align: center;\">\n<p style=\"text-align: justify;\">CHP Mu\u011fla \u0130l Genel Meclisi \u00fcyesi ve Grup Ba\u015fkanvekili Dursun Kaplan, AK Parti&#8217;li Kavakl\u0131dere \u0130l Genel Meclisi \u00fcyesi Saffet Karab\u0131y\u0131k&#8217;\u0131n devlet imkanlar\u0131yla kendisine \u00f6zel g\u00f6let yapt\u0131rd\u0131\u011f\u0131n\u0131 iddia etti. Karab\u0131y\u0131k ise &#8220;Yap\u0131lan bu yalan a\u00e7\u0131klamayla ilgili olarak yasal haklar\u0131m\u0131 sonuna kadar kullanaca\u011f\u0131m&#8221; dedi.<\/p>\n<p style=\"text-align: justify;\">MU\u011eLA- CHP Mu\u011fla \u0130l Genel Meclisi <\/p>\n","protected":false},"author":1,"featured_media":0,"comment_status":"open","ping_status":"open","sticky":false,"template":"","format":"standard","meta":{"footnotes":""},"categories":[105],"tags":[],"class_list":["post-54437","post","type-post","status-publish","format-standard","hentry","category-gundem","odd"],"_links":{"self":[{"href":"http:\/\/www.korhanyilmaz.com\/index.php?rest_route=\/wp\/v2\/posts\/54437","targetHints":{"allow":["GET"]}}],"collection":[{"href":"http:\/\/www.korhanyilmaz.com\/index.php?rest_route=\/wp\/v2\/posts"}],"about":[{"href":"http:\/\/www.korhanyilmaz.com\/index.php?rest_route=\/wp\/v2\/types\/post"}],"author":[{"embeddable":true,"href":"http:\/\/www.korhanyilmaz.com\/index.php?rest_route=\/wp\/v2\/users\/1"}],"replies":[{"embeddable":true,"href":"http:\/\/www.korhanyilmaz.com\/index.php?rest_route=%2Fwp%2Fv2%2Fcomments&post=54437"}],"version-history":[{"count":0,"href":"http:\/\/www.korhanyilmaz.com\/index.php?rest_route=\/wp\/v2\/posts\/54437\/revisions"}],"wp:attachment":[{"href":"http:\/\/www.korhanyilmaz.com\/index.php?rest_route=%2Fwp%2Fv2%2Fmedia&parent=54437"}],"wp:term":[{"taxonomy":"category","embeddable":true,"href":"http:\/\/www.korhanyilmaz.com\/index.php?rest_route=%2Fwp%2Fv2%2Fcategories&post=54437"},{"taxonomy":"post_tag","embeddable":true,"href":"http:\/\/www.korhanyilmaz.com\/index.php?rest_route=%2Fwp%2Fv2%2Ftags&post=54437"}],"curies":[{"name":"wp","href":"https:\/\/api.w.org\/{rel}","templated":true}]}}