{"id":54406,"date":"2012-08-27T11:28:38","date_gmt":"2012-08-27T08:28:38","guid":{"rendered":"http:\/\/www.korhanyilmaz.com\/?p=54406"},"modified":"2012-08-27T11:28:38","modified_gmt":"2012-08-27T08:28:38","slug":"erdogandan-gule-ziyaret","status":"publish","type":"post","link":"http:\/\/www.korhanyilmaz.com\/?p=54406","title":{"rendered":"Erdo\u011fan&#8217;dan G\u00fcl&#8217;e ziyaret!"},"content":{"rendered":"<p style=\"text-align: justify;\"><a href=\"http:\/\/www.korhanyilmaz.com\/wp-content\/uploads\/2012\/08\/H481.jpg\"  class=\"lightview\"><img loading=\"lazy\" decoding=\"async\" class=\"aligncenter size-full wp-image-54407\" title=\"\" src=\"http:\/\/www.korhanyilmaz.com\/wp-content\/uploads\/2012\/08\/H481.jpg\" alt=\"\" width=\"299\" height=\"223\" \/><\/a><\/p>\n<p style=\"text-align: justify;\">Ba\u015fbakan Recep Tayyip Erdo\u011fan, Hacettepe \u00dcniversitesi T\u0131p Fak\u00fcltesi&#8217;nde tedavisi s\u00fcren Cumhurba\u015fkan\u0131 Abdullah G\u00fcl&#8217;\u00fc ziyarete geldi.<\/p>\n<p style=\"text-align: justify;\">Kula\u011f\u0131ndaki rahats\u0131zl\u0131k nedeniyle 4 g\u00fcnden beri Hacettepe \u00dcniversitesi&#8217;nde tedavi g\u00f6ren Cumhurba\u015fkan\u0131 Abdullah G\u00fcl&#8217;\u00fcn sa\u011fl\u0131k durumu iyiye gidiyor. \u00c7ankaya K\u00f6\u015fk\u00fc&#8217;nden yap\u0131lan a\u00e7\u0131klamada, G\u00fcl&#8217;\u00fcn tedavisinin olumlu sonu\u00e7 verdi\u011fi duyuruldu.\u00a0<!--more--><\/p>\n<p style=\"text-align: justify;\">Cumhurba\u015fkanl\u0131\u011f\u0131 Bas\u0131n Merkezi&#8217;nden yap\u0131lan a\u00e7\u0131klamada, sa\u011fl\u0131k durumunun yan\u0131s\u0131ra G\u00fcl&#8217;e gelen ge\u00e7mi\u015f olsun dileklerine de yer verildi.<\/p>\n<p style=\"text-align: justify;\">G\u00fcl&#8217;e ge\u00e7mi\u015f olsun mesaj\u0131 g\u00f6nderenler aras\u0131nda M\u0131s\u0131r Cumhurba\u015fkan\u0131 Mursi, Pakistan Cumhurba\u015fkan\u0131 Zerdari, Azerbaycan Cumhurba\u015fkan\u0131 Aliyev de var.<\/p>\n<p style=\"text-align: justify;\">G\u00fcl, per\u015fembe ak\u015fam\u0131 Hacettepe \u00dcniversitesi&#8217;ne gelmi\u015f, yap\u0131lan tetkiklerin ard\u0131ndan bir s\u00fcre hastanede yatmas\u0131na karar verilmi\u015fti.<\/p>\n<p style=\"text-align: justify;\"><a href=\"http:\/\/www.cnnturk.com\/2012\/turkiye\/08\/27\/erdogandan.gule.ziyaret\/674356.0\/index.html\" target=\"_blank\">Kaynak : CNN T\u00dcRK<\/a><\/p>\n","protected":false},"excerpt":{"rendered":"<p style=\"text-align: justify;\">\n<p style=\"text-align: justify;\">Ba\u015fbakan Recep Tayyip Erdo\u011fan, Hacettepe \u00dcniversitesi T\u0131p Fak\u00fcltesi&#8217;nde tedavisi s\u00fcren Cumhurba\u015fkan\u0131 Abdullah G\u00fcl&#8217;\u00fc ziyarete geldi.<\/p>\n<p style=\"text-align: justify;\">Kula\u011f\u0131ndaki rahats\u0131zl\u0131k nedeniyle 4 g\u00fcnden beri Hacettepe \u00dcniversitesi&#8217;nde tedavi g\u00f6ren Cumhurba\u015fkan\u0131 Abdullah G\u00fcl&#8217;\u00fcn sa\u011fl\u0131k durumu iyiye gidiyor. \u00c7ankaya K\u00f6\u015fk\u00fc&#8217;nden yap\u0131lan a\u00e7\u0131klamada, G\u00fcl&#8217;\u00fcn tedavisinin olumlu sonu\u00e7 verdi\u011fi duyuruldu. <\/p>\n","protected":false},"author":1,"featured_media":0,"comment_status":"open","ping_status":"open","sticky":false,"template":"","format":"standard","meta":{"footnotes":""},"categories":[105],"tags":[],"class_list":["post-54406","post","type-post","status-publish","format-standard","hentry","category-gundem","odd"],"_links":{"self":[{"href":"http:\/\/www.korhanyilmaz.com\/index.php?rest_route=\/wp\/v2\/posts\/54406","targetHints":{"allow":["GET"]}}],"collection":[{"href":"http:\/\/www.korhanyilmaz.com\/index.php?rest_route=\/wp\/v2\/posts"}],"about":[{"href":"http:\/\/www.korhanyilmaz.com\/index.php?rest_route=\/wp\/v2\/types\/post"}],"author":[{"embeddable":true,"href":"http:\/\/www.korhanyilmaz.com\/index.php?rest_route=\/wp\/v2\/users\/1"}],"replies":[{"embeddable":true,"href":"http:\/\/www.korhanyilmaz.com\/index.php?rest_route=%2Fwp%2Fv2%2Fcomments&post=54406"}],"version-history":[{"count":0,"href":"http:\/\/www.korhanyilmaz.com\/index.php?rest_route=\/wp\/v2\/posts\/54406\/revisions"}],"wp:attachment":[{"href":"http:\/\/www.korhanyilmaz.com\/index.php?rest_route=%2Fwp%2Fv2%2Fmedia&parent=54406"}],"wp:term":[{"taxonomy":"category","embeddable":true,"href":"http:\/\/www.korhanyilmaz.com\/index.php?rest_route=%2Fwp%2Fv2%2Fcategories&post=54406"},{"taxonomy":"post_tag","embeddable":true,"href":"http:\/\/www.korhanyilmaz.com\/index.php?rest_route=%2Fwp%2Fv2%2Ftags&post=54406"}],"curies":[{"name":"wp","href":"https:\/\/api.w.org\/{rel}","templated":true}]}}