{"id":54398,"date":"2012-08-26T13:29:11","date_gmt":"2012-08-26T10:29:11","guid":{"rendered":"http:\/\/www.korhanyilmaz.com\/?p=54398"},"modified":"2012-08-27T09:32:23","modified_gmt":"2012-08-27T06:32:23","slug":"hatayda-neler-oluyor","status":"publish","type":"post","link":"http:\/\/www.korhanyilmaz.com\/?p=54398","title":{"rendered":"Hatay\u2019da neler oluyor?"},"content":{"rendered":"<p style=\"text-align: center;\"><a href=\"http:\/\/www.korhanyilmaz.com\/wp-content\/uploads\/2012\/08\/H480.jpg\"  class=\"lightview\"><img loading=\"lazy\" decoding=\"async\" class=\"aligncenter  wp-image-54399\" src=\"http:\/\/www.korhanyilmaz.com\/wp-content\/uploads\/2012\/08\/H480.jpg\" alt=\"\" width=\"428\" height=\"222\" \/><\/a><\/p>\n<p style=\"text-align: justify;\">\u0130\u015f\u00e7i Partisi Genel Ba\u015fkan\u0131 Do\u011fu Perin\u00e7ek, Ayd\u0131nl\u0131k gazetesindeki k\u00f6\u015fesinde Hatay\u2019da neler oluyor? Sorusunu sordu.<\/p>\n<p style=\"text-align: justify;\"><span style=\"text-decoration: underline;\">\u0130\u015fte o yaz\u0131:<\/span><\/p>\n<p style=\"text-align: justify;\">Hatayl\u0131lar s\u0131cak insanlard\u0131r. Duygulu ve co\u015fkuludurlar. Sava\u015fla burun buruna ya\u015fayan, kazanc\u0131 kesilmi\u015f, ekme\u011fi k\u00fc\u00e7\u00fclm\u00fc\u015f Hatayl\u0131 olmak bug\u00fcn nas\u0131l bir \u015fey, Hamide Yi\u011fit\u2018e kulak verelim. \u00d6z\u00fcne dokunmadan k\u0131saltarak yay\u0131nl\u0131yoruz. Mektubu yollayan Dr. Kubilay Y\u00fcz\u00fcnc\u00fc\u2018ye te\u015fekk\u00fcrler.\u00a0<!--more--><\/p>\n<p style=\"text-align: justify;\"><strong>\u201cBUNLAR TAM ANLAMIYLA \u00c7APULCU\u201d\u00a0<\/strong><\/p>\n<p style=\"text-align: justify;\">\u201cM\u00fclteci\u201d ad\u0131 alt\u0131nda T\u00fcrkiye\u2019ye gelen silahl\u0131 adamlar Antakya\u2019da cirit at\u0131yor. Asker elbiseli, silahl\u0131, yanlar\u0131nda korumalarla tur at\u0131yorlar. Bunlar tam bir \u00e7apulcu, adeta ter\u00f6r estiriyorlar. S\u0131n\u0131r, silahl\u0131 gruplar i\u00e7in \u201cyol ge\u00e7en han\u0131\u201d durumunda. Hatay\u2019daki kamplardan Suriye\u2019ye g\u00fcn\u00fc birlik giri\u015f yap\u0131p sald\u0131r\u0131 d\u00fczenliyor ve kamplar\u0131na geri d\u00f6n\u00fcyorlar. Ya da yaral\u0131 d\u00f6nerlerse, s\u0131n\u0131rda onlar\u0131 bekleyen ambulanslarla il\u00e7e ve merkez hastanelerine ta\u015f\u0131n\u0131yorlar. Halk, kamplarda yakla\u015f\u0131k 7 bin ki\u015finin kald\u011f\u0131n\u0131, ama bu say\u0131n\u0131n en az \u00fc\u00e7 kat\u0131 kadar \u201cm\u00fclteci\u201dnin evlerde (Antakya merkez ve s\u0131n\u0131ra yak\u0131n il\u00e7elerinde) kald\u011f\u0131n\u0131 s\u00f6yl\u00fcyor. Kald\u0131klar\u0131 evler silah deposu gibi.<\/p>\n<p style=\"text-align: justify;\"><strong>ESNAF CANINDAN BEZMI\u015e\u00a0<\/strong><\/p>\n<p style=\"text-align: justify;\">Canlar\u0131n\u0131n istedi\u011fi restorana girip yemek yiyorlar ve hi\u00e7bir \u00f6deme yapmadan \u00e7\u0131k\u0131p gidiyorlar. Esnaf, art\u0131k patlama noktas\u0131na gelip de, \u201cYeter art\u0131k, yediklerinizin paras\u0131n\u0131 \u00f6deyin\u201d dedi\u011finde s\u00fcrekli \u015fu cevab\u0131 ald\u0131klar\u0131n\u0131 s\u00f6yl\u00fcyorlar: \u201cSeninle sonra g\u00f6r\u00fc\u015fece\u011fiz, biz buray\u0131 be\u011fendik. \u00c7ok yak\u0131nda senin bu restoran bizim olacak.\u201d Bu \u00f6yle yayg\u0131n hale gelmi\u015f ki, bakkal\u0131, berberi, ayakkab\u0131c\u0131s\u0131 vb. hepsi, \u201cBu \u00e7apulcular bizim memleketimize, mallar\u0131m\u0131za g\u00f6z dikmi\u015fler\u201d diyorlar. Sokakta silahlar\u0131n\u0131 g\u00f6stere g\u00f6stere geziyorlar. Bir Suriyeli istedi\u011fini alamad\u011f\u0131nda cep telefonuna sar\u0131l\u0131p, \u201c\u015eimdi Recep\u2019i ar\u0131yorum (Recep Tayyip Erdo\u011fan\u2019\u0131 kastediyor), size haddinizi bildirece\u011fim\u201d diyebiliyor. Ve polis \u00e7a\u011f\u0131ram\u0131yoruz, ama onlar bizi s\u00fcrekli polis \u00e7a\u011f\u0131rmakla tehdit ediyorlar. \u00d6rne\u011fin 5 TL\u2019lik bir al\u0131\u015fveri\u015fte \u201cAl \u015fu 1 liray\u0131 ve sus, yoksa \u015f\u0131rta\u2019y\u0131 (polis) \u00e7a\u011f\u0131r\u0131r\u0131m\u201d diyorlar. Hastanelerde daima \u00f6ncelik onlar\u0131n.<\/p>\n<p style=\"text-align: justify;\"><strong>MEZHEP \u00c7ATI\u015eMASINA ZEMIN HAZIRLANIYOR\u00a0<\/strong><\/p>\n<p style=\"text-align: justify;\">AKP ve medyas\u0131n\u0131n mezhep odakl\u0131 hedef g\u00f6sterme ve nefret s\u00f6ylemi, Hatay\u2019da ciddi boyutlara varm\u0131\u015f durumda. Suriye\u2019ye y\u00f6nelik k\u00fcresel sald\u0131r\u0131n\u0131n ana hedefi Esad ve Esad\u2019\u0131n mezhebi olunca, Hatayl\u0131lar, yarat\u0131lmak istenen alg\u0131n\u0131n ilk fark\u0131na varanlar ve hissedenlerdir. Kamptan \u201cEsad\u2019\u0131 hallettikten sonra s\u0131ra size gelecek\u201d tehditleri yap\u0131ld\u0131 ve ne polisimiz ne de h\u00fck\u00fcmetimiz buna kar\u015f\u0131 hi\u00e7bir \u015fey yapmad\u0131. AKP ve medyas\u0131, Hatay halk\u0131n\u0131 Alevi-S\u00fcnni diye kutupla\u015ft\u0131rmay\u0131 ba\u015far\u0131yor gibi. Bir taraftan \u201cAlevi Esad, din karde\u015flerimizi katlediyor\u201d alg\u0131s\u0131 yarat\u0131ld\u0131, di\u011fer yandan, \u201cAleviler silahlan\u0131yor, Esad i\u00e7in sava\u015f\u0131yorlar\u201d propagandas\u0131 yap\u0131l\u0131yor.<\/p>\n<p style=\"text-align: justify;\"><strong>\u201cH\u00dcK\u00dcMETIMIN SEBEP OLDU\u011eU \u00d6L\u00dcMLERIN SESINI DUYUYORUM\u201d<\/strong><\/p>\n<p style=\"text-align: justify;\">Temmuz ortas\u0131nda Samanda\u011f halk\u0131 gece 4-5 saat boyunca sava\u015f\u0131n top seslerini dinledi. S\u0131n\u0131rlar\u0131m\u0131zdan Suriye\u2019ye sald\u0131r\u0131 i\u00e7in giden silahl\u0131 gruplar, Lazkiye yolu \u00fczerinde Suriye ordusuyla \u00e7at\u0131\u015fma ya\u015fad\u0131lar. Top sesleri ile ge\u00e7en saatler sonras\u0131nda yaral\u0131lar ta\u015f\u0131nd\u0131 ak\u0131n ak\u0131n, Antakya hastaneleri dolup ta\u015ft\u0131. Top sesleriyle geceyi ge\u00e7iren Samanda\u011fl\u0131 bir k\u0131z \u00e7ocu\u011fu \u015fu notu d\u00fc\u015f\u00fcyor Facebook sayfas\u0131na: \u201cUtan\u0131yorum ve korkuyorum. Benim h\u00fck\u00fcmetimin sebep oldu\u011fu \u00f6l\u00fcmlerin sesini duyuyorum.\u201d Silahl\u0131 gruplar Reyhanl\u0131 s\u0131n\u0131r\u0131ndan girip, Suriye Bab el Hava s\u0131n\u0131r kap\u0131s\u0131n\u0131 bir s\u00fcreli\u011fine ele ge\u00e7irdiler. O s\u00fcre i\u00e7inde ye\u015fil bidonlarla s\u00fcrekli bir \u015feyler ta\u015f\u0131nd\u0131\u011f\u0131, Bab el Hava s\u0131n\u0131r kap\u0131s\u0131na dizilen \u00e7\u00f6p bidonlar\u0131na T\u00fcrk polisinin gidip silah b\u0131rakt\u0131\u011f\u0131, Reyhanl\u0131\u2019dan \u00e7ok say\u0131da piknik t\u00fcp\u00fc sat\u0131n al\u0131nd\u0131\u011f\u0131 ve bu t\u00fcplerin bomba yap\u0131m\u0131nda kullan\u0131laca\u011f\u0131 s\u00f6yleniyor.<\/p>\n<p style=\"text-align: justify;\">Yakla\u015f\u0131k bir bu\u00e7uk hafta \u00f6nce Yaylada\u011f\u0131\u2019ndan girip, Suriye \u015eabanl\u0131 K\u00f6y\u00fc karakoluna bir sald\u0131r\u0131 ger\u00e7ekle\u015fti. 6 Suriye askeri \u00f6ld\u00fcr\u00fcld\u00fc. Paras\u0131, Kaymakam taraf\u0131ndan \u00f6denmi\u015f bir minib\u00fcsle Suriye\u2019ye girildi\u011fi ve operasyon ger\u00e7ekle\u015ftikten sonra ayn\u0131 minib\u00fcsle geri d\u00f6n\u00fcld\u00fc\u011f\u00fc konu\u015fuluyor. Yurt gazetesinde ayn\u0131 operasyonun video kay\u0131tlar\u0131 yay\u0131mland\u0131. \u00d6ld\u00fcr\u00fclen Suriyeli askerleri videoya kaydedenler Arap\u00e7a konu\u015fuyor. Kullan\u0131lan dil, daha \u00e7ok Hatay-Reyhanl\u0131 Arap\u00e7as\u0131na benziyor. Onun d\u0131\u015f\u0131ndakilerin T\u00fcrk\u00e7e konu\u015fmalar\u0131 duyuluyor.<\/p>\n<p style=\"text-align: justify;\"><strong>HATAY YALAN HABERLERE TEPKILI\u00a0<\/strong><\/p>\n<p style=\"text-align: justify;\">Suriye\u2019nin her kentinde akrabalar\u0131 vard\u0131r Hatayl\u0131n\u0131n. Ger\u00e7e\u011fi, bu denli sapt\u0131ran medyaya ate\u015f p\u00fcsk\u00fcr\u00fcyorlar. Hatay\u2019\u0131n soka\u011f\u0131ndaki s\u0131radan bir vatanda\u015f\u0131 \u015fa\u015fk\u0131na \u00e7eviren \u0131smarlama haberler yap\u0131ld\u0131\u011f\u0131na tan\u0131k oluyorlar. \u00d6rne\u011fin, Harbiye\u2019den Yaylada\u011f\u0131\u2019na do\u011fru kameralar\u0131n\u0131 \u00e7evirmi\u015f bir yay\u0131n ekibinden (haber kanal\u0131n\u0131n ad\u0131 san\u0131 belli ancak burada ismini vermiyoruz) bir muhabirin canl\u0131 ba\u011flant\u0131da \u201cSuriye topraklar\u0131ndan yay\u0131n yapt\u0131\u011f\u0131 ve yo\u011fun \u00e7at\u0131\u015fma sesleri duyuldu\u011fu\u201d yalan\u0131na tan\u0131k oluyorlar.<\/p>\n<p style=\"text-align: justify;\"><strong>YAYLADA\u011eI HALKINA \u00c7APULCU TACIZLERI\u00a0<\/strong><\/p>\n<p style=\"text-align: justify;\">Yaylada\u011f\u0131 halk\u0131 m\u00fcltecilerle ilk muhatap oland\u0131r. Kimin Selefi komutan\u0131, kimin Vahabi komutan\u0131, kimin El Kaideci oldu\u0131unu ay\u0131rt edebiliyor. Tepeden t\u0131rna\u011fa asker k\u0131yafeti ile dola\u015fan, ama aya\u011f\u0131nda spor ayakkab\u0131 olan birini \u201cBu \u00e7apulcudur\u201d diye tan\u0131ml\u0131yorlar. Yaylada\u011fl\u0131lar Arap\u00e7a bilmedikleri i\u00e7in, Suriyeli m\u00fcltecilerin Yaylada\u011fl\u0131 kad\u0131nlar\u0131 Arap\u00e7ayla taciz ettiklerini s\u00f6yl\u00fcyorlar. \u201cBiz kap\u0131m\u0131z a\u00e7\u0131k uyurduk, ama \u015fimdi kap\u0131 pencerelerimizi kilit alt\u0131nda tutuyoruz\u201d diyorlar. M\u00fclteciler devletten ald\u0131klar\u0131 mallar\u0131, yar\u0131, hatta \u00e7eyrek fiyat\u0131na Yaylada\u011fl\u0131lara sat\u0131yorlar.<\/p>\n<p style=\"text-align: justify;\"><strong>ELEKTRIK KESINTILERI\u00a0<\/strong><\/p>\n<p style=\"text-align: justify;\">Harbiye ve ard\u0131ndan Yaylada\u011f\u0131. Bu yol g\u00fczergah\u0131nda elektrikler kesiliyor, sokak ve caddeler de dahil her yer zifiri karanl\u0131k. Bu arada askeri m\u00fchimmat ve silahl\u0131 gruplar\u0131 s\u0131n\u0131ra ta\u015f\u0131yan ara\u00e7lar ge\u00e7iyor. Kamplardan, \u201cKeseb\u2019e sald\u0131raca\u011f\u0131z. Ermeniler de katledilecek\u201d mesajlar\u0131 geliyor. M\u00fclteci kamplar\u0131ndaki \u00e7ocuklar\u0131n bile dillerinden d\u00fc\u015f\u00fcrmedi\u011fi \u201ckatletme\u201d s\u00f6zc\u00fc\u011f\u00fc, bu kez Keseb i\u00e7in kullan\u0131l\u0131yor. Keseb, Yaylada\u011f\u0131\u2019na en yak\u0131n ve Ermenilerin yo\u011fun ya\u015fad\u0131\u011f\u0131 s\u0131n\u0131r kasabas\u0131.<\/p>\n<p style=\"text-align: justify;\"><strong>HATAYLI BU AYIBI TA\u015eIMAYI REDDEDIYOR\u00a0<\/strong><\/p>\n<p style=\"text-align: justify;\">17 ayd\u0131r sebep bulamad\u0131klar\u0131 bir sava\u015f\u0131n kap\u0131 e\u015fi\u011finde patlayaca\u011f\u0131 korkusunu ya\u015fayan bir halk. Ekonomisi durmu\u015f, kazanc\u0131 bitmi\u015f, ekme\u011fi k\u00fc\u00e7\u00fclm\u00fc\u015f bir Hatay. Bug\u00fcne kadar karde\u015f\u00e7e ya\u015fad\u0131\u011f\u0131 hem\u015ferilerinden ayr\u0131\u015ft\u0131r\u0131lmak, kimli\u011fi, mezhebi \u00f6ne \u00e7\u0131kar\u0131larak birbirine k\u0131rd\u0131r\u0131lmak istenen Hatay halk\u0131. S\u00fcrekli akrabalar\u0131ndan \u00f6l\u00fc-yaral\u0131 haberleri alan, almaktan hep korkan Hatay. Ve en k\u00f6t\u00fcs\u00fc; karde\u015f-akraba Suriye halk\u0131na y\u00f6neltilen sald\u0131r\u0131lar\u0131n merkez \u00fcss\u00fc olan, kur\u015fun s\u0131kanlara ev sahipli\u011fi yapan Hatay. Bunun \u00f6fkesi ve \u00fcz\u00fcnt\u00fcs\u00fcyle her soka\u011f\u0131nda, her hanesinde konu\u015fulan \u015fudur: Biz bu ay\u0131b\u0131 daha fazla ta\u015f\u0131may\u0131 reddediyor, her ge\u00e7en g\u00fcn h\u0131zla yakla\u015fan felaketi art\u0131k beklemek istemiyoruz. Ve&#8230; M\u00fclteci kamplar\u0131 derhal Hatay\u2019dan al\u0131ns\u0131n ve \u00f6ncelikle insani ama\u00e7l\u0131 kullan\u0131lmak \u00fczere d\u00fczenlensin! S\u0131n\u0131rlar, silah ge\u00e7i\u015fine ve \u201cter\u00f6ristlere\u201d kapat\u0131ls\u0131n!<\/p>\n<p style=\"text-align: justify;\"><em><strong>Do\u011fu Perin\u00e7ek \/ Ayd\u0131nl\u0131k\u00a0<\/strong><\/em><\/p>\n<p style=\"text-align: justify;\"><a href=\"http:\/\/www.ulusalkanal.com.tr\/gundem\/hatayda-neler-oluyor-h4989.html\" target=\"_blank\">Kaynak : ulusalkanal.com.tr<\/a><\/p>\n","protected":false},"excerpt":{"rendered":"<p style=\"text-align: center;\">\n<p style=\"text-align: justify;\">\u0130\u015f\u00e7i Partisi Genel Ba\u015fkan\u0131 Do\u011fu Perin\u00e7ek, Ayd\u0131nl\u0131k gazetesindeki k\u00f6\u015fesinde Hatay\u2019da neler oluyor? Sorusunu sordu.<\/p>\n<p style=\"text-align: justify;\">\u0130\u015fte o yaz\u0131:<\/p>\n<p style=\"text-align: justify;\">Hatayl\u0131lar s\u0131cak insanlard\u0131r. Duygulu ve co\u015fkuludurlar. Sava\u015fla burun buruna ya\u015fayan, kazanc\u0131 kesilmi\u015f, ekme\u011fi k\u00fc\u00e7\u00fclm\u00fc\u015f Hatayl\u0131 olmak bug\u00fcn nas\u0131l bir \u015fey, Hamide Yi\u011fit\u2018e kulak verelim. \u00d6z\u00fcne dokunmadan k\u0131saltarak yay\u0131nl\u0131yoruz. Mektubu <\/p>\n","protected":false},"author":1,"featured_media":0,"comment_status":"open","ping_status":"open","sticky":false,"template":"","format":"standard","meta":{"footnotes":""},"categories":[105],"tags":[],"class_list":["post-54398","post","type-post","status-publish","format-standard","hentry","category-gundem","odd"],"_links":{"self":[{"href":"http:\/\/www.korhanyilmaz.com\/index.php?rest_route=\/wp\/v2\/posts\/54398","targetHints":{"allow":["GET"]}}],"collection":[{"href":"http:\/\/www.korhanyilmaz.com\/index.php?rest_route=\/wp\/v2\/posts"}],"about":[{"href":"http:\/\/www.korhanyilmaz.com\/index.php?rest_route=\/wp\/v2\/types\/post"}],"author":[{"embeddable":true,"href":"http:\/\/www.korhanyilmaz.com\/index.php?rest_route=\/wp\/v2\/users\/1"}],"replies":[{"embeddable":true,"href":"http:\/\/www.korhanyilmaz.com\/index.php?rest_route=%2Fwp%2Fv2%2Fcomments&post=54398"}],"version-history":[{"count":0,"href":"http:\/\/www.korhanyilmaz.com\/index.php?rest_route=\/wp\/v2\/posts\/54398\/revisions"}],"wp:attachment":[{"href":"http:\/\/www.korhanyilmaz.com\/index.php?rest_route=%2Fwp%2Fv2%2Fmedia&parent=54398"}],"wp:term":[{"taxonomy":"category","embeddable":true,"href":"http:\/\/www.korhanyilmaz.com\/index.php?rest_route=%2Fwp%2Fv2%2Fcategories&post=54398"},{"taxonomy":"post_tag","embeddable":true,"href":"http:\/\/www.korhanyilmaz.com\/index.php?rest_route=%2Fwp%2Fv2%2Ftags&post=54398"}],"curies":[{"name":"wp","href":"https:\/\/api.w.org\/{rel}","templated":true}]}}