{"id":54385,"date":"2012-08-26T17:58:55","date_gmt":"2012-08-26T14:58:55","guid":{"rendered":"http:\/\/www.korhanyilmaz.com\/?p=54385"},"modified":"2012-08-27T09:16:50","modified_gmt":"2012-08-27T06:16:50","slug":"hataylilar-turkiye-suriye-kardesligi-icin-ayaga-kalkti","status":"publish","type":"post","link":"http:\/\/www.korhanyilmaz.com\/?p=54385","title":{"rendered":"Hatayl\u0131lar &#8220;T\u00fcrkiye &#8211; Suriye karde\u015fli\u011fi&#8221; i\u00e7in aya\u011fa kalkt\u0131"},"content":{"rendered":"<p style=\"text-align: center;\"><a href=\"http:\/\/www.korhanyilmaz.com\/wp-content\/uploads\/2012\/08\/H478.jpg\"  class=\"lightview\"><img loading=\"lazy\" decoding=\"async\" class=\"aligncenter  wp-image-54386\" src=\"http:\/\/www.korhanyilmaz.com\/wp-content\/uploads\/2012\/08\/H478.jpg\" alt=\"\" width=\"389\" height=\"202\" \/><\/a><\/p>\n<p style=\"text-align: justify;\">Binlerce ki\u015finin kat\u0131l\u0131m\u0131yla ger\u00e7ekle\u015fen &#8220;T\u00fcrkiye-Suriye karde\u015ftir&#8221; panelinde, Hatayl\u0131lar\u0131n AKP&#8217;nin Suriye d\u00fc\u015fman\u0131 politikalar\u0131na yan\u0131t\u0131 sert oldu.<\/p>\n<p style=\"text-align: justify;\">Panel; CHP, \u0130\u015f\u00e7i Partisi, E\u011fitim-\u0130\u015f, Atat\u00fcrk\u00e7\u00fc D\u00fc\u015f\u00fcnce Derne\u011fi, T\u00fcrkiye Gen\u00e7lik Birli\u011fi, Ulusal E\u011fitim Derne\u011fi, Ehl-Beyt K\u00fclt\u00fcr ve Dayan\u0131\u015fma Vakf\u0131, Ulusal Kanal g\u00f6n\u00fcll\u00fcleri, Ayd\u0131nl\u0131k Gazetesi G\u00f6n\u00fcll\u00fcleri taraf\u0131ndan ortak d\u00fczenlendi.<!--more--><\/p>\n<p style=\"text-align: justify;\">3 saat s\u00fcren paneli, y\u00fczlerce ki\u015fi salonun h\u0131nca h\u0131n\u00e7 dolmas\u0131 nedeniyle ayakta izledi. Kat\u0131l\u0131mc\u0131lar paneli dikkatlice izlediler. \u00c7o\u011funlu\u011fu kad\u0131n ve gen\u00e7lerin olu\u015fturdu\u011fu yurtta\u015flar\u0131n kararl\u0131\u011f\u0131 dikkat \u00e7ekti.<\/p>\n<p style=\"text-align: justify;\">Paneli MK\u00dc \u00d6\u011fretim \u00dcyesi Prof.Dr.Ercan En\u00e7 y\u00f6netti. Panel konu\u015fmac\u0131lar\u0131 ise \u0130\u015f\u00e7i Partisi Genel Ba\u015fkan Yard\u0131mc\u0131s\u0131 Prof.Dr.Semih Koray, CHP Milletvekili Av.Refik Ery\u0131lmaz, Ayd\u0131nl\u0131k Gazetesi Genel Yay\u0131n Y\u00f6netmeni Dr.Serhan Bolluk, EHDAV (Ehl-i Beyt Dayan\u0131\u015fma ve K\u00fclt\u00fcr derne\u011fi) genel ba\u015fkan\u0131 Ali Yeral, Ara\u015ft\u0131rmac\u0131-Yazar Kenan \u00c7amurcu, konu\u015fmalar\u0131n\u0131 yapt\u0131lar. Panele kat\u0131lan CHP Hatay Milletvekili Hasan Akg\u00f6l ve CHP Hatay Milletvekili Mevl\u00fct Dudu\u2019da birer konu\u015fma yapt\u0131lar.<\/p>\n<p style=\"text-align: justify;\"><strong>\u201cM\u00dcLTEC\u0130LER B\u0130R\u0130NC\u0130 SINIF T\u00dcRK HALKI 2. SINIF VATANDA\u015e\u201d\u00a0<\/strong><\/p>\n<p style=\"text-align: justify;\">CHP Hatay Milletvekili Hasan Akg\u00f6l, AKP&#8217;yi Suriye&#8217;nin i\u00e7i\u015flerine m\u00fcdahale etmekle ele\u015ftirdi. Suriye\u2019de ya\u015fanan bir ter\u00f6r olay\u0131d\u0131r. Suriye\u2019de mevcut resmi h\u00fck\u00fcmete kar\u015f\u0131 yap\u0131lan ter\u00f6r olay\u0131d\u0131r. Kimse Suriye\u2019nin i\u00e7i\u015flerine kar\u0131\u015fma hakk\u0131na sahip de\u011fildir. Onlar\u0131nda bir ba\u015f\u0131 vard\u0131r onlara m\u00fcdahale edemezsiniz. Hatay bundan en \u00e7ok etkilenen illerimizden biridir. Hatay iki y\u00f6nden etkilenmektedir. Birincisi ekonomik, ikincisi sosyal a\u00e7\u0131dan etkilenmi\u015ftir. Esnaf\u0131m\u0131z i\u015f yapmaktayd\u0131. G\u00fcn\u00fcbirlik ticaret ve Suriye Ortado\u011fu\u2019ya a\u00e7\u0131lan kap\u0131 oldu\u011fu i\u00e7indir, insanlar\u0131m\u0131z ekme\u011fini kazan\u0131yordu. Sen insanlar\u0131n ekme\u011fini kestin. Sen bakmakla y\u00fck\u00fcml\u00fc oldu\u011fun vatanda\u015f\u0131n ge\u00e7im kaynaklar\u0131n\u0131 yok ettin. Sen vatanda\u015flar\u0131n haklar\u0131n\u0131 korumak zorundas\u0131n. Sen vatanda\u015flar\u0131 a\u00e7 b\u0131rakmak gibi bir g\u00f6revin yoktur. Suriye\u2019den getirilen m\u00fclteciler sayesinde T\u00fcrk vatanda\u015f\u0131 ikinci ve \u00fc\u00e7\u00fcnc\u00fc vatanda\u015f konumuna getirilmi\u015ftir.<\/p>\n<p style=\"text-align: justify;\"><strong>EN KR\u0130T\u0130K MESELE BU \u015eER YUVALARININ KAPATILMASI VE ABD&#8217;N\u0130N BU \u015eER YUVALARINI BURADAN Y\u00d6NETMES\u0130NE \u0130Z\u0130N VER\u0130LMEMES\u0130D\u0130R\u00a0<\/strong><\/p>\n<p style=\"text-align: justify;\">\u0130\u015f\u00e7i Partisi Genel Ba\u015fkan Yard\u0131mc\u0131s\u0131 Semih Koray, Hatay&#8217;daki m\u00fclteci kamplar\u0131n\u0131n mutlaka kapat\u0131lmas\u0131 gerekti\u011fini belirtti. H\u00fck\u00fcmet taraf\u0131ndan maa\u015fa ba\u011flanm\u0131\u015f paral\u0131 askerlerin burada kamplarda beslenenlerin dost, karde\u015f Suriye \u00fczerine s\u00fcr\u00fclmelerinin, Esad y\u00f6netimine \u0131rk\u00e7\u0131l\u0131k yapan uluslar aras\u0131 ter\u00f6rizm bundan dolay\u0131 bu \u015fer yuvalar\u0131n\u0131n derhal kapat\u0131lmas\u0131, Amerika\u2019n\u0131n bunlar\u0131 y\u00f6netmesine izin verilmemesidir. \u0130ncirlik \u00fcss\u00fcn\u00fcn de kapat\u0131lmas\u0131d\u0131r. Tarihin hi\u00e7bir d\u00f6neminde bu kadar kaderleri ortak olan, toprak b\u00fct\u00fcnl\u00fckleri iki \u00fclkenin birbirine ba\u011f\u0131ml\u0131 hale gelmi\u015ftir. Bu g\u00fcn Suriye d\u00fc\u015ferse bunun arkas\u0131ndan T\u00fcrkiye d\u00fc\u015fecektir. Suriye par\u00e7alan\u0131rsa bu T\u00fcrkiye\u2019nin par\u00e7alanmas\u0131 demektir. Bu sadece T\u00fcrkiye-Suriye aras\u0131nda de\u011fil b\u00fct\u00fcn b\u00f6lgeler aras\u0131ndad\u0131r. Bu y\u0131k\u0131c\u0131 faaliyetlere dur demenin en \u00f6nemli tedbirlerinden biri T\u00fcrkiye, Suriye\u2019nin, Irak ve \u0130ran\u2019\u0131n emperyalizme kar\u015f\u0131 birlik olmas\u0131d\u0131r. Bak\u0131n bu devletlerin ba\u015fbakanlar\u0131, devlet ba\u015fkanlar\u0131, d\u0131\u015fi\u015fleri bakanlar\u0131 bir araya gelseler biz birimize yap\u0131lm\u0131\u015f m\u00fcdahaleyi birimize yap\u0131lan sald\u0131r\u0131y\u0131 hepimize sayaca\u011f\u0131z deyip, sald\u0131rmazl\u0131k pakt\u0131 imzalasalar bu g\u00fcn d\u00fcnyada ki b\u00fct\u00fcn kuvvet dengeleri de\u011fi\u015fir. Tek bir kur\u015fun at\u0131lmadan bu siyasi iradenin ortaya \u00e7\u0131kmas\u0131, tek bir kur\u015fun at\u0131lmadan hi\u00e7bir para harcanmadan d\u00fcnyadaki siyasi dengeler de\u011fi\u015fir.<\/p>\n<p style=\"text-align: justify;\"><strong>\u00c7\u00d6Z\u00dcM: KAMPLARI KAPTILSIN! S\u0130L\u0130VR\u0130-HASDAL BO\u015eALTILSIN\u00a0<\/strong><\/p>\n<p style=\"text-align: justify;\">AKP&#8217;nin alternatifinin yarat\u0131lmas\u0131 gerekti\u011fini vurgulayan Ayd\u0131nl\u0131k Gazetesi Genel Yay\u0131n Y\u00f6netmeni Serhan Bolluk da konu\u015fmas\u0131nda \u00e7\u00f6z\u00fcme vurgu yapt\u0131. Bir c\u00fcmle ile Suriye\u2019de olanlar\u0131 a\u00e7\u0131klarsak; Esad\u2019\u0131n ordusu o kahramanlar vatanlar\u0131n\u0131 savunuyorlar. Vatanlar\u0131n\u0131 savunuyorlar ama tehlikede olan d\u00fcnya bar\u0131\u015f\u0131n\u0131 savunuyorlar. Mesele Esad\u2019\u0131n gitmesi de\u011fil, orda ki olay\u0131 do\u011fru kavramal\u0131y\u0131z. Onlar d\u00fcnya bar\u0131\u015f\u0131n\u0131 i\u00e7in sava\u015f\u0131yorlar. Y\u00fcre\u011fimiz ve her \u015feyimiz ile onlar\u0131n yan\u0131nday\u0131z. Biz \u015funu iyi biliyoruz, onlar\u0131n zaferleri b\u00fct\u00fcn mazlum milletlerin zaferi olacakt\u0131r. Burada a\u00e7\u0131k ve net olal\u0131m, burada \u015f\u00fcphe ta\u015f\u0131mayal\u0131m. \u015eu co\u011frafya yani Kilis, Antep, Hatay bana sorarsan\u0131z d\u00fcnyan\u0131n merkezidir. Bunu biraz a\u00e7al\u0131m. Suriye\u2019ye kar\u015f\u0131 sava\u015fan haydutlar yani Obama\u2019n\u0131n haydutlar\u0131 nereden gidiyor? Buradan yani Arabistan ve Hatay \u00fczerinden g\u00f6nderilmektedir. El kaide diye torba \u00f6rg\u00fct yapt\u0131lar. \u00c7e\u00e7enistan\u2019dan, oradan, buradan getirip, Suriye\u2019ye g\u00f6nderiyorlar.<\/p>\n<p style=\"text-align: justify;\">Demek ki Hatayl\u0131lara b\u00fcy\u00fck bir g\u00f6rev d\u00fc\u015f\u00fcyor. Yani Hatayl\u0131lar sadece bar\u0131\u015f\u0131, birli\u011fi, huzuru Hatay i\u00e7in de\u011fil b\u00fct\u00fcn bir b\u00f6lge i\u00e7in b\u00fct\u00fcn bir d\u00fcnya i\u00e7in m\u00fccadele edecektir. Bu ter\u00f6r kamplar\u0131 derhal kapat\u0131lmal\u0131d\u0131r. T\u00fcrkiye yasalar\u0131na g\u00f6re su\u00e7 i\u015fliyorlar, h\u00fck\u00fcmeti uyar\u0131yorum.<\/p>\n<p style=\"text-align: justify;\">Ter\u00f6r yuvalar\u0131n\u0131 nas\u0131l halledece\u011fiz? Biraz \u00f6nce h\u00fck\u00fcmet istifa etmesini isteyen sloganlar at\u0131ld\u0131. Hi\u00e7bir h\u00fck\u00fcmet se\u00e7ene\u011fi olmadan gitmez. Yani yerine bir se\u00e7enek \u00fcretmedi\u011finiz hi\u00e7bir y\u00f6netim kendili\u011finden gitmez. \u00d6yle bir \u015fey yoktur. Suriye\u2019de neler oluyor sorusuna yan\u0131t T\u00fcrkiye\u2019de neler oluyor yan\u0131t\u0131 ile cevaplamak gerekir ama T\u00fcrkiye\u2019de neler oluyor yan\u0131t\u0131 daha \u00f6nemlidir. Amerika d\u00fc\u011fmeye bast\u0131 ve Alevi-S\u00fcnni diyerek aram\u0131za nifak sokulmaya \u00e7al\u0131\u015f\u0131l\u0131yor. Bir taraftan bu di\u011fer taraftan b\u00f6l\u00fcc\u00fc ter\u00f6r belas\u0131n\u0131 ba\u015f\u0131m\u0131za sard\u0131lar. Ba\u015f\u0131m\u0131z\u0131 \u00e7evirip bak\u0131n, Antep\u2019teki bomba T\u00fcrkiye\u2019ye at\u0131lan bombad\u0131r. \u015eemdili olay\u0131n\u0131 da do\u011fru a\u00e7\u0131klamam\u0131z laz\u0131md\u0131r. Vahim olaylar oluyor. \u015eemdinli\u2019den, Gaziantep\u2019e kadar bir dizi olay ya\u015fad\u0131k. Birlik beraberlik diyorlar, kimin arkas\u0131nda Tayyip Erdo\u011fan\u2019\u0131n arkas\u0131nda peki T\u00fcrkiye\u2019yi bu duruma kim getirmi\u015ftir? \u0130\u015fin sorumlusu ile olay\u0131 \u00e7\u00f6zeceklermi\u015f? Katil ile cinayet \u00e7\u00f6z\u00fcl\u00fcr m\u00fc? Se\u00e7enek sunmal\u0131y\u0131z. Silivri son derece sorudur? Silivri, Hasdal, Had\u0131mk\u00f6y kap\u0131lar\u0131 a\u00e7\u0131lmadan bu i\u015f olmaz. Y\u00fczlerce kahraman\u0131z orda yatmaktad\u0131r. Suriye askerlerine kahraman dedik ya i\u015fte y\u00fczlerce kahraman ise o zindanlarda yat\u0131yor. B\u00f6l\u00fcc\u00fc ter\u00f6r o sayede hortlam\u0131\u015ft\u0131r. Ergenekon soru\u015fturmalar\u0131 ne kadar artt\u0131 ise ter\u00f6r o kadar artm\u0131\u015ft\u0131r. Ter\u00f6r \u00f6nlenecekse T\u00fcrk ordusu yeniden sava\u015fma g\u00fcc\u00fcne ve moraline kavu\u015facaksa o Hasdal kap\u0131lar\u0131 a\u00e7\u0131lacakt\u0131r. Bu bir \u00e7\u00f6z\u00fcmd\u00fcr. Bu Silivri kap\u0131lar\u0131 a\u00e7\u0131lacak, ter\u00f6r kamplar\u0131 kapat\u0131lacak ve g\u00fcney kom\u015fular\u0131m\u0131zla \u0130ran ve Suriye ile i\u015fbirli\u011fi yap\u0131lacak, d\u00fc\u015fmanl\u0131k de\u011fil. \u0130\u015fte o zaman ter\u00f6r kalmaz bar\u0131\u015f, huzur ve refah\u0131n yolu a\u00e7\u0131l\u0131r. B\u00f6ylece ayr\u0131l\u0131k ve gayr\u0131l\u0131k kalmaz.<\/p>\n<p style=\"text-align: justify;\"><strong>\u0130SRA\u0130L, ARAB\u0130STAN, KATAR SUR\u0130YEL\u0130 KARDE\u015eLER\u0130M\u0130ZLE B\u0130Z\u0130 B\u0130RB\u0130R\u0130M\u0130ZE D\u00dc\u015e\u00dcREMEZ\u00a0<\/strong><\/p>\n<p style=\"text-align: justify;\">Panelde, Ehl-Beyt K\u00fclt\u00fcr ve Dayan\u0131\u015fma Vakf\u0131 Genel Ba\u015fkan\u0131 Ali Yeral da konu\u015ftu. Bizim ba\u015fkentimiz \u015eam de\u011fil, Ankara\u2019d\u0131r. Bizim milli \u00f6nderimiz merhum Haf\u0131z Esad de\u011fil, b\u00fcy\u00fck \u00f6nder Mustafa Kemal Atat\u00fcrk\u2019t\u00fcr. Biz askerli\u011fimizi Lazkiye, de de\u011fil Mardin ve \u015e\u0131rnak\u2019ta yap\u0131yoruz. Biz vergilerimiz Suriye vergi dairelerine de\u011fil, T\u00fcrkiye vergi dairelerine severek ve ko\u015farak vermekteyiz. Biz aleviler kom\u015fu Suriye\u2019yi d\u00fc\u015fman de\u011fil, karde\u015f, dost olarak g\u00f6rmekte ve \u00f6yle g\u00f6rmeye devam edece\u011fiz. Ne Arabistan, ne katar Suriyeli karde\u015flerimizle sava\u015fmaya ikna edemeyecektir. Suriye\u2019de sadece alevi de\u011fil, H\u0131ristiyan, S\u00fcnni karde\u015flerimizin de orda akrabalar\u0131 bulunmaktad\u0131r. Nas\u0131l bir Azerbaycan ile bir millet iki devlet isek Suriye ile bir aile iki devletiz. Biz Alevilerin bu devlete, bu bayra\u011fa sadakatimizi sorgulamaya \u00e7al\u0131\u015fanlara aynaya bakmalar\u0131n\u0131 bir kere daha \u00f6neriyorum.<\/p>\n<p style=\"text-align: justify;\">Bu \u00e7irkin kampla\u015fman\u0131n B\u00fcy\u00fck Ortado\u011fu Projesi ile hedeflenen b\u00fcy\u00fck \u0130srail hedefine hizmet etti\u011fini hepimiz bilmekteyiz. Biz kom\u015fular\u0131m\u0131zla s\u0131f\u0131r sorundan s\u0131f\u0131r kom\u015fuluk ili\u015fkisini hayre alamet olarak g\u00f6rmedik. Siz d\u00fcn karde\u015f dedi\u011finize kalle\u015f derseniz, dostum dedi\u011finize d\u00fc\u015fman\u0131m derseniz, d\u00fcn can\u0131m, ci\u011ferim dedi\u011finize cell\u00e2t derseniz hangi g\u00fcn do\u011fru hangi g\u00fcn yalan s\u00f6yl\u00fcyorsunuz, diye sormazlar m\u0131? \u00dclkemiz ve b\u00f6lge \u00fclkelerinin par\u00e7alanmas\u0131na kar\u015f\u0131 oldu\u011fumuz i\u00e7in bize Esat\u00e7\u0131, Bas\u00e7\u0131, Suriyeci, Alevi, Nuseyri diyorlar. Biz onlara Amerikan emperyalisti, \u0130srail Siyonisti, Natocu, BOP\u2019cu ve Ermenici diye s\u00f6ylemeye dilimiz varm\u0131yor. \u00c7\u00fcnk\u00fc edemiz buna izin vermiyor.<\/p>\n<p style=\"text-align: justify;\">Burada yiyip, i\u00e7en geceleri Suriye\u2019de insanlar\u0131 tavuk keser gibi kesen canileri biz burada istemiyoruz. Bizim \u015fanl\u0131 bayra\u011f\u0131m\u0131z\u0131 indirip, kendi pa\u00e7avras\u0131n\u0131 asan polis ve askerimizi yaralayan, Antakya caddelerinde kad\u0131nlar\u0131m\u0131z\u0131, k\u0131zlar\u0131m\u0131z\u0131 taciz eden, esnaftan hara\u00e7 almaya \u00e7al\u0131\u015fan en \u00f6nemlisi ise alevi vatanda\u015flar\u0131m\u0131z\u0131n evlerini, alacaklar\u0131n\u0131 ve bo\u011fazlay\u0131p keseceklerini s\u00f6yleyen bu \u00e7apulcular\u0131n gitmesini istiyoruz.<\/p>\n<p style=\"text-align: justify;\">Ne \u0130srail, ne Arabistan, ne Katar bizleri hi\u00e7 kimse Suriyeli karde\u015flerimizle sava\u015fmaya ikna edemeyecektir.<\/p>\n<p style=\"text-align: justify;\"><strong>SUR\u0130YE\u2019DE ABD EMPERYAL\u0130ZM\u0130NE KAR\u015eI MAZLUM HALKLARIN DEVR\u0130MC\u0130 \u0130SYANI VER\u0130L\u0130YOR\u00a0<\/strong><\/p>\n<p style=\"text-align: justify;\">Yazar Kenan \u00c7amurcu, m\u00fccadele eden Suriye y\u00f6netiminin mazlum haklar ad\u0131na direndi\u011fini s\u00f6yledi. Suriye meselesi bir politik mesele olmad\u0131\u011f\u0131n\u0131 g\u00f6r\u00fcyoruz. Emperyalizmin bir plan\u0131 oldu\u011funun alt\u0131n\u0131 \u00e7izelim. Bunun i\u00e7in ter\u00f6rist gruplar\u0131n topraklar\u0131m\u0131zdan derhal s\u00fcr\u00fclmelidir. Silahl\u0131 kuvvetler i\u00e7in T\u00fcrkiye-Suriye sava\u015f\u0131na lobicilik yapanlar hemen \u015fimdi tasfiye edilmelidir. T\u00fcrkiye-Suriye sava\u015f\u0131n\u0131 tahrik eten \u015febeke ortaya \u00e7\u0131kar\u0131lmal\u0131 yarg\u0131 \u00f6n\u00fcnde hesap sorulmal\u0131d\u0131r. T\u00fcrkiye-Suriye s\u0131n\u0131r\u0131 korunmal\u0131 ve Suriye\u2019nin in\u015fas\u0131 i\u00e7in kollar s\u0131vanmal\u0131d\u0131r. T\u00fcrkiye, Suriye ve \u0130ran aras\u0131nda ortak savunma staretejisi kabul edilmelidir. Bu g\u00fcn Suriye meselesindeki gibi bir krizin \u00e7\u0131kmamas\u0131 asla \u015fansa b\u0131rak\u0131lmamal\u0131d\u0131r. Acilen, T\u00fcrkiye, Suriye, \u0130ran ve Irak i\u00e7in uluslar aras\u0131 bir kurum olu\u015fturulmal\u0131d\u0131r. Entegrasyon \u00e7al\u0131\u015fmalar\u0131 y\u00fcr\u00fct\u00fclmelidir.<\/p>\n<p style=\"text-align: justify;\"><strong>ABD&#8217;YE TESL\u0130M OLMU\u015e DURUMDALAR\u00a0<\/strong><\/p>\n<p style=\"text-align: justify;\">Ter\u00f6r gruplar\u0131n\u0131n Hatay s\u0131n\u0131r\u0131ndan giri\u015f yapt\u0131klar\u0131na dikkat \u00e7eken CHP Hatay Milletvekili Refik Ery\u0131lmaz, AKP h\u00fck\u00fcmetinin Amerika&#8217;ya teslim oldu\u011funu s\u00f6yledi. S\u0131n\u0131rlar\u0131m\u0131z yol ge\u00e7en han\u0131na d\u00f6nm\u00fc\u015ft\u00fcr. Kontrol yoktur. Kimin girdi\u011fi, kimin \u00e7\u0131kt\u0131\u011f\u0131 belli de\u011fildir. Bana k\u00f6yl\u00fcm\u00fcz ar\u0131yor bu s\u0131n\u0131rdan kimin ge\u00e7ti\u011fi ve eli kanl\u0131 ter\u00f6ristler ge\u00e7iyor. Valiye s\u00f6ylememi s\u00f6ylediler. Ben de onlara dedim ki \u00fcz\u00fclerek s\u00f6yleyeyim ne valinin, ne emniyet m\u00fcd\u00fcr\u00fcn\u00fcn ne de bakan\u0131n yetkisi kalmam\u0131\u015ft\u0131r. Bunlar tamamen ABD ve i\u015fbirlik\u00e7ilerinin denetimine ge\u00e7mi\u015ftir.<\/p>\n<p style=\"text-align: justify;\">Bu radikal dinci gruplar diyelim Suriye ile ili\u015fkimiz d\u00fczeldi, bunlarla h\u00fck\u00fcmetin i\u015fi bitti h\u00fck\u00fcmet de bunlara buradan gidin dedi. Bu olay o kadar kolay olmayacakt\u0131r. Onlar \u015funu s\u00f6yleyeceklerdir. \u2018siz bizi \u00e7a\u011f\u0131rd\u0131n\u0131z, biz geldik, Suriye ile sava\u015fmam\u0131z\u0131 istediniz, sava\u015ft\u0131k. Militanlar\u0131m\u0131z \u00f6ld\u00fc, bedel \u00f6dedik, \u015fimdi de i\u015finiz bitti bizi buradan \u00e7\u0131karmaya \u00e7al\u0131\u015f\u0131yorsunuz. B\u00f6yle ya\u011fma yok diyerek\u2019 bu kez silah\u0131n\u0131 devlete ve h\u00fck\u00fcmete y\u00f6neltecektir. En b\u00fcy\u00fck tehlikelerden biride budur. Ter\u00f6re destek veren bu h\u00fck\u00fcmet ile ayn\u0131 \u00e7at\u0131 alt\u0131nda olmaktan b\u00fcy\u00fck bir hicap duymaktay\u0131m.<\/p>\n<p style=\"text-align: justify;\"><strong>16 EYL\u00dcL\u2019DE HATAY\u2019DA \u201cSUR\u0130YE-T\u00dcRK\u0130YE KARDE\u015eL\u0130K \u015e\u00d6LEN\u0130\u201d\u00a0<\/strong><\/p>\n<p style=\"text-align: justify;\">S\u0131k s\u0131k sloganlar\u0131n at\u0131ld\u0131 panelde konu\u015fmalar dakikalarca alk\u0131\u015fland\u0131. Panelde \u201cH\u00fck\u00fcmet istifa, Suriye T\u00fcrkiye yaln\u0131z de\u011fildir\u201d sloganlar\u0131 at\u0131ld\u0131. Panelin sonunda da karde\u015fli\u011fi b\u00fcy\u00fctecek eylem plan\u0131 \u00e7\u0131kar\u0131ld\u0131. \u00d6n\u00fcm\u00fczdeki g\u00fcnlerde Hatay ve \u00e7evre illerde mitingler, y\u00fcr\u00fcy\u00fc\u015fler, imza kampanyalar\u0131, paneller yap\u0131lmas\u0131na kara verildi. 16 Eyl\u00fcl\u2019de Hatay\u2019da b\u00fcy\u00fck bir \u201cSuriye-T\u00fcrkiye Karde\u015flik \u015e\u00f6leni\u201d yap\u0131lacak.<\/p>\n<p style=\"text-align: justify;\"><a href=\"http:\/\/www.ulusalkanal.com.tr\/yurt-haber\/hataylilar-turkiye-suriye-kardesligi-icin-ayaga-kalkti-h5006.html\" target=\"_blank\">Kaynak : H\u00fcseyin G\u00fcler\/Hatay &#8211; ulusalkanal.com.tr<\/a><\/p>\n","protected":false},"excerpt":{"rendered":"<p style=\"text-align: center;\">\n<p style=\"text-align: justify;\">Binlerce ki\u015finin kat\u0131l\u0131m\u0131yla ger\u00e7ekle\u015fen &#8220;T\u00fcrkiye-Suriye karde\u015ftir&#8221; panelinde, Hatayl\u0131lar\u0131n AKP&#8217;nin Suriye d\u00fc\u015fman\u0131 politikalar\u0131na yan\u0131t\u0131 sert oldu.<\/p>\n<p style=\"text-align: justify;\">Panel; CHP, \u0130\u015f\u00e7i Partisi, E\u011fitim-\u0130\u015f, Atat\u00fcrk\u00e7\u00fc D\u00fc\u015f\u00fcnce Derne\u011fi, T\u00fcrkiye Gen\u00e7lik Birli\u011fi, Ulusal E\u011fitim Derne\u011fi, Ehl-Beyt K\u00fclt\u00fcr ve Dayan\u0131\u015fma Vakf\u0131, Ulusal Kanal g\u00f6n\u00fcll\u00fcleri, Ayd\u0131nl\u0131k Gazetesi G\u00f6n\u00fcll\u00fcleri taraf\u0131ndan ortak d\u00fczenlendi.<\/p>\n","protected":false},"author":1,"featured_media":0,"comment_status":"open","ping_status":"open","sticky":false,"template":"","format":"standard","meta":{"footnotes":""},"categories":[105],"tags":[],"class_list":["post-54385","post","type-post","status-publish","format-standard","hentry","category-gundem","odd"],"_links":{"self":[{"href":"http:\/\/www.korhanyilmaz.com\/index.php?rest_route=\/wp\/v2\/posts\/54385","targetHints":{"allow":["GET"]}}],"collection":[{"href":"http:\/\/www.korhanyilmaz.com\/index.php?rest_route=\/wp\/v2\/posts"}],"about":[{"href":"http:\/\/www.korhanyilmaz.com\/index.php?rest_route=\/wp\/v2\/types\/post"}],"author":[{"embeddable":true,"href":"http:\/\/www.korhanyilmaz.com\/index.php?rest_route=\/wp\/v2\/users\/1"}],"replies":[{"embeddable":true,"href":"http:\/\/www.korhanyilmaz.com\/index.php?rest_route=%2Fwp%2Fv2%2Fcomments&post=54385"}],"version-history":[{"count":0,"href":"http:\/\/www.korhanyilmaz.com\/index.php?rest_route=\/wp\/v2\/posts\/54385\/revisions"}],"wp:attachment":[{"href":"http:\/\/www.korhanyilmaz.com\/index.php?rest_route=%2Fwp%2Fv2%2Fmedia&parent=54385"}],"wp:term":[{"taxonomy":"category","embeddable":true,"href":"http:\/\/www.korhanyilmaz.com\/index.php?rest_route=%2Fwp%2Fv2%2Fcategories&post=54385"},{"taxonomy":"post_tag","embeddable":true,"href":"http:\/\/www.korhanyilmaz.com\/index.php?rest_route=%2Fwp%2Fv2%2Ftags&post=54385"}],"curies":[{"name":"wp","href":"https:\/\/api.w.org\/{rel}","templated":true}]}}