{"id":54381,"date":"2012-08-27T08:05:45","date_gmt":"2012-08-27T05:05:45","guid":{"rendered":"http:\/\/www.korhanyilmaz.com\/?p=54381"},"modified":"2012-08-27T08:46:52","modified_gmt":"2012-08-27T05:46:52","slug":"ve-kararini-verdi-adayim","status":"publish","type":"post","link":"http:\/\/www.korhanyilmaz.com\/?p=54381","title":{"rendered":"Ve karar\u0131n\u0131 verdi: Aday\u0131m"},"content":{"rendered":"<p style=\"text-align: center;\"><a href=\"http:\/\/www.korhanyilmaz.com\/wp-content\/uploads\/2012\/08\/H477.jpg\"  class=\"lightview\"><img loading=\"lazy\" decoding=\"async\" class=\"aligncenter  wp-image-54382\" src=\"http:\/\/www.korhanyilmaz.com\/wp-content\/uploads\/2012\/08\/H477.jpg\" alt=\"\" width=\"416\" height=\"189\" \/><\/a><\/p>\n<p style=\"text-align: justify;\">Eski bakan ve MHP Trabzon milletvekili Koray Ayd\u0131n, 1 Eyl\u00fcl g\u00fcn\u00fc, Bah\u00e7eli\u2019ye kar\u015f\u0131 Genel Ba\u015fkan adayl\u0131\u011f\u0131n\u0131 a\u00e7\u0131klayacak.<\/p>\n<p style=\"text-align: justify;\">ANKARA &#8211; MHP\u2019nin 4 Kas\u0131m\u2019da yap\u0131lacak b\u00fcy\u00fck kongresinde Devlet Bah\u00e7eli\u2019nin koltu\u011fu i\u00e7in de\u011fi\u015fim r\u00fczgar\u0131 ba\u015flad\u0131. MHP Trabzon milletvekili ve Bay\u0131nd\u0131rl\u0131k eski Bakan\u0131 Koray Ayd\u0131n, Genel Ba\u015fkanl\u0131k i\u00e7in karar\u0131n\u0131 verdi. Ayd\u0131n 1 Eyl\u00fcl g\u00fcn\u00fc saat 13.00\u2019de, Ankara\u2019n\u0131n en b\u00fcy\u00fck salonu olan Anadolu G\u00f6steri Merkezinde adayl\u0131\u011f\u0131n\u0131 a\u00e7\u0131klayacak.\u00a0<!--more--><\/p>\n<p style=\"text-align: justify;\">Son iki ay i\u00e7inde \u00e7ok say\u0131da il ve il\u00e7eyi gezerek \u2018\u2019 Sonradan de\u011fil \u015fimdi\u2019\u2019 slogan\u0131 ile Genel Ba\u015fkan adayl\u0131\u011f\u0131 sinyali veren, Ayd\u0131n, nab\u0131z yoklad\u0131. Sonu\u00e7ta da adayl\u0131k i\u00e7in karar\u0131n\u0131 verdi. Ayd\u0131n, kendisine yak\u0131n MHP\u2019lilere adayl\u0131\u011f\u0131n\u0131n kesin oldu\u011funu belirterek, \u2018\u20191 Ekim toplant\u0131s\u0131na te\u015friflerinizi ve dualar\u0131n\u0131z\u0131 bekliyorum\u2019\u2019 bi\u00e7iminde SMS mesaj\u0131 da att\u0131.<\/p>\n<p style=\"text-align: justify;\">Gitti\u011fi illerde 2014 yerel se\u00e7imlerini i\u015faret eden Ayd\u0131n, \u2018\u2019Formda, sahada zinde, z\u0131pk\u0131n gibi bir MHP olursa yerel se\u00e7imlerde ba\u015far\u0131l\u0131 bir sonu\u00e7 al\u0131r\u0131z. MHP\u2019nin en fazla \u00f6nem vermesi gereken se\u00e7imlerden biri \u00f6n\u00fcm\u00fczdeki mahalli se\u00e7imlerdir ve mutlaka ba\u015far\u0131l\u0131 bir organizasyonun in\u015fa edilmesi laz\u0131m.\u201d dedi.<\/p>\n<p style=\"text-align: justify;\">Ayd\u0131n, Genel ba\u015fkan adayl\u0131\u011f\u0131 konusunda ise \u2018\u2019 Bizim yapmaya \u00e7al\u0131\u015ft\u0131\u011f\u0131m\u0131z ki\u015fisel bir i\u015f de\u011fil. \u0130nsanlar\u0131m\u0131z\u0131 irade koymaya te\u015fvik ediyoruz. Bunun sonra olma \u015fans\u0131 yok \u00e7\u00fcnk\u00fc T\u00fcrkiye makas de\u011fi\u015ftiriyor. MHP bu d\u00f6nemin temel dinami\u011fi olup olmamaya karar verecek. MHP\u2019yi kurumsal bir kimli\u011fe kavu\u015fturaca\u011f\u0131m. Ki\u015fi inisiyatifinin ortadan kalkt\u0131\u011f\u0131, kurallar\u0131n hakim oldu\u011fu bir sistem kuraca\u011f\u0131m. Gen\u00e7lik Kollar\u0131n\u0131, Kad\u0131n Kollar\u0131n\u0131 kuraca\u011f\u0131z\u2019\u2019 dedi.<\/p>\n<p style=\"text-align: justify;\"><a href=\"http:\/\/www.gazeteport.com.tr\/haber\/108806\/ve-kararini-verdi-adayim\" target=\"_blank\">Kaynak : GAZETEPORT<\/a><\/p>\n","protected":false},"excerpt":{"rendered":"<p style=\"text-align: center;\">\n<p style=\"text-align: justify;\">Eski bakan ve MHP Trabzon milletvekili Koray Ayd\u0131n, 1 Eyl\u00fcl g\u00fcn\u00fc, Bah\u00e7eli\u2019ye kar\u015f\u0131 Genel Ba\u015fkan adayl\u0131\u011f\u0131n\u0131 a\u00e7\u0131klayacak.<\/p>\n<p style=\"text-align: justify;\">ANKARA &#8211; MHP\u2019nin 4 Kas\u0131m\u2019da yap\u0131lacak b\u00fcy\u00fck kongresinde Devlet Bah\u00e7eli\u2019nin koltu\u011fu i\u00e7in de\u011fi\u015fim r\u00fczgar\u0131 ba\u015flad\u0131. MHP Trabzon milletvekili ve Bay\u0131nd\u0131rl\u0131k eski Bakan\u0131 Koray Ayd\u0131n, Genel Ba\u015fkanl\u0131k i\u00e7in karar\u0131n\u0131 verdi. Ayd\u0131n 1 <\/p>\n","protected":false},"author":1,"featured_media":0,"comment_status":"open","ping_status":"open","sticky":false,"template":"","format":"standard","meta":{"footnotes":""},"categories":[105],"tags":[],"class_list":["post-54381","post","type-post","status-publish","format-standard","hentry","category-gundem","odd"],"_links":{"self":[{"href":"http:\/\/www.korhanyilmaz.com\/index.php?rest_route=\/wp\/v2\/posts\/54381","targetHints":{"allow":["GET"]}}],"collection":[{"href":"http:\/\/www.korhanyilmaz.com\/index.php?rest_route=\/wp\/v2\/posts"}],"about":[{"href":"http:\/\/www.korhanyilmaz.com\/index.php?rest_route=\/wp\/v2\/types\/post"}],"author":[{"embeddable":true,"href":"http:\/\/www.korhanyilmaz.com\/index.php?rest_route=\/wp\/v2\/users\/1"}],"replies":[{"embeddable":true,"href":"http:\/\/www.korhanyilmaz.com\/index.php?rest_route=%2Fwp%2Fv2%2Fcomments&post=54381"}],"version-history":[{"count":0,"href":"http:\/\/www.korhanyilmaz.com\/index.php?rest_route=\/wp\/v2\/posts\/54381\/revisions"}],"wp:attachment":[{"href":"http:\/\/www.korhanyilmaz.com\/index.php?rest_route=%2Fwp%2Fv2%2Fmedia&parent=54381"}],"wp:term":[{"taxonomy":"category","embeddable":true,"href":"http:\/\/www.korhanyilmaz.com\/index.php?rest_route=%2Fwp%2Fv2%2Fcategories&post=54381"},{"taxonomy":"post_tag","embeddable":true,"href":"http:\/\/www.korhanyilmaz.com\/index.php?rest_route=%2Fwp%2Fv2%2Ftags&post=54381"}],"curies":[{"name":"wp","href":"https:\/\/api.w.org\/{rel}","templated":true}]}}