{"id":54377,"date":"2012-08-27T07:38:44","date_gmt":"2012-08-27T04:38:44","guid":{"rendered":"http:\/\/www.korhanyilmaz.com\/?p=54377"},"modified":"2012-08-27T15:30:07","modified_gmt":"2012-08-27T12:30:07","slug":"latif-abi-kepenk-kapatti","status":"publish","type":"post","link":"http:\/\/www.korhanyilmaz.com\/?p=54377","title":{"rendered":"T\u00fcrkiye Partisi kapan\u0131yor."},"content":{"rendered":"<p style=\"text-align: center;\"><a href=\"http:\/\/www.korhanyilmaz.com\/wp-content\/uploads\/2012\/08\/H476.jpg\"  class=\"lightview\"><img loading=\"lazy\" decoding=\"async\" class=\"aligncenter  wp-image-54378\" src=\"http:\/\/www.korhanyilmaz.com\/wp-content\/uploads\/2012\/08\/H476.jpg\" alt=\"\" width=\"442\" height=\"201\" \/><\/a><\/p>\n<p style=\"text-align: justify;\">AKP ile yollar\u0131n\u0131 ay\u0131ran eski Ba\u015fbakan yard\u0131mc\u0131s\u0131 Abd\u00fcllatif \u015eener\u2019in T\u00fcrkiye Partisi kapan\u0131yor.<\/p>\n<p style=\"text-align: justify;\">ANKARA &#8211; AK Parti h\u00fck\u00fcmetlerinde Ba\u015fbakan yard\u0131mc\u0131l\u0131\u011f\u0131 yapt\u0131ktan sonra yollar\u0131n\u0131 ay\u0131ran Abd\u00fcllatif \u015eener\u2019in T\u00fcrkiye Partisi, kapanma karar\u0131 ald\u0131. MKYK toplant\u0131s\u0131nda bu karar onayland\u0131.<\/p>\n<p style=\"text-align: justify;\">Son se\u00e7imlerde Sivas\u2019dan ba\u011f\u0131ms\u0131z aday olan \u015eener, Genel Ba\u015fkanl\u0131k g\u00f6revinden ve partisinden ayr\u0131lm\u0131\u015f, 17 bin oy almas\u0131na ra\u011fmen se\u00e7ilememi\u015fti. \u015eener, yeniden Genel Ba\u015fkanl\u0131k g\u00f6revine d\u00f6nmedi. Partinin Merkez Karar ve Y\u00fcr\u00fctme kurulu da mali problemleri de dikkate alarak kapatma karar\u0131na vard\u0131. \u015eener\u2019in bundan sonra, Ankara\u2019daki \u00c7ankaya \u00dcniversitesinde \u00f6\u011fretim \u00fcyesi olarak g\u00f6rev yapaca\u011f\u0131 bildirildi.\u00a0<!--more--><\/p>\n<p style=\"text-align: justify;\">Sivas\u2019\u0131n Y\u0131ld\u0131zeli il\u00e7esinde do\u011fan 58 ya\u015f\u0131ndaki \u015eener, Refahyol ve AK parti h\u00fck\u00fcmetlerinde Maliye Bakan\u0131 ve Ba\u015fbakan yard\u0131mc\u0131s\u0131 olarak g\u00f6rev ald\u0131, milletvekili olarak 4 d\u00f6nem parlamentoda bulundu. Ankara Siyasal Bilgiler Fak\u00fcltesini bitiren \u015eener, Gazi \u00dcniversitesinde doktora yapt\u0131.<\/p>\n<p style=\"text-align: justify;\">AKP\u2019nin kurucular\u0131 aras\u0131nda yer alan \u015eener, partisi ile ya\u015fad\u0131\u011f\u0131 g\u00f6r\u00fc\u015f ayr\u0131l\u0131klar\u0131 sonras\u0131 2007 se\u00e7imlerinde aday olmad\u0131. 25 May\u0131s 2009\u2019da ise T\u00fcrkiye Partisini kurarak Genel Ba\u015fkanl\u0131k g\u00f6revini \u00fcstlendi. 12 Haziran 2011 se\u00e7imlerinde yasa gere\u011fi partisinden istifa etti ve Sivas&#8217;tan ba\u011f\u0131ms\u0131z milletvekili aday\u0131 oldu, ancak se\u00e7ilemedi.<\/p>\n<p style=\"text-align: justify;\"><a href=\"http:\/\/www.gazeteport.com.tr\/haber\/108807\/latif-abi-kepenk-kapatti\" target=\"_blank\">Kaynak : GAZETEPORT<\/a><\/p>\n","protected":false},"excerpt":{"rendered":"<p style=\"text-align: center;\">\n<p style=\"text-align: justify;\">AKP ile yollar\u0131n\u0131 ay\u0131ran eski Ba\u015fbakan yard\u0131mc\u0131s\u0131 Abd\u00fcllatif \u015eener\u2019in T\u00fcrkiye Partisi kapan\u0131yor.<\/p>\n<p style=\"text-align: justify;\">ANKARA &#8211; AK Parti h\u00fck\u00fcmetlerinde Ba\u015fbakan yard\u0131mc\u0131l\u0131\u011f\u0131 yapt\u0131ktan sonra yollar\u0131n\u0131 ay\u0131ran Abd\u00fcllatif \u015eener\u2019in T\u00fcrkiye Partisi, kapanma karar\u0131 ald\u0131. MKYK toplant\u0131s\u0131nda bu karar onayland\u0131.<\/p>\n<p style=\"text-align: justify;\">Son se\u00e7imlerde Sivas\u2019dan ba\u011f\u0131ms\u0131z aday olan \u015eener, Genel Ba\u015fkanl\u0131k g\u00f6revinden ve <\/p>\n","protected":false},"author":1,"featured_media":0,"comment_status":"open","ping_status":"open","sticky":false,"template":"","format":"standard","meta":{"footnotes":""},"categories":[105],"tags":[],"class_list":["post-54377","post","type-post","status-publish","format-standard","hentry","category-gundem","odd"],"_links":{"self":[{"href":"http:\/\/www.korhanyilmaz.com\/index.php?rest_route=\/wp\/v2\/posts\/54377","targetHints":{"allow":["GET"]}}],"collection":[{"href":"http:\/\/www.korhanyilmaz.com\/index.php?rest_route=\/wp\/v2\/posts"}],"about":[{"href":"http:\/\/www.korhanyilmaz.com\/index.php?rest_route=\/wp\/v2\/types\/post"}],"author":[{"embeddable":true,"href":"http:\/\/www.korhanyilmaz.com\/index.php?rest_route=\/wp\/v2\/users\/1"}],"replies":[{"embeddable":true,"href":"http:\/\/www.korhanyilmaz.com\/index.php?rest_route=%2Fwp%2Fv2%2Fcomments&post=54377"}],"version-history":[{"count":0,"href":"http:\/\/www.korhanyilmaz.com\/index.php?rest_route=\/wp\/v2\/posts\/54377\/revisions"}],"wp:attachment":[{"href":"http:\/\/www.korhanyilmaz.com\/index.php?rest_route=%2Fwp%2Fv2%2Fmedia&parent=54377"}],"wp:term":[{"taxonomy":"category","embeddable":true,"href":"http:\/\/www.korhanyilmaz.com\/index.php?rest_route=%2Fwp%2Fv2%2Fcategories&post=54377"},{"taxonomy":"post_tag","embeddable":true,"href":"http:\/\/www.korhanyilmaz.com\/index.php?rest_route=%2Fwp%2Fv2%2Ftags&post=54377"}],"curies":[{"name":"wp","href":"https:\/\/api.w.org\/{rel}","templated":true}]}}