{"id":54373,"date":"2012-08-26T15:37:52","date_gmt":"2012-08-26T12:37:52","guid":{"rendered":"http:\/\/www.korhanyilmaz.com\/?p=54373"},"modified":"2012-08-27T02:19:23","modified_gmt":"2012-08-26T23:19:23","slug":"bilal-seyfulislam-gibi","status":"publish","type":"post","link":"http:\/\/www.korhanyilmaz.com\/?p=54373","title":{"rendered":"&#8216;Bilal Seyf\u00fclislam gibi&#8217;"},"content":{"rendered":"<p style=\"text-align: justify;\"><a href=\"http:\/\/www.korhanyilmaz.com\/wp-content\/uploads\/2012\/08\/H475.jpg\"  class=\"lightview\"><img loading=\"lazy\" decoding=\"async\" class=\"aligncenter size-full wp-image-54374\" title=\"\" src=\"http:\/\/www.korhanyilmaz.com\/wp-content\/uploads\/2012\/08\/H475.jpg\" alt=\"\" width=\"288\" height=\"241\" \/><\/a><\/p>\n<p style=\"text-align: justify;\">Devlet ve Sa\u011fl\u0131k eski Bakan\u0131 DYP\u2019li R\u0131fat Serdaro\u011flu, artan ter\u00f6r olaylar\u0131 konusunda h\u00fck\u00fcmeti ele\u015ftiren \u00e7ok sert bir yaz\u0131 yazd\u0131 ve Ba\u015fbakan\u0131n o\u011flu Bilal Erdo\u011fan i\u00e7in \u2018\u2019Kaddafi\u2019nin o\u011flu Seyf\u00fclislam gibi\u2019\u2019 dedi.<\/p>\n<p style=\"text-align: justify;\">Serdaro\u011flu, kendisine ait blogdaki yaz\u0131s\u0131nda, Gaziantep\u2019te devletin zirvesinin kat\u0131ld\u0131\u011f\u0131 cenaze t\u00f6renine halk\u0131n al\u0131nmad\u0131\u011f\u0131n\u0131 ancak Ba\u015fbakan Erdo\u011fan\u2019\u0131n e\u015fi ile o\u011flunun, bakanlar\u0131n da \u00f6n\u00fcnde yer ald\u0131\u011f\u0131n\u0131 yazd\u0131.<!--more--><\/p>\n<p style=\"text-align: justify;\"><span style=\"text-decoration: underline;\">Serdaro\u011flu \u015f\u00f6yle dedi:\u00a0<\/span><\/p>\n<p style=\"text-align: justify;\">\u2018\u2019Peki, halk nerede? Ter\u00f6r kurbanlar\u0131na kar\u015f\u0131 son g\u00f6revlerini yap\u0131p cenaze namazlar\u0131n\u0131 k\u0131lmak isteyen vatanda\u015flar nerede? Onlar camiye sokulmad\u0131&#8230; Bu olaylar\u0131n m\u00fcsebbipleri olan ki\u015fileri herhangi bir protesto olay\u0131 ile rahats\u0131z etmemek i\u00e7in, T\u00fcrk vatanda\u015flar\u0131 cami avlusuna bile sokulmad\u0131lar.Vatanda\u015flar cami avlusuna al\u0131nmad\u0131lar ve onlar tan\u0131d\u0131klar\u0131n\u0131n, sevdiklerinin tabutlar\u0131na bile dokunamad\u0131lar ama, Emine Erdo\u011fan ve Bilal Erdo\u011fan protokol s\u0131ras\u0131nda idiler!&#8230;<\/p>\n<p style=\"text-align: justify;\">Bilal o\u011flan, g\u00f6mlek ve sakal\u0131yla aynen Kaddafi\u2019nin o\u011flu Seyf\u00fclislam gibiydi\u2026 Emine Han\u0131m, her zamanki gibi h\u00fcng\u00fcr, h\u00fcng\u00fcr a\u011flayarak \u201cN\u00f6bet\u00e7i a\u011flay\u0131c\u0131\u201d pozlar\u0131nda \u00f6n\u00fcne gelene sar\u0131l\u0131yordu\u2026 Bunlar kimdir, resmi s\u0131fatlar\u0131 olmad\u0131\u011f\u0131 halde orada ne ararlar? Nas\u0131l olur da, bu ki\u015filer, Bakanlar\u0131n \u00f6n\u00fcnde yer al\u0131rlar. Vatanda\u015f\u0131n giremedi\u011fi yerlere bunlar nas\u0131l ve ni\u00e7in girerler, anlamak m\u00fcmk\u00fcn de\u011fil. Tam bir ilkellik numunesi\u2026Cumhurba\u015fkan\u0131- Ba\u015fbakan o \u015fehit cenazelerinin \u00f6n\u00fcnde saf tutarken \u015funlar\u0131 d\u00fc\u015f\u00fcnd\u00fcler mi acaba?<\/p>\n<p style=\"text-align: justify;\">2002 de T\u00fcrkiye\u2019nin y\u00f6netimini devrald\u0131\u011f\u0131m\u0131zda, ter\u00f6r \u00f6rg\u00fct\u00fc \u00e7\u00f6kme noktas\u0131nda idi. Bug\u00fcn kavgal\u0131 oldu\u011fumuz, hatta sava\u015f\u0131n e\u015fi\u011fine geldi\u011fimiz \u00fclkelerle dost idik. Nerede yanl\u0131\u015f yapt\u0131k?<\/p>\n<p style=\"text-align: justify;\">T:C Devletini, ter\u00f6r \u00f6rg\u00fct\u00fc militanlar\u0131n\u0131n ayaklar\u0131na g\u00f6ndermekle, onlar\u0131 yarg\u0131lamadan serbest b\u0131rakmakla hata m\u0131 yapt\u0131k? Oslo\u2019da PKK temsilcileri ile g\u00f6r\u00fc\u015fen M\u0130T M\u00fcste\u015far Yard\u0131mc\u0131s\u0131na, \u201cSizinle sava\u015fan T\u00fcrk subaylar\u0131n\u0131n hepsini i\u00e7eri att\u0131k\u201d dedirtmekle, PKK\u2019ya cesaret mi verdik?<\/p>\n<p style=\"text-align: justify;\">T\u00fcrk Polisinin en \u00f6nemli birimlerini cemaatin emrine vermekle, d\u00fczmece sahte dijital delillerle ter\u00f6rle m\u00fccadele eden kahramanlar\u0131n hapse at\u0131lmalar\u0131n\u0131, g\u00f6rmezden gelmekle hata m\u0131 yapt\u0131k? Ya e\u015fba\u015fkanl\u0131k? E\u015fba\u015fkanl\u0131\u011f\u0131 kabul ettik, Obama\u2019ya teslim olduk. \u00d6nce kendi vatan\u0131m\u0131z\u0131n de\u011fil, Amerika\u2019n\u0131n \u00e7\u0131karlar\u0131n\u0131 d\u00fc\u015f\u00fcn\u00fcr hale geldik. Yaz\u0131klar olsun bize\u2026\u201dNe dersiniz, yukar\u0131daki veya benzeri d\u00fc\u015f\u00fcnceleri vicdanlar\u0131nda payla\u015f\u0131yorlar m\u0131 acaba?&#8230;<\/p>\n<p style=\"text-align: justify;\">Hi\u00e7 sanm\u0131yorum. G\u00fcl ve Erdo\u011fan, T\u00fcrkiye\u2019yi g\u00f6t\u00fcrmekte olduklar\u0131 yerin fark\u0131nda olsalar, \u0131srarla ayn\u0131 politikalar\u0131 uygulamaya devam ederler miydi?..\u2019\u2019<\/p>\n<p style=\"text-align: justify;\"><span style=\"color: #888888;\">Haber : GAZETEPORT<\/span><\/p>\n<p style=\"text-align: justify;\"><a href=\"http:\/\/www.muhalifgazete.com\/46587--Bilal-Seyfulislam-gibi-.htm\" target=\"_blank\">Kaynak : Muhalif Gazete<\/a><\/p>\n","protected":false},"excerpt":{"rendered":"<p style=\"text-align: justify;\">\n<p style=\"text-align: justify;\">Devlet ve Sa\u011fl\u0131k eski Bakan\u0131 DYP\u2019li R\u0131fat Serdaro\u011flu, artan ter\u00f6r olaylar\u0131 konusunda h\u00fck\u00fcmeti ele\u015ftiren \u00e7ok sert bir yaz\u0131 yazd\u0131 ve Ba\u015fbakan\u0131n o\u011flu Bilal Erdo\u011fan i\u00e7in \u2018\u2019Kaddafi\u2019nin o\u011flu Seyf\u00fclislam gibi\u2019\u2019 dedi.<\/p>\n<p style=\"text-align: justify;\">Serdaro\u011flu, kendisine ait blogdaki yaz\u0131s\u0131nda, Gaziantep\u2019te devletin zirvesinin kat\u0131ld\u0131\u011f\u0131 cenaze t\u00f6renine halk\u0131n al\u0131nmad\u0131\u011f\u0131n\u0131 ancak Ba\u015fbakan Erdo\u011fan\u2019\u0131n e\u015fi ile <\/p>\n","protected":false},"author":1,"featured_media":0,"comment_status":"open","ping_status":"open","sticky":false,"template":"","format":"standard","meta":{"footnotes":""},"categories":[105],"tags":[],"class_list":["post-54373","post","type-post","status-publish","format-standard","hentry","category-gundem","odd"],"_links":{"self":[{"href":"http:\/\/www.korhanyilmaz.com\/index.php?rest_route=\/wp\/v2\/posts\/54373","targetHints":{"allow":["GET"]}}],"collection":[{"href":"http:\/\/www.korhanyilmaz.com\/index.php?rest_route=\/wp\/v2\/posts"}],"about":[{"href":"http:\/\/www.korhanyilmaz.com\/index.php?rest_route=\/wp\/v2\/types\/post"}],"author":[{"embeddable":true,"href":"http:\/\/www.korhanyilmaz.com\/index.php?rest_route=\/wp\/v2\/users\/1"}],"replies":[{"embeddable":true,"href":"http:\/\/www.korhanyilmaz.com\/index.php?rest_route=%2Fwp%2Fv2%2Fcomments&post=54373"}],"version-history":[{"count":0,"href":"http:\/\/www.korhanyilmaz.com\/index.php?rest_route=\/wp\/v2\/posts\/54373\/revisions"}],"wp:attachment":[{"href":"http:\/\/www.korhanyilmaz.com\/index.php?rest_route=%2Fwp%2Fv2%2Fmedia&parent=54373"}],"wp:term":[{"taxonomy":"category","embeddable":true,"href":"http:\/\/www.korhanyilmaz.com\/index.php?rest_route=%2Fwp%2Fv2%2Fcategories&post=54373"},{"taxonomy":"post_tag","embeddable":true,"href":"http:\/\/www.korhanyilmaz.com\/index.php?rest_route=%2Fwp%2Fv2%2Ftags&post=54373"}],"curies":[{"name":"wp","href":"https:\/\/api.w.org\/{rel}","templated":true}]}}