{"id":54369,"date":"2012-08-26T12:28:38","date_gmt":"2012-08-26T09:28:38","guid":{"rendered":"http:\/\/www.korhanyilmaz.com\/?p=54369"},"modified":"2012-08-27T00:56:54","modified_gmt":"2012-08-26T21:56:54","slug":"mhpden-dokunulmazlik-icin-anayasa-degisikligi-teklifi","status":"publish","type":"post","link":"http:\/\/www.korhanyilmaz.com\/?p=54369","title":{"rendered":"MHP&#8217;den dokunulmazl\u0131k i\u00e7in anayasa de\u011fi\u015fikli\u011fi teklifi"},"content":{"rendered":"<p style=\"text-align: justify;\"><a href=\"http:\/\/www.korhanyilmaz.com\/wp-content\/uploads\/2012\/08\/H474.jpg\"  class=\"lightview\"><img loading=\"lazy\" decoding=\"async\" class=\"aligncenter size-full wp-image-54370\" title=\"\" src=\"http:\/\/www.korhanyilmaz.com\/wp-content\/uploads\/2012\/08\/H474.jpg\" alt=\"\" width=\"295\" height=\"221\" \/><\/a><\/p>\n<p style=\"text-align: justify;\">MHP Genel Ba\u015fkan\u0131 Devlet Bah\u00e7eli, MHP&#8217;nin vekil dokunulmazl\u0131\u011f\u0131 i\u00e7in anayasa de\u011fi\u015fikli\u011fi teklifi verece\u011fini belirtti.<\/p>\n<p style=\"text-align: justify;\">\u0130stanbul- MHP Genel Ba\u015fkan\u0131 Devlet Bah\u00e7eli, BDP-PKK bulu\u015fmas\u0131na ait g\u00f6r\u00fcnt\u00fclerin ard\u0131ndan ba\u015flayan dokunulmazl\u0131k tart\u0131\u015fmalar\u0131na ili\u015fkin a\u00e7\u0131klamalarda bulundu.\u00a0<!--more--><\/p>\n<p style=\"text-align: justify;\">Bah\u00e7eli, yaz\u0131l\u0131 a\u00e7\u0131klamas\u0131nda \u015funlar\u0131 kaydetti:<\/p>\n<p style=\"text-align: justify;\">&#8221;Mezhep alan\u0131ndaki alarm verici gerginlikler bu s\u00fcreci tahkim etmekte, Alevi karde\u015flerimize y\u00f6nelik provokasyonlar ve yeni ev i\u015faretlemeleri rezil bir tezgah\u0131n \u0131srarla devrede tutuldu\u011funu g\u00f6stermektedir.<\/p>\n<p style=\"text-align: justify;\">Bu a\u00e7\u0131dan etnik ve mezhep odakl\u0131 tehditler, i\u00e7 ve d\u0131\u015f mihraklar\u0131n tazyik ve tahrikleriyle \u00e7ok nazik bir a\u015famaya getirilmi\u015f bulunmaktad\u0131r. AKP h\u00fck\u00fcmetinin yanl\u0131\u015f politikalar\u0131, milli duyarl\u0131l\u0131klar\u0131 g\u00f6zetmeyen uygulamalar\u0131 maalesef \u00fclkemizi sonu me\u00e7hul bir karanl\u0131\u011fa s\u00fcr\u00fcklemi\u015f durumdad\u0131r. \u015e\u00fcphesiz karde\u015flik ba\u011flar\u0131na vurulan her darbenin, i\u00e7 kavgay\u0131 tetiklemeye yarayan her sinsi tuza\u011f\u0131n son vatan\u0131m\u0131zdaki mevcudiyetimize tamir ve telafisi m\u00fcmk\u00fcn olmayan zararlar verece\u011fi a\u015fikard\u0131r.<\/p>\n<p style=\"text-align: justify;\">Bilhassa siyasi temsil noktas\u0131nda bulunmamalar\u0131na ra\u011fmen, PKK ma\u015fal\u0131\u011f\u0131n\u0131 ve s\u00f6zc\u00fcl\u00fc\u011f\u00fcn\u00fc c\u00fcretkar bir \u015fekilde s\u00fcrd\u00fcren h\u0131yanet taraftarlar\u0131n\u0131n sab\u0131r ve tahamm\u00fcl s\u0131n\u0131r\u0131n\u0131 a\u015fan k\u00fcstahl\u0131klar\u0131 bu zarar\u0131n boyutunu art\u0131rmaktan ba\u015fka hi\u00e7bir ama\u00e7 ta\u015f\u0131mamaktad\u0131r.<\/p>\n<p style=\"text-align: justify;\">TBMM \u00e7at\u0131\u015f\u0131 alt\u0131nda millet vekaletini ifa etmek yerine b\u00f6l\u00fcnmenin ve par\u00e7alanman\u0131n mesafe almas\u0131n\u0131 s\u00f6z, niyet ve eylemleriyle sa\u011flamaya \u00e7al\u0131\u015fan bedbahtlar, milletimizin hakl\u0131 olarak \u00f6fke ve nefretini \u00fczerlerine \u00e7ekmektedirler.<\/p>\n<p style=\"text-align: justify;\">Ellerine \u015fehit kan\u0131 bula\u015fan canilerle kucakla\u015fmaktan, bunlara sevgi ve hayranl\u0131k g\u00f6stermekten zerre utanmayan ter\u00f6r destek\u00e7ilerinin en az da\u011fdaki yolda\u015flar\u0131 kadar i\u015flenen su\u00e7lara i\u015ftirak ettikleri a\u00e7\u0131kt\u0131r.<\/p>\n<p style=\"text-align: justify;\">T\u00fcrkiye&#8217;nin, \u00f6n\u00fcne gelenin pervas\u0131zca hareket edece\u011fi, ba\u011fr\u0131nda d\u00fc\u015fmanl\u0131k yapanlar\u0131n kan\u0131n\u0131 emece\u011fi dermans\u0131z ve s\u00fcnepe bir \u00fclke olmad\u0131\u011f\u0131n\u0131 herkes g\u00f6rmeli ve anlamal\u0131d\u0131r.&#8221;<\/p>\n<p style=\"text-align: justify;\"><strong>Anayasa de\u011fi\u015fikli\u011fi teklifi\u00a0<\/strong><\/p>\n<p style=\"text-align: justify;\">Bah\u00e7eli, MHP&#8217;nin milletvekili dokunulmazl\u0131\u011f\u0131n\u0131n anayasal s\u0131n\u0131r, i\u00e7erik ve \u00e7er\u00e7evesinin tekrar g\u00f6zden ge\u00e7irilmesini acilen gerekli g\u00f6rd\u00fc\u011f\u00fcn\u00fc belirterek, millet iradesini temsil eden vekillerin tarihi bir sorumluluk ve vazifeyle kar\u015f\u0131 kar\u015f\u0131ya olduklar\u0131na inand\u0131klar\u0131n\u0131 ifade etti.<\/p>\n<p style=\"text-align: justify;\">Bah\u00e7eli, a\u00e7\u0131klamas\u0131nda haz\u0131rlad\u0131klar\u0131 teklife de yer verdi.<\/p>\n<p style=\"text-align: justify;\">Buna g\u00f6re, anayasan\u0131n 83. maddesinin 2 ve 3. f\u0131kralar\u0131n\u0131n \u015fu \u015fekilde de\u011fi\u015ftirilmesi \u00f6ng\u00f6r\u00fcl\u00fcyor:<\/p>\n<p style=\"text-align: justify;\">&#8221;Su\u00e7 i\u015fledi\u011fi ileri s\u00fcr\u00fclen bir milletvekili, Meclis&#8217;in karar\u0131 olmad\u0131k\u00e7a hakk\u0131nda g\u00f6zalt\u0131na al\u0131nma ve arama karar\u0131 verilemez, tutuklanamaz. A\u011f\u0131r cezay\u0131 gerektiren su\u00e7 \u00fcst\u00fc ve ter\u00f6r eylemlerine kat\u0131lma ve ter\u00f6r\u00fc destekleme halleri ile anayasan\u0131n 14. maddesindeki durumlar bu h\u00fckm\u00fcn d\u0131\u015f\u0131ndad\u0131r. Ancak bu halde yetkili makam, durumu hemen ve do\u011frudan do\u011fruya TBMM&#8217;ye bildirmek zorundad\u0131r. Soru\u015fturma ve yarg\u0131lama, milletvekilinin Meclis \u00e7al\u0131\u015fmalar\u0131na kat\u0131lmas\u0131na engel olmayacak \u015fekilde s\u00fcrd\u00fcr\u00fcl\u00fcr.<\/p>\n<p style=\"text-align: justify;\">TBMM \u00fcyesi hakk\u0131nda verilmi\u015f bir ceza h\u00fckm\u00fcn\u00fcn yerine getirilmesi, \u00fcyelik s\u0131fat\u0131n\u0131n sona ermesine b\u0131rak\u0131l\u0131r. \u00dcyelik s\u00fcresince zaman a\u015f\u0131m\u0131 i\u015flemez.<\/p>\n<p style=\"text-align: justify;\">Bu kanun yay\u0131m\u0131 tarihinde y\u00fcr\u00fcrl\u00fc\u011fe girer ve halk oylamas\u0131na sunulmas\u0131 halinde t\u00fcm\u00fcyle oylan\u0131r.&#8221;<\/p>\n<p style=\"text-align: justify;\"><a href=\"http:\/\/www.cumhuriyet.com.tr\/?hn=361584\" target=\"_blank\">Kaynak : Cumhuriyet Haber Portal\u0131<\/a><\/p>\n","protected":false},"excerpt":{"rendered":"<p style=\"text-align: justify;\">\n<p style=\"text-align: justify;\">MHP Genel Ba\u015fkan\u0131 Devlet Bah\u00e7eli, MHP&#8217;nin vekil dokunulmazl\u0131\u011f\u0131 i\u00e7in anayasa de\u011fi\u015fikli\u011fi teklifi verece\u011fini belirtti.<\/p>\n<p style=\"text-align: justify;\">\u0130stanbul- MHP Genel Ba\u015fkan\u0131 Devlet Bah\u00e7eli, BDP-PKK bulu\u015fmas\u0131na ait g\u00f6r\u00fcnt\u00fclerin ard\u0131ndan ba\u015flayan dokunulmazl\u0131k tart\u0131\u015fmalar\u0131na ili\u015fkin a\u00e7\u0131klamalarda bulundu. <\/p>\n","protected":false},"author":1,"featured_media":0,"comment_status":"open","ping_status":"open","sticky":false,"template":"","format":"standard","meta":{"footnotes":""},"categories":[105],"tags":[],"class_list":["post-54369","post","type-post","status-publish","format-standard","hentry","category-gundem","odd"],"_links":{"self":[{"href":"http:\/\/www.korhanyilmaz.com\/index.php?rest_route=\/wp\/v2\/posts\/54369","targetHints":{"allow":["GET"]}}],"collection":[{"href":"http:\/\/www.korhanyilmaz.com\/index.php?rest_route=\/wp\/v2\/posts"}],"about":[{"href":"http:\/\/www.korhanyilmaz.com\/index.php?rest_route=\/wp\/v2\/types\/post"}],"author":[{"embeddable":true,"href":"http:\/\/www.korhanyilmaz.com\/index.php?rest_route=\/wp\/v2\/users\/1"}],"replies":[{"embeddable":true,"href":"http:\/\/www.korhanyilmaz.com\/index.php?rest_route=%2Fwp%2Fv2%2Fcomments&post=54369"}],"version-history":[{"count":0,"href":"http:\/\/www.korhanyilmaz.com\/index.php?rest_route=\/wp\/v2\/posts\/54369\/revisions"}],"wp:attachment":[{"href":"http:\/\/www.korhanyilmaz.com\/index.php?rest_route=%2Fwp%2Fv2%2Fmedia&parent=54369"}],"wp:term":[{"taxonomy":"category","embeddable":true,"href":"http:\/\/www.korhanyilmaz.com\/index.php?rest_route=%2Fwp%2Fv2%2Fcategories&post=54369"},{"taxonomy":"post_tag","embeddable":true,"href":"http:\/\/www.korhanyilmaz.com\/index.php?rest_route=%2Fwp%2Fv2%2Ftags&post=54369"}],"curies":[{"name":"wp","href":"https:\/\/api.w.org\/{rel}","templated":true}]}}