{"id":54360,"date":"2012-08-26T16:18:57","date_gmt":"2012-08-26T13:18:57","guid":{"rendered":"http:\/\/www.korhanyilmaz.com\/?p=54360"},"modified":"2012-08-26T19:36:23","modified_gmt":"2012-08-26T16:36:23","slug":"gaziantepte-o-ogretmen-tutuklandi","status":"publish","type":"post","link":"http:\/\/www.korhanyilmaz.com\/?p=54360","title":{"rendered":"Gaziantep&#8217;te o \u00f6\u011fretmen tutukland\u0131"},"content":{"rendered":"<p style=\"text-align: justify;\"><a href=\"http:\/\/www.korhanyilmaz.com\/wp-content\/uploads\/2012\/08\/H472.jpg\"  class=\"lightview\"><img loading=\"lazy\" decoding=\"async\" class=\"aligncenter size-full wp-image-54361\" title=\"\" src=\"http:\/\/www.korhanyilmaz.com\/wp-content\/uploads\/2012\/08\/H472.jpg\" alt=\"\" width=\"311\" height=\"239\" \/><\/a><\/p>\n<p style=\"text-align: justify;\">Gaziantep&#8217;te 9 ki\u015finin ya\u015fam\u0131n\u0131 yitirdi\u011fi, 68 ki\u015finin de yaraland\u0131\u011f\u0131 bombal\u0131 sald\u0131r\u0131da bomba y\u00fckl\u00fc arac\u0131 \u00e7ekiciye y\u00fcklettiren ki\u015fi oldu\u011fu iddias\u0131yla g\u00f6zalt\u0131na al\u0131nan \u015eanl\u0131urfal\u0131 \u00f6\u011fretmen tutukland\u0131.<\/p>\n<p style=\"text-align: justify;\">G\u00f6zalt\u0131na al\u0131nan Siverek \u015eair \u0130brahim Rafet \u0130lk\u00f6\u011fretim Okulu m\u00fcd\u00fcr ba\u015f yard\u0131mc\u0131s\u0131n\u0131n emniyetteki sorgusu tamamland\u0131.<\/p>\n<p style=\"text-align: justify;\">G\u00f6zalt\u0131 s\u00fcresi sona eren \u00f6\u011fretmen, Ter\u00f6rle M\u00fccadele \u015eube M\u00fcd\u00fcrl\u00fc\u011f\u00fc ekipleri taraf\u0131ndan Gaziantep Adliyesi&#8217;ne getirildi.\u00a0<!--more--><\/p>\n<p style=\"text-align: justify;\">Zanl\u0131, protokol kap\u0131s\u0131ndan geni\u015f g\u00fcvenlik \u00f6nlemleri alt\u0131nda i\u00e7eri al\u0131nd\u0131.<\/p>\n<p style=\"text-align: justify;\">Bombac\u0131ya yard\u0131m etmekle su\u00e7lanan \u00f6\u011fretmen tutukland\u0131.<\/p>\n<p style=\"text-align: justify;\">Gaziantep&#8217;teki bombal\u0131 sald\u0131r\u0131yla ilgili olarak g\u00f6zalt\u0131na al\u0131nan 14 ki\u015fiden 4&#8217;\u00fc daha \u00f6nce adliyeye sevk edilmi\u015f, bombal\u0131 otomobili ta\u015f\u0131yan \u00e7ekicinin s\u00fcr\u00fcc\u00fcs\u00fc tutuklanm\u0131\u015ft\u0131.<\/p>\n<p style=\"text-align: justify;\">3 ki\u015fi tutuksuz yarg\u0131lanmak \u00fczere serbest b\u0131rak\u0131ld\u0131.<\/p>\n<p style=\"text-align: justify;\">G\u00f6zalt\u0131ndaki 9 ki\u015finin sorgusu s\u00fcr\u00fcyor.<\/p>\n<p style=\"text-align: justify;\"><a href=\"http:\/\/www.cnnturk.com\/2012\/turkiye\/08\/26\/gaziantepte.o.ogretmen.tutuklandi\/674294.0\/index.html\" target=\"_blank\">Kaynak : CNN T\u00dcRK<\/a><\/p>\n","protected":false},"excerpt":{"rendered":"<p style=\"text-align: justify;\">\n<p style=\"text-align: justify;\">Gaziantep&#8217;te 9 ki\u015finin ya\u015fam\u0131n\u0131 yitirdi\u011fi, 68 ki\u015finin de yaraland\u0131\u011f\u0131 bombal\u0131 sald\u0131r\u0131da bomba y\u00fckl\u00fc arac\u0131 \u00e7ekiciye y\u00fcklettiren ki\u015fi oldu\u011fu iddias\u0131yla g\u00f6zalt\u0131na al\u0131nan \u015eanl\u0131urfal\u0131 \u00f6\u011fretmen tutukland\u0131.<\/p>\n<p style=\"text-align: justify;\">G\u00f6zalt\u0131na al\u0131nan Siverek \u015eair \u0130brahim Rafet \u0130lk\u00f6\u011fretim Okulu m\u00fcd\u00fcr ba\u015f yard\u0131mc\u0131s\u0131n\u0131n emniyetteki sorgusu tamamland\u0131.<\/p>\n<p style=\"text-align: justify;\">G\u00f6zalt\u0131 s\u00fcresi sona eren \u00f6\u011fretmen, Ter\u00f6rle M\u00fccadele \u015eube <\/p>\n","protected":false},"author":1,"featured_media":0,"comment_status":"open","ping_status":"open","sticky":false,"template":"","format":"standard","meta":{"footnotes":""},"categories":[105],"tags":[],"class_list":["post-54360","post","type-post","status-publish","format-standard","hentry","category-gundem","odd"],"_links":{"self":[{"href":"http:\/\/www.korhanyilmaz.com\/index.php?rest_route=\/wp\/v2\/posts\/54360","targetHints":{"allow":["GET"]}}],"collection":[{"href":"http:\/\/www.korhanyilmaz.com\/index.php?rest_route=\/wp\/v2\/posts"}],"about":[{"href":"http:\/\/www.korhanyilmaz.com\/index.php?rest_route=\/wp\/v2\/types\/post"}],"author":[{"embeddable":true,"href":"http:\/\/www.korhanyilmaz.com\/index.php?rest_route=\/wp\/v2\/users\/1"}],"replies":[{"embeddable":true,"href":"http:\/\/www.korhanyilmaz.com\/index.php?rest_route=%2Fwp%2Fv2%2Fcomments&post=54360"}],"version-history":[{"count":0,"href":"http:\/\/www.korhanyilmaz.com\/index.php?rest_route=\/wp\/v2\/posts\/54360\/revisions"}],"wp:attachment":[{"href":"http:\/\/www.korhanyilmaz.com\/index.php?rest_route=%2Fwp%2Fv2%2Fmedia&parent=54360"}],"wp:term":[{"taxonomy":"category","embeddable":true,"href":"http:\/\/www.korhanyilmaz.com\/index.php?rest_route=%2Fwp%2Fv2%2Fcategories&post=54360"},{"taxonomy":"post_tag","embeddable":true,"href":"http:\/\/www.korhanyilmaz.com\/index.php?rest_route=%2Fwp%2Fv2%2Ftags&post=54360"}],"curies":[{"name":"wp","href":"https:\/\/api.w.org\/{rel}","templated":true}]}}