{"id":5436,"date":"2009-03-14T13:25:02","date_gmt":"2009-03-14T11:25:02","guid":{"rendered":"http:\/\/www.korhanyilmaz.com\/?p=5436"},"modified":"2009-03-14T13:25:02","modified_gmt":"2009-03-14T11:25:02","slug":"karayalcin-kimi-isaret-etti","status":"publish","type":"post","link":"http:\/\/www.korhanyilmaz.com\/?p=5436","title":{"rendered":"Karayal\u00e7\u0131n kimi i\u015faret etti?"},"content":{"rendered":"<p><img loading=\"lazy\" decoding=\"async\" class=\"aligncenter size-full wp-image-5437\" title=\"Karayal\u00e7\u0131n kimi i\u015faret etti? \" src=\"http:\/\/www.korhanyilmaz.com\/wp-content\/uploads\/2009\/03\/150320090425597336493.jpg\" alt=\"Karayal\u00e7\u0131n kimi i\u015faret etti? \" width=\"320\" height=\"100\" \/><strong><\/strong><\/p>\n<p style=\"text-align: justify;\"><strong>&#8216;O kasetleri da\u011f\u0131tan\u0131 Ankaral\u0131lar iyi tan\u0131r&#8217;<\/strong><\/p>\n<p style=\"text-align: justify;\">Karayal\u00e7\u0131n, &#8216;kendisini karalamak&#8217; amac\u0131yla korsan kaset da\u011f\u0131t\u0131ld\u0131\u011f\u0131n\u0131 belirterek, &#8220;Ke\u00e7i\u00f6ren Belediye Ba\u015fkan\u0131 Alt\u0131nok i\u00e7in i\u011fren\u00e7 g\u00f6r\u00fcnt\u00fcleri haz\u0131rlayan kimse bu yalan belgeyi haz\u0131rlayan da odur&#8221; dedi.<\/p>\n<p style=\"text-align: justify;\">CHP&#8217;nin Ankara B\u00fcy\u00fck\u015fehir Belediye Ba\u015fkan aday\u0131 Murat Karayal\u00e7\u0131n d\u00fcn bir bas\u0131n toplant\u0131s\u0131 d\u00fczenleyerek, kendisi ile ilgili korsan kasetler da\u011f\u0131t\u0131ld\u0131\u011f\u0131n\u0131 ancak kasetlerin alt\u0131nda isim olmad\u0131\u011f\u0131ndan bunlar\u0131 kimin haz\u0131rlad\u0131\u011f\u0131 ve bu b\u00fcy\u00fck harcamay\u0131 kimin yapt\u0131\u011f\u0131n\u0131n bilinmedi\u011fini s\u00f6yledi.<!--more--><\/p>\n<p style=\"text-align: justify;\">Karayal\u00e7\u0131n, kasette yer alan Diyarbak\u0131r mitinginde yapt\u0131\u011f\u0131 konu\u015fmada, \u0130stasyon Meydan\u0131&#8217;nda toplananlara devletin, ulusun ve yurdun b\u00f6l\u00fcnmez bir b\u00fct\u00fcn oldu\u011funu s\u00f6yledi\u011fine dikkati \u00e7ekerek, \u015f\u00f6yle dedi:<\/p>\n<p style=\"text-align: justify;\"><strong>Kim bu kadar rezille\u015febilir?<\/strong><\/p>\n<p style=\"text-align: justify;\">&#8220;F\u0131rat&#8217;\u0131n do\u011fusu da bat\u0131s\u0131 da bizimdir&#8217; dedim. Y\u00fczbinlerce yurtta\u015f\u0131m\u0131z bu konu\u015fmam\u0131 dakikalarca alk\u0131\u015flad\u0131lar. O mitingde kimi PKK unsurlar\u0131n\u0131n olmas\u0131 herhalde benim de\u011fil, o mitinge kat\u0131lanlar\u0131n \u00fcstlerini arayarak alana alan g\u00fcvenlik g\u00fc\u00e7lerinin sorunudur. Bu korsan kasetleri kim haz\u0131rlam\u0131\u015f olabilir? Kim bu kadar rezille\u015febilir? Ankaral\u0131lar bu sorular\u0131n cevab\u0131n\u0131 \u00e7ok iyi bilir. Daha \u00f6nce Ke\u00e7i\u00f6ren Belediye Ba\u015fkan\u0131 Turgut Alt\u0131nok&#8217;u tasfiye etmek i\u00e7in i\u011fren\u00e7 g\u00f6r\u00fcnt\u00fcleri haz\u0131rlayan ahlaks\u0131z kim ise \u015fimdi de bu yalan belgesini haz\u0131rlayan da odur. Bu haysiyetsizli\u011fi, ahlaks\u0131zl\u0131\u011f\u0131 ve \u015ferefsizli\u011fi yapan, siyasetin d\u00fczeyini de d\u00fc\u015f\u00fcrmekte ve siyaseti kirletmektedir. Hakk\u0131mda iddialarda bulunanlar\u0131 mahkemeye verdim. Montajlanm\u0131\u015f kasetleri da\u011f\u0131tanlar\u0131 \u00f6nce Allah&#8217;a sonra da Ankaral\u0131lara havale ettim.&#8221;<\/p>\n<p style=\"text-align: justify;\">Karayal\u00e7\u0131n, bir gazetecinin CHP lideri Baykal&#8217;\u0131n, SHP&#8217;nin K\u00fcrt sorununa ili\u015fkin ge\u00e7mi\u015fteki a\u00e7\u0131l\u0131mlar\u0131na y\u00f6nelik s\u00f6zlerini hat\u0131rlatmas\u0131 \u00fczerine, &#8220;Bug\u00fcn CHP&#8217;nin Anakent Belediye Ba\u015fkan Aday\u0131 olmam o iddialar\u0131n ge\u00e7ersizli\u011finin anla\u015f\u0131lm\u0131\u015f olmas\u0131ndand\u0131r&#8221; dedi.<\/p>\n<p style=\"text-align: justify;\">Karayal\u00e7\u0131n, korsan kasetlerle ilgili bir ba\u015fka soru \u00fczerine de kasetlerin alt\u0131nda isim olmad\u0131\u011f\u0131ndan bir ki\u015fiye y\u00f6nelik iddiada bulunamad\u0131\u011f\u0131n\u0131 ancak montajlanm\u0131\u015f g\u00f6r\u00fcnt\u00fcleri isimsiz da\u011f\u0131t\u0131lmas\u0131n\u0131 &#8220;korkakl\u0131k&#8221; olarak de\u011ferlendirdi\u011fini ifade etti.<\/p>\n<p style=\"text-align: justify;\"><span style=\"color: #888888;\">Kaynak : Vatan Gazetesi<\/span><\/p>\n","protected":false},"excerpt":{"rendered":"<\/p>\n<p style=\"text-align: justify;\">&#8216;O kasetleri da\u011f\u0131tan\u0131 Ankaral\u0131lar iyi tan\u0131r&#8217;<\/p>\n<p style=\"text-align: justify;\">Karayal\u00e7\u0131n, &#8216;kendisini karalamak&#8217; amac\u0131yla korsan kaset da\u011f\u0131t\u0131ld\u0131\u011f\u0131n\u0131 belirterek, &#8220;Ke\u00e7i\u00f6ren Belediye Ba\u015fkan\u0131 Alt\u0131nok i\u00e7in i\u011fren\u00e7 g\u00f6r\u00fcnt\u00fcleri haz\u0131rlayan kimse bu yalan belgeyi haz\u0131rlayan da odur&#8221; dedi.<\/p>\n<p style=\"text-align: justify;\">CHP&#8217;nin Ankara B\u00fcy\u00fck\u015fehir Belediye Ba\u015fkan aday\u0131 Murat Karayal\u00e7\u0131n d\u00fcn bir bas\u0131n toplant\u0131s\u0131 d\u00fczenleyerek, kendisi ile ilgili korsan kasetler <\/p>\n","protected":false},"author":1,"featured_media":0,"comment_status":"open","ping_status":"closed","sticky":false,"template":"","format":"standard","meta":{"footnotes":""},"categories":[105],"tags":[],"class_list":["post-5436","post","type-post","status-publish","format-standard","hentry","category-gundem","odd"],"_links":{"self":[{"href":"http:\/\/www.korhanyilmaz.com\/index.php?rest_route=\/wp\/v2\/posts\/5436","targetHints":{"allow":["GET"]}}],"collection":[{"href":"http:\/\/www.korhanyilmaz.com\/index.php?rest_route=\/wp\/v2\/posts"}],"about":[{"href":"http:\/\/www.korhanyilmaz.com\/index.php?rest_route=\/wp\/v2\/types\/post"}],"author":[{"embeddable":true,"href":"http:\/\/www.korhanyilmaz.com\/index.php?rest_route=\/wp\/v2\/users\/1"}],"replies":[{"embeddable":true,"href":"http:\/\/www.korhanyilmaz.com\/index.php?rest_route=%2Fwp%2Fv2%2Fcomments&post=5436"}],"version-history":[{"count":0,"href":"http:\/\/www.korhanyilmaz.com\/index.php?rest_route=\/wp\/v2\/posts\/5436\/revisions"}],"wp:attachment":[{"href":"http:\/\/www.korhanyilmaz.com\/index.php?rest_route=%2Fwp%2Fv2%2Fmedia&parent=5436"}],"wp:term":[{"taxonomy":"category","embeddable":true,"href":"http:\/\/www.korhanyilmaz.com\/index.php?rest_route=%2Fwp%2Fv2%2Fcategories&post=5436"},{"taxonomy":"post_tag","embeddable":true,"href":"http:\/\/www.korhanyilmaz.com\/index.php?rest_route=%2Fwp%2Fv2%2Ftags&post=5436"}],"curies":[{"name":"wp","href":"https:\/\/api.w.org\/{rel}","templated":true}]}}