{"id":54355,"date":"2012-08-26T18:46:52","date_gmt":"2012-08-26T15:46:52","guid":{"rendered":"http:\/\/www.korhanyilmaz.com\/?p=54355"},"modified":"2012-08-26T19:26:30","modified_gmt":"2012-08-26T16:26:30","slug":"abdnin-besledigi-terorist-suriyede","status":"publish","type":"post","link":"http:\/\/www.korhanyilmaz.com\/?p=54355","title":{"rendered":"ABD&#8217;nin besledi\u011fi ter\u00f6rist Suriye&#8217;de"},"content":{"rendered":"<p style=\"text-align: center;\"><a href=\"http:\/\/www.korhanyilmaz.com\/wp-content\/uploads\/2012\/08\/H471.jpg\"  class=\"lightview\"><img loading=\"lazy\" decoding=\"async\" class=\"aligncenter  wp-image-54356\" src=\"http:\/\/www.korhanyilmaz.com\/wp-content\/uploads\/2012\/08\/H471.jpg\" alt=\"\" width=\"390\" height=\"210\" \/><\/a><\/p>\n<p style=\"text-align: justify;\">\u0130srail\u2019in bast\u0131\u011f\u0131 Mavi Marmara gemisinde yaralanan Al Harati nerede bir kar\u015f\u0131kl\u0131k olsa, orada ortaya \u00e7\u0131k\u0131yor. S\u00f6zc\u00fc gazetesi bug\u00fcn man\u015fetine Al Harati&#8217;yi ta\u015f\u0131d\u0131.<\/p>\n<p style=\"text-align: justify;\"><strong>El Kaideli Harati, Ba\u015fbakan\u0131\u2019 \u00f6pm\u00fc\u015ft\u00fc\u00a0<\/strong><\/p>\n<p style=\"text-align: justify;\">Mavi Marmara\u2019da yaralan\u0131nca tedavi i\u00e7in T\u00fcrkiye\u2019ye getirilen Al Harati, kendisini ziyarete gelen Ba\u015fbakan Erdo\u011fan\u2019\u0131 aln\u0131ndan \u00f6pm\u00fc\u015f. \u201cSizinle gurur duyuyoruz\u201d diye iltifat etmi\u015fti\u2026<!--more--><\/p>\n<p style=\"text-align: justify;\">Mahti Al Harati, Libya do\u011fumlu Ancak 20 y\u0131ld\u0131r irlanda\u2019da ya\u015f\u0131yor ve irlanda vatanda\u015f\u0131 El Kaide\u2019nin islam sava\u015f grubu\u2019nun \u00fcyesi.. \u0130srail\u2019in 2010&#8217;da bas\u0131p 9 ki\u015fiyi \u00f6ld\u00fcrd\u00fc\u011f\u00fc Mavi Marmara gemisinde yaraland\u0131. Tedavi edildi\u011fi Ankara\u2019da Ba\u015fbakan Erdo\u011fan\u2019\u0131 aln\u0131ndan \u00f6pt\u00fc.<\/p>\n<p style=\"text-align: justify;\"><strong>\u00dcLKE \u00dcLKE DOLA\u015eIYOR\u00a0<\/strong><\/p>\n<p style=\"text-align: justify;\">T\u00fcrkiye\u2019nin kucak a\u00e7t\u0131\u011f\u0131 Harati, 2011&#8217;de Libya\u2019da ortaya \u00e7\u0131kt\u0131. Kaddafi\u2019ye kar\u015f\u0131 sava\u015ft\u0131. Bu s\u0131rada Dublin&#8217;deki evinde ya\u015fanan h\u0131rs\u0131zl\u0131k, Harati&#8217;nin CIA ile derin ili\u015fkilerini ortaya \u00e7\u0131kard\u0131. The Sunday World 2011 y\u0131l\u0131nda \u015funlar\u0131 yazd\u0131:<\/p>\n<p style=\"text-align: justify;\">Al Mahti Al HArati&#8217;nin evine giren h\u0131rs\u0131zlar, evden toplam 200 bin pound para \u00e7ald\u0131. H\u0131rs\u0131zl\u0131kla ilgili ifade veren Harati, son aylarda Fransa, Amerika ve \u0130ngiltere&#8217;ye gitti\u011fini belirterek, Kaddafi&#8217;yi devirme \u00e7abalar\u0131nda isyanc\u0131lara yard\u0131mc\u0131 olmas\u0131 i\u00e7in bir Amerikan istihbarat ajans\u0131 yetkilisi taraf\u0131ndan kendisine y\u00fckl\u00fc miktarda para verildi\u011fini ifade etti.<\/p>\n<p style=\"text-align: justify;\">Kaddafi devrilince silahl\u0131 adamlar\u0131yla Suriye\u2019ye ge\u00e7ti \u015eimdi. Esad\u2019\u0131 devirmek i\u00e7in sava\u015f\u0131yor. Muhaliflere en b\u00fcy\u00fck deste\u011fi ise yine T\u00fcrkiye veriyor.<\/p>\n<p style=\"text-align: justify;\"><strong>ABD G\u0130ZL\u0130 SERV\u0130SLER\u0130 BAKIYOR\u00a0<\/strong><\/p>\n<p style=\"text-align: justify;\">Fransa, Amerika ve \u0130ngiltere\u2019ye s\u0131k s\u0131k giden Al Harati, \u201cBir Amerikan istihbarat ajas\u0131ndan kaddafi\u2019yi devirmek i\u00e7in y\u00fckl\u00fcce para ald\u0131m\u201d demi\u015fti. Son olarak Suriye\u2019de elinde silahla poz verdi\u2026<\/p>\n<p style=\"text-align: justify;\"><strong>TER\u00d6R \u00d6RG\u00dcT\u00dc \u00dcYES\u0130\u00a0<\/strong><\/p>\n<p style=\"text-align: justify;\">Al Mahti Al Harati ABD, \u0130ngiltere ve BM taraf\u0131ndan ter\u00f6rist \u00f6rg\u00fct olarak kabul etti\u011fi ve El Kaide&#8217;nin bir kolu olarak g\u00f6r\u00fclen Libya \u0130slami Sava\u015f Grubu&#8217;nun militanlar\u0131ndan oldu\u011fu biliniyor.<\/p>\n<p style=\"text-align: justify;\"><strong>YEN\u0130 B\u0130N LAD\u0130N\u00a0<\/strong><\/p>\n<p style=\"text-align: justify;\">Mahti Al Harati, Suriye\u2019de Ulus Sanca\u011f\u0131 \u00f6rg\u00fct\u00fcn\u00fc olu\u015fturdu. 600&#8217;\u00fc yabanc\u0131, 6 bin silahl\u0131 adam\u0131 var. Adamlar\u0131n\u0131n \u201c\u015eeyh\u201d dedi\u011fi Harati El kaide \u00f6rg\u00fct\u00fcn\u00fcn \u00f6ld\u00fcr\u00fclen lideri Usame bin Ladin\u2019e benzetiyor.<\/p>\n<p style=\"text-align: justify;\"><a href=\"http:\/\/www.yurtgazetesi.com.tr\/gundem\/abdnin-besledigi-terorist-suriyede-h17828.html\" target=\"_blank\">Kaynak : Yurt Gazetesi<\/a><\/p>\n","protected":false},"excerpt":{"rendered":"<p style=\"text-align: center;\">\n<p style=\"text-align: justify;\">\u0130srail\u2019in bast\u0131\u011f\u0131 Mavi Marmara gemisinde yaralanan Al Harati nerede bir kar\u015f\u0131kl\u0131k olsa, orada ortaya \u00e7\u0131k\u0131yor. S\u00f6zc\u00fc gazetesi bug\u00fcn man\u015fetine Al Harati&#8217;yi ta\u015f\u0131d\u0131.<\/p>\n<p style=\"text-align: justify;\">El Kaideli Harati, Ba\u015fbakan\u0131\u2019 \u00f6pm\u00fc\u015ft\u00fc <\/p>\n<p style=\"text-align: justify;\">Mavi Marmara\u2019da yaralan\u0131nca tedavi i\u00e7in T\u00fcrkiye\u2019ye getirilen Al Harati, kendisini ziyarete gelen Ba\u015fbakan Erdo\u011fan\u2019\u0131 aln\u0131ndan \u00f6pm\u00fc\u015f. \u201cSizinle gurur <\/p>\n","protected":false},"author":1,"featured_media":0,"comment_status":"open","ping_status":"open","sticky":false,"template":"","format":"standard","meta":{"footnotes":""},"categories":[105],"tags":[],"class_list":["post-54355","post","type-post","status-publish","format-standard","hentry","category-gundem","odd"],"_links":{"self":[{"href":"http:\/\/www.korhanyilmaz.com\/index.php?rest_route=\/wp\/v2\/posts\/54355","targetHints":{"allow":["GET"]}}],"collection":[{"href":"http:\/\/www.korhanyilmaz.com\/index.php?rest_route=\/wp\/v2\/posts"}],"about":[{"href":"http:\/\/www.korhanyilmaz.com\/index.php?rest_route=\/wp\/v2\/types\/post"}],"author":[{"embeddable":true,"href":"http:\/\/www.korhanyilmaz.com\/index.php?rest_route=\/wp\/v2\/users\/1"}],"replies":[{"embeddable":true,"href":"http:\/\/www.korhanyilmaz.com\/index.php?rest_route=%2Fwp%2Fv2%2Fcomments&post=54355"}],"version-history":[{"count":0,"href":"http:\/\/www.korhanyilmaz.com\/index.php?rest_route=\/wp\/v2\/posts\/54355\/revisions"}],"wp:attachment":[{"href":"http:\/\/www.korhanyilmaz.com\/index.php?rest_route=%2Fwp%2Fv2%2Fmedia&parent=54355"}],"wp:term":[{"taxonomy":"category","embeddable":true,"href":"http:\/\/www.korhanyilmaz.com\/index.php?rest_route=%2Fwp%2Fv2%2Fcategories&post=54355"},{"taxonomy":"post_tag","embeddable":true,"href":"http:\/\/www.korhanyilmaz.com\/index.php?rest_route=%2Fwp%2Fv2%2Ftags&post=54355"}],"curies":[{"name":"wp","href":"https:\/\/api.w.org\/{rel}","templated":true}]}}