{"id":54351,"date":"2012-08-26T17:08:17","date_gmt":"2012-08-26T14:08:17","guid":{"rendered":"http:\/\/www.korhanyilmaz.com\/?p=54351"},"modified":"2012-08-26T19:21:04","modified_gmt":"2012-08-26T16:21:04","slug":"kilicdaroglu-o-kampta-kimi-egitiyorsunuz","status":"publish","type":"post","link":"http:\/\/www.korhanyilmaz.com\/?p=54351","title":{"rendered":"K\u0131l\u0131\u00e7daro\u011flu: O kampta kimi e\u011fitiyorsunuz?"},"content":{"rendered":"<p style=\"text-align: center;\"><a href=\"http:\/\/www.korhanyilmaz.com\/wp-content\/uploads\/2012\/08\/H470.jpg\"  class=\"lightview\"><img loading=\"lazy\" decoding=\"async\" class=\"aligncenter  wp-image-54352\" src=\"http:\/\/www.korhanyilmaz.com\/wp-content\/uploads\/2012\/08\/H470.jpg\" alt=\"\" width=\"420\" height=\"210\" \/><\/a><\/p>\n<p style=\"text-align: justify;\">K\u0131l\u0131\u00e7daro\u011flu, CHP milletvekillerinin al\u0131nmad\u0131\u011f\u0131 s\u0131\u011f\u0131nmac\u0131 kamp\u0131yla ilgili konu\u015ftu.<\/p>\n<p style=\"text-align: justify;\">AFYONKARAH\u0130SAR &#8211; CHP Genel Ba\u015fkan\u0131 Kemal K\u0131l\u0131\u00e7daro\u011flu, CHP&#8217;li baz\u0131 milletvekillerinin Hatay&#8217;da Suriye&#8217;li s\u0131\u011f\u0131nmac\u0131lar\u0131n kald\u0131\u011f\u0131 bir kampa gittiklerini belirterek, &#8221;D\u00fcn milletvekillerimiz bir kamp\u0131 ziyaret etmek istediler. Milletvekillerimize diyorlar ki: Siz bu kampa giremezsiniz. Niye giremiyoruz- Oras\u0131 ABD \u00fcss\u00fc m\u00fc- Hay\u0131r. T\u00fcrkiye Cumhuriyeti&#8217;nin topraklar\u0131. Bir milletvekiline &#8216;Siz bu kampa giremezseniz&#8217; dedi\u011finiz andan itibaren o kampta gayri me\u015fru i\u015fler var demektir&#8221; dedi.\u00a0<!--more--><\/p>\n<p style=\"text-align: justify;\">K\u0131l\u0131\u00e7daro\u011flu, Afyonkarahisar&#8217;\u0131n Emirda\u011f il\u00e7esini ziyaret etti. Burada esnafla bir s\u00fcre sohbet eden K\u0131l\u0131\u00e7daro\u011flu, parti otob\u00fcs\u00fc \u00fczerinden de toplanan kalabal\u0131\u011fa hitap etti.<\/p>\n<p style=\"text-align: justify;\">Br\u00fcksel ziyareti s\u0131ras\u0131nda \u00e7ok fazla Emirda\u011fl\u0131 ile kar\u015f\u0131la\u015ft\u0131\u011f\u0131n\u0131 s\u00f6yleyen K\u0131l\u0131\u00e7daro\u011flu, &#8221;Oradaki Emirda\u011fl\u0131lar a\u011f\u0131rl\u0131kl\u0131 olarak oylar\u0131n\u0131 sosyal demokrat partilere veriyorlar. \u015eimdi ben s\u00f6yl\u00fcyorum. Avrupa&#8217;da oyunu nas\u0131l kullan\u0131yorsan\u0131z T\u00fcrkiye&#8217;de de oyunuzu \u00f6yle kullan\u0131n&#8221; dedi.<\/p>\n<p style=\"text-align: justify;\">T\u00fcrkiye&#8217;nin geldi\u011fi noktan\u0131n iyi olmad\u0131\u011f\u0131n\u0131 savunan K\u0131l\u0131\u00e7daro\u011flu, \u015f\u00f6yle devam etti:<\/p>\n<p style=\"text-align: justify;\">&#8221;Herkeste bir endi\u015fe, kayg\u0131 var. Niye bu endi\u015fe var- Bunu iyi sorgulamam\u0131z laz\u0131m. Oysa bizim \u00fclkemiz d\u00fcnyan\u0131n en g\u00fczel \u00fclkesi&#8230; O zaman bu kayg\u0131 neden- \u00c7\u00fcnk\u00fc memleket iyi y\u00f6netilmiyor. \u00c7\u00fcnk\u00fc memlekette bir iktidar bo\u015flu\u011fu var. Efendim neymi\u015f, &#8216;istihbarat i\u00e7in d\u0131\u015far\u0131dan istihbarat gelsin, ben \u00f6yle ter\u00f6r\u00fc engelleyece\u011fim&#8217;. Sen kendi \u00f6zg\u00fcr iradenle, kendi ba\u011f\u0131ms\u0131z g\u00fcc\u00fcnle, kendi istihbarat\u0131n\u0131 yaratm\u0131yorsan, elin kay\u0131\u011f\u0131na binersen, seni selamete g\u00f6t\u00fcrmezler, elin kay\u0131\u011f\u0131na binmeyeceksin.&#8221;<\/p>\n<p style=\"text-align: justify;\">&#8221;Yeni CHP&#8221; dedi\u011fi zaman bazen kendisine k\u0131zd\u0131klar\u0131n\u0131 belirten K\u0131l\u0131\u00e7daro\u011flu, yeni CHP&#8217;nin milletin iradesine sayg\u0131 duyan parti oldu\u011funu ifade etti.<\/p>\n<p style=\"text-align: justify;\">K\u0131l\u0131\u00e7daro\u011flu, &#8221;CHP oldu\u011fu s\u00fcrece kimse kayg\u0131lanmas\u0131n. CHP&#8217;yi hep beraber b\u00fcy\u00fctece\u011fiz. Benim sorumlulu\u011fum kadar herkesin sorumlulu\u011fu var. G\u00fc\u00e7lerimizi birle\u015ftirece\u011fiz&#8221; dedi.<\/p>\n<p style=\"text-align: justify;\">K\u0131l\u0131\u00e7daro\u011flu, T\u00fcrkiye&#8217;de art\u0131k saman ithalat\u0131 yap\u0131ld\u0131\u011f\u0131n\u0131 ifade ederek, &#8221;Sormayacak m\u0131s\u0131n\u0131z kendinize ne oluyor bu memlekete- Saman bile \u00fcretemiyor mu bu memleket- Din iman edebiyat\u0131 yapt\u0131lar bunlar, hepsi k\u00f6\u015feyi d\u00f6nd\u00fcler. Esnaf\u0131n halinden anlayan var m\u0131- Ceplerini d\u00fc\u015f\u00fcn\u00fcyorlar, ceplerini d\u00fc\u015f\u00fcnenleri sand\u0131kta siz d\u00fc\u015f\u00fcnmeyin. Biz vatanda\u015f\u0131 d\u00fc\u015f\u00fcn\u00fcyoruz&#8221; dedi.<\/p>\n<p style=\"text-align: justify;\"><strong>SUR\u0130YEL\u0130LER\u0130N HATAY KAMPI\u00a0<\/strong><\/p>\n<p style=\"text-align: justify;\">Suriye&#8217;de binlerce M\u00fcsl\u00fcman\u0131n birbirini \u00f6ld\u00fcrd\u00fc\u011f\u00fcn\u00fc belirten K\u0131l\u0131\u00e7daro\u011flu, \u015f\u00f6yle konu\u015ftu: &#8221;Silah\u0131 kim veriyor- D\u00fcn milletvekillerimiz bir kamp\u0131 ziyaret etmek istediler. T\u00fcrkiye Cumhuriyeti topra\u011f\u0131ndan s\u00f6z ediyorum ben. Milletvekillerimize diyorlar ki: Siz bu kampa giremezsiniz. Niye giremiyoruz- Oras\u0131 ABD \u00fcss\u00fc m\u00fc- Hay\u0131r. T\u00fcrkiye Cumhuriyeti&#8217;nin topraklar\u0131. Bir milletvekiline &#8216;Siz bu kampa giremezseniz&#8217; dedi\u011finiz andan itibaren o kampta gayri me\u015fru i\u015fler var demektir. Me\u015fru i\u015fler yok o kampta demektir. Ben CHP&#8217;nin Genel Ba\u015fkan\u0131 olarak, T\u00fcrkiye&#8217;nin her kar\u0131\u015f\u0131na gidiyorum. Her yerine gidiyorum, ister ter\u00f6r olsun ister ba\u015fka bir \u015fey&#8230; Bir d\u00f6nem &#8216;Siz Sivas&#8217;\u0131n \u00f6tesine ge\u00e7emezsiniz&#8217; diyorlard\u0131. Biz de\u011fil, Sivas&#8217;\u0131n \u00f6tesine d\u00fcnyan\u0131n her yerine gideriz.<\/p>\n<p style=\"text-align: justify;\">Kendi topraklar\u0131m\u0131za da gideriz. \u015eimdi ben milletvekillerimi g\u00f6nderiyorum, &#8216;Vatanda\u015f kayg\u0131 i\u00e7inde ajanlar cirit at\u0131yor, casuslar cirit at\u0131yor, gidin bir bak\u0131n&#8217; diyorum. H\u00fck\u00fcmet yasak getirmi\u015f, &#8216;bu kampa giremezsiniz&#8217; diye. Niye giremiyoruz- \u015eimdi ben cevap bekliyorum. O kampta ne var- O kampta kimleri e\u011fitiyorsunuz siz- O kampta M\u00fcsl\u00fcman kan\u0131 d\u00f6k\u00fcls\u00fcn diye adam m\u0131 yeti\u015ftiriyorsunuz siz- Bat\u0131n\u0131n egemen g\u00fc\u00e7leri sizin s\u0131rt\u0131n\u0131z\u0131 s\u0131vazl\u0131yor. Ne zamandan beri ulusal Kurtulu\u015f Sava\u015f\u0131&#8217;m\u0131z\u0131 veren bir \u00fclkenin y\u00f6netimi kalk\u0131p da bat\u0131n\u0131n egemen g\u00fc\u00e7lerinin Ortado\u011fu&#8217;daki ta\u015feronlu\u011funu yap\u0131yor. Ta\u015feronlu\u011fu kabul etmiyoruz biz.<\/p>\n<p style=\"text-align: justify;\">Art\u0131k kendi g\u00f6be\u011fimizi kendimiz keselim. M\u00fcsl\u00fcman kan\u0131 ak\u0131t\u0131lacak; biz onun ta\u015feronlu\u011funu yapaca\u011f\u0131z. Buna izin verecek miyiz- Vermeyeceksek, adres bellidir, yeni adres CHP&#8217;dir. Eski Anavatan, Do\u011fru Yol gibi partilerden, ge\u00e7en se\u00e7imlerde istikrar bozulmas\u0131n diye gidip AKP&#8217;ye oy verenleri CHP \u00e7at\u0131s\u0131 alt\u0131na bekliyorum. Onurlu T\u00fcrkiye&#8217;yi aya\u011fa kald\u0131rmak i\u00e7in sizi bekliyorum.&#8221;<\/p>\n<p style=\"text-align: justify;\"><strong>HALKIN \u0130RADES\u0130NE G\u00dcVENECE\u011e\u0130Z\u00a0<\/strong><\/p>\n<p style=\"text-align: justify;\">Kemal K\u0131l\u0131\u00e7daro\u011flu, T\u00fcrkiye&#8217;nin yeni bir iktidara ihtiya\u00e7 duydu\u011funu \u00f6ne s\u00fcrerek, \u015funlar\u0131 s\u00f6yledi:<\/p>\n<p style=\"text-align: justify;\">&#8221;D\u00f6rtyol&#8217;u hepiniz hat\u0131rlars\u0131n\u0131z. Polisleri dizdiler s\u0131raya. Bir milletvekilinin o\u011flu te\u015fhis yapacak. Hangi demokraside hangi hukuk devletinde b\u00f6yle bir manzara var, bunu kabul etmiyoruz biz. Devletin sayg\u0131nl\u0131\u011f\u0131 varsa, polisin de sayg\u0131nl\u0131\u011f\u0131 var. Birinin kusuru varsa, hukuk kurallar\u0131 i\u00e7in de gere\u011fini yapars\u0131n\u0131z. Onun i\u00e7in yeni bir anlay\u0131\u015fa sa\u011fl\u0131kl\u0131 bir tutarl\u0131 y\u00f6netime, kul hakk\u0131 yemeyen bir y\u00f6netime ihtiya\u00e7 vard\u0131r, gere\u011fini yapmak halka d\u00fc\u015f\u00fcyor. T\u00fcrkiye sahipsiz de\u011fildir, bu millet T\u00fcrkiye&#8217;nin sahibidir. Halk\u0131n iradesine g\u00fcvenece\u011fiz, halkla beraber yolumuza devam edece\u011fiz.&#8221;<\/p>\n<p style=\"text-align: justify;\">Konu\u015fmas\u0131n\u0131n ard\u0131ndan bir kahvehaneye giren K\u0131l\u0131\u00e7daro\u011flu, vatanda\u015flarla sohbet etti, \u00e7ay i\u00e7ti. Bir vatanda\u015f\u0131n, ter\u00f6r \u00f6rg\u00fct\u00fc PKK ile BDP&#8217;li milletvekillerinin g\u00f6r\u00fcnt\u00fclerini hat\u0131rlatarak tepkisini dile getirdi. K\u0131l\u0131\u00e7daro\u011flu, ter\u00f6r sorunun \u00e7\u00f6z\u00fcm\u00fc konusunda daha \u00f6nce t\u00fcm partilerin biraraya gelmesi gerekti\u011fini s\u00f6yledi\u011fini an\u0131msatt\u0131.<\/p>\n<p style=\"text-align: justify;\">Daha sonra Kemerkaya beldesine ge\u00e7erek, yine bir kahvehanede vatanda\u015flarla sohbet eden K\u0131l\u0131\u00e7daro\u011flu, Afyon&#8217;dan fazla oy alamad\u0131klar\u0131n\u0131 belirterek, daha fazla oy ve belediye ba\u015fkanl\u0131\u011f\u0131 istediklerini kaydetti.<\/p>\n<p style=\"text-align: justify;\">CHP heyeti d\u00fcn kampa al\u0131nmam\u0131\u015ft\u0131 : <a href=\"http:\/\/www.yurtgazetesi.com.tr\/gundem\/chpli-vekilleri-kampa-sokmadilar-h17797.html\" target=\"_blank\">http:\/\/www.yurtgazetesi.com.tr\/gundem\/chpli-vekilleri-kampa-sokmadilar-h17797.html<\/a><\/p>\n<p style=\"text-align: justify;\"><a href=\"http:\/\/www.yurtgazetesi.com.tr\/gundem\/kilicdaroglu-o-kampta-kimi-egitiyorsunuz-h17823.html\" target=\"_blank\">Kaynak : Yurt Gazetesi<\/a><\/p>\n","protected":false},"excerpt":{"rendered":"<p style=\"text-align: center;\">\n<p style=\"text-align: justify;\">K\u0131l\u0131\u00e7daro\u011flu, CHP milletvekillerinin al\u0131nmad\u0131\u011f\u0131 s\u0131\u011f\u0131nmac\u0131 kamp\u0131yla ilgili konu\u015ftu.<\/p>\n<p style=\"text-align: justify;\">AFYONKARAH\u0130SAR &#8211; CHP Genel Ba\u015fkan\u0131 Kemal K\u0131l\u0131\u00e7daro\u011flu, CHP&#8217;li baz\u0131 milletvekillerinin Hatay&#8217;da Suriye&#8217;li s\u0131\u011f\u0131nmac\u0131lar\u0131n kald\u0131\u011f\u0131 bir kampa gittiklerini belirterek, &#8221;D\u00fcn milletvekillerimiz bir kamp\u0131 ziyaret etmek istediler. Milletvekillerimize diyorlar ki: Siz bu kampa giremezsiniz. Niye giremiyoruz- Oras\u0131 ABD \u00fcss\u00fc m\u00fc- Hay\u0131r. T\u00fcrkiye <\/p>\n","protected":false},"author":1,"featured_media":0,"comment_status":"open","ping_status":"open","sticky":false,"template":"","format":"standard","meta":{"footnotes":""},"categories":[105],"tags":[],"class_list":["post-54351","post","type-post","status-publish","format-standard","hentry","category-gundem","odd"],"_links":{"self":[{"href":"http:\/\/www.korhanyilmaz.com\/index.php?rest_route=\/wp\/v2\/posts\/54351","targetHints":{"allow":["GET"]}}],"collection":[{"href":"http:\/\/www.korhanyilmaz.com\/index.php?rest_route=\/wp\/v2\/posts"}],"about":[{"href":"http:\/\/www.korhanyilmaz.com\/index.php?rest_route=\/wp\/v2\/types\/post"}],"author":[{"embeddable":true,"href":"http:\/\/www.korhanyilmaz.com\/index.php?rest_route=\/wp\/v2\/users\/1"}],"replies":[{"embeddable":true,"href":"http:\/\/www.korhanyilmaz.com\/index.php?rest_route=%2Fwp%2Fv2%2Fcomments&post=54351"}],"version-history":[{"count":0,"href":"http:\/\/www.korhanyilmaz.com\/index.php?rest_route=\/wp\/v2\/posts\/54351\/revisions"}],"wp:attachment":[{"href":"http:\/\/www.korhanyilmaz.com\/index.php?rest_route=%2Fwp%2Fv2%2Fmedia&parent=54351"}],"wp:term":[{"taxonomy":"category","embeddable":true,"href":"http:\/\/www.korhanyilmaz.com\/index.php?rest_route=%2Fwp%2Fv2%2Fcategories&post=54351"},{"taxonomy":"post_tag","embeddable":true,"href":"http:\/\/www.korhanyilmaz.com\/index.php?rest_route=%2Fwp%2Fv2%2Ftags&post=54351"}],"curies":[{"name":"wp","href":"https:\/\/api.w.org\/{rel}","templated":true}]}}