{"id":54347,"date":"2012-08-26T17:36:54","date_gmt":"2012-08-26T14:36:54","guid":{"rendered":"http:\/\/www.korhanyilmaz.com\/?p=54347"},"modified":"2012-08-26T19:14:50","modified_gmt":"2012-08-26T16:14:50","slug":"aksam-savasci-sabah-siginmaci","status":"publish","type":"post","link":"http:\/\/www.korhanyilmaz.com\/?p=54347","title":{"rendered":"Ak\u015fam sava\u015f\u00e7\u0131 sabah s\u0131\u011f\u0131nmac\u0131"},"content":{"rendered":"<p style=\"text-align: center;\"><a href=\"http:\/\/www.korhanyilmaz.com\/wp-content\/uploads\/2012\/08\/H469.jpg\"  class=\"lightview\"><img loading=\"lazy\" decoding=\"async\" class=\"aligncenter  wp-image-54348\" src=\"http:\/\/www.korhanyilmaz.com\/wp-content\/uploads\/2012\/08\/H469.jpg\" alt=\"\" width=\"420\" height=\"210\" \/><\/a><\/p>\n<p style=\"text-align: justify;\">Suriye&#8217;den T\u00fcrkiye&#8217;ye gelen s\u0131\u011f\u0131nmac\u0131lar\u0131n kamplarda e\u011fitildi\u011fi, hatta T\u00fcrkiye s\u0131n\u0131r\u0131ndan ge\u00e7ip karakol bast\u0131\u011f\u0131n\u0131 A\u011fustos ay\u0131 ba\u015f\u0131nda gazetemiz yazm\u0131\u015ft\u0131. Hatay&#8217;da El-Kaide yap\u0131lanmas\u0131n\u0131n oldu\u011funu, halk\u0131n bu insanlar taraf\u0131ndan tehdit edildi\u011fini, vah\u015fet videolar\u0131 izlettirilerek yerli halk\u0131n sindirilmeye \u00e7al\u0131\u015ft\u0131\u011f\u0131n\u0131 aktarm\u0131\u015ft\u0131k. Gazetemizin haftalar \u00f6nce yapt\u0131\u011f\u0131 haberler, \u015fimdi ba\u015fka \u00f6rneklerle do\u011frulan\u0131yor. Vatan gazetesi bir s\u0131\u011f\u0131nmac\u0131n\u0131n T\u00fcrkiye s\u0131n\u0131r\u0131ndan sava\u015fmaya gitti\u011fini yazd\u0131.<!--more--><\/p>\n<p style=\"text-align: justify;\">Suriye&#8217;den T\u00fcrkiye&#8217;ye gelen s\u0131\u011f\u0131nmac\u0131lar\u0131n kamplarda e\u011fitildi\u011fi, hatta T\u00fcrkiye s\u0131n\u0131r\u0131ndan ge\u00e7ip karakol bast\u0131\u011f\u0131n\u0131 A\u011fustos ay\u0131 ba\u015f\u0131nda gazetemiz yazm\u0131\u015ft\u0131. \u00d6mer \u00d6demi\u015f imzal\u0131 haberlerde Hatay&#8217;da El-Kaide yap\u0131lanmas\u0131n\u0131n oldu\u011funu, halk\u0131n bu insanlar taraf\u0131ndan tehdit edildi\u011fini, vah\u015fet videolar\u0131 izlettirilerek yerli halk\u0131n sindirilmeye \u00e7al\u0131\u015ft\u0131\u011f\u0131n\u0131 aktarm\u0131\u015ft\u0131k.<\/p>\n<p style=\"text-align: justify;\">Gazetemizin haftalar \u00f6nce yapt\u0131\u011f\u0131 haberler, \u015fimdi ba\u015fka \u00f6rneklerle do\u011frulan\u0131yor. Vatan gazetesinden Kenan Butak\u0131n&#8217;\u0131n imzas\u0131n\u0131 ta\u015f\u0131yan haberde bir s\u0131\u011f\u0131nmac\u0131, Suriye&#8217;de aktif olarak \u00e7at\u0131\u015fmalara kat\u0131lmay\u0131 s\u00fcrd\u00fcrd\u00fc\u011f\u00fcn\u00fc a\u00e7\u0131k bi\u00e7imde ifade etti.<\/p>\n<p style=\"text-align: justify;\"><span style=\"text-decoration: underline;\"><strong>\u0130\u015eTE O HABER\u00a0<\/strong><\/span><\/p>\n<p style=\"text-align: justify;\">Suriye\u2019den ka\u00e7anlar\u0131n s\u0131\u011f\u0131nd\u0131\u011f\u0131 Hatay, muhalif askerlerin de yerle\u015fim yeri oldu. Bu askerlerden biri VATAN\u2019a konu\u015ftu:<\/p>\n<p style=\"text-align: justify;\">\u201cGeceleri gizlice \u00fclkeme giriyor, sabaha kadar sava\u015f\u0131yorum. Sabah\u2019ta Hatay\u2019daki evime d\u00f6n\u00fcp t\u00fcm g\u00fcn dinleniyorum. Bazen T\u00fcrkiye\u2019ye ka\u00e7ak olarak girerken T\u00fcrk askerleri g\u00f6r\u00fcyor. Ancak ya \u00fclkene geri d\u00f6n ya da kampa g\u00f6t\u00fcrelim diyorlar. Ben de \u00fclkeme d\u00f6n\u00fcyorum, 1 saat sonra geri geliyorum\u201d<\/p>\n<p style=\"text-align: justify;\">Suriye\u2019de ortaya \u00e7\u0131kan i\u00e7 kar\u0131\u015f\u0131kl\u0131k ve Esad z\u00fclm\u00fcnden ka\u00e7an on binlerce insan T\u00fcrkiye\u2019ye s\u0131\u011f\u0131nd\u0131. Kurulan 10 kampta ve okul ile yurtlarda yakla\u015f\u0131k 80 bin Suriyeli misafir ediliyor. Bunlar resmi yollardan T\u00fcrkiye\u2019ye giren Suriyeli misafirler. Bir de gayri resmi olarak T\u00fcrkiye\u2019ye giren ve Hatay, Gaziantep ile Kilis gibi illerde kiralad\u0131klar\u0131 evlerde ya\u015fayan Suriyeliler var. Pasaportu hatta kimli\u011fi dahi olmadan Hatay\u2019a gelen Suriyeliler kentte giriyor ve \u00f6zg\u00fcrce dola\u015fabiliyor. \u0130\u015fte VATAN bu durumu d\u00fcnk\u00fc gazetede \u2018Kim bunlar?\u2019 diyerek duyurdu. Bug\u00fcn ise bu ki\u015filerin izini s\u00fcrd\u00fck. Bu ki\u015filer aras\u0131nda Suriye\u2019deki i\u00e7 kar\u0131\u015f\u0131kl\u0131kta ka\u00e7anlar oldu\u011fu gibi \u00d6zg\u00fcr Suriye Ordusu saflar\u0131nda sava\u015fan silahl\u0131 g\u00fc\u00e7ler de var. \u0130\u015fte bunlardan biri de 75 ya\u015f\u0131ndaki Mustafa \u015eeyh.<\/p>\n<p style=\"text-align: justify;\"><strong>PASAPORTSUZ G\u0130R\u0130YORUZ\u00a0<\/strong><\/p>\n<p style=\"text-align: justify;\">\u015eeyh ailesi 8 ki\u015fiden olu\u015fuyor. Ailenin en b\u00fcy\u00fc\u011f\u00fc 75 ya\u015f\u0131ndaki Mustafa \u015eeyh. 2 o\u011flu aktif olarak sava\u015fa kat\u0131l\u0131yor, \u00d6zg\u00fcr Suriye Ordusu\u2019nun askerlerinden. Hatay\u2019da ya\u015f\u0131yorlar. Hatay merkezde Emek mahallesinde kentteki yak\u0131nlar\u0131 arac\u0131l\u0131\u011f\u0131 ile 600 TL\u2019ye bir ev kiralam\u0131\u015f. Baba Mustafa \u015eeyh\u2019in ya\u015f\u0131 33 olan Ali ve 40 olan Abdurrahman adl\u0131 iki o\u011flu var. Evde kad\u0131nlardan sadece ya\u015f\u0131 71 olan anne Fatma \u015eeyh\u2019i g\u00f6r\u00fcyoruz. Ailenin di\u011fer kad\u0131nlar\u0131 dinen sak\u0131ncal\u0131 diye kar\u015f\u0131m\u0131za \u00e7\u0131km\u0131yor. Ailenin k\u00fc\u00e7\u00fck o\u011flu Ali \u015eeyh ve b\u00fcy\u00fck o\u011flu Abdurrahman ayn\u0131 zamanda \u00d6zg\u00fcr Suriye Ordusu\u2019nda Esad\u2019a kar\u015f\u0131 sava\u015f\u0131yorlar. Bazen gidip 1 hafta kal\u0131yorlar bazen de g\u00fcnd\u00fcz dinlenip gece Suriye\u2019ye giderek sava\u015f\u0131yorlar. T\u00fcrkiye\u2019ye geli\u015f hikayelerini anlatan Ali \u015funlar\u0131 s\u00f6yl\u00fcyor:<\/p>\n<p style=\"text-align: justify;\"><strong>BEN B\u0130R SAVA\u015e\u00c7IYIM\u00a0<\/strong><\/p>\n<p style=\"text-align: justify;\">\u201c2 ay \u00f6nce Hatay\u2019a geldik. Pasaportumuz olmad\u0131\u011f\u0131 i\u00e7in ailecek Yaylada\u011f\u0131\u2019na yak\u0131n bir yerden ka\u00e7ak olarak geldik. Lazkiye\u2019ye ba\u011fl\u0131 Cebilakra k\u00f6y\u00fcnde oturuyorduk. Esad g\u00fc\u00e7leri k\u00f6y\u00fcm\u00fcze top at\u0131\u015f\u0131 yapt\u0131 defalarca. 100\u2019e yak\u0131n aralar\u0131nda kad\u0131n ve \u00e7ocuklar\u0131nda oldu\u011fu yak\u0131n\u0131m\u0131z \u00f6ld\u00fc. Burada gayet iyiyiz. Tek sorunumuz ka\u00e7ak oldu\u011fumuz i\u00e7in Ba\u015fbakanl\u0131k\u2019tan yard\u0131m talep edemememiz.\u201dAli \u015eeyh\u2019e Suriye\u2019de sava\u015fan El Kaide militanlar\u0131n\u0131n oldu\u011funu sordu\u011fumuzda ise, kendisinin yabanc\u0131lar\u0131 tan\u0131mad\u0131\u011f\u0131n\u0131 sadece kendi k\u00f6yl\u00fcleriyle beraber sava\u015ft\u0131\u011f\u0131n\u0131 s\u00f6yl\u00fcyor. Ben bir sava\u015f\u00e7\u0131y\u0131m diyerek \u015f\u00f6yle devam ediyor: \u201cKa\u00e7ak olarak Suriye\u2019ye gidip geliyorum. Bazen ak\u015famlar\u0131 gidip sava\u015f\u0131yorum. Sabah da gelip b\u00fct\u00fcn g\u00fcn Hatay\u2019da evimde dinleniyorum. Bazense g\u00fcnlerce k\u00f6y\u00fcm\u00fcze yak\u0131n bir yerde arkada\u015flar\u0131mla Esad\u2019a kar\u015f\u0131 sava\u015f\u0131yorum. Bazen T\u00fcrkiye\u2019ye ka\u00e7ak olarak girerken T\u00fcrk askerleri g\u00f6r\u00fcyor. Ancak ya geri d\u00f6n \u00fclkene ya da kampa g\u00f6t\u00fcrelim seni diyorlar. Ben de \u00fclkeme geri d\u00f6nmeyi tercih ediyorum. Tekrar \u00fclkeme girip 1 saat sonra ba\u015fka bir yerden tekrar T\u00fcrkiye\u2019ye ge\u00e7iyorum. Suriye\u2019ye gitti\u011fimde de oradaki arkada\u015flar\u0131m hemen silahlar\u0131m\u0131z\u0131 veriyor. \u00d6yle sava\u015f\u0131yorum. D\u00fcnden bu yana Hatay\u2019day\u0131m. Bir arkada\u015f\u0131m yaraland\u0131, onu da ka\u00e7ak olarak T\u00fcrkiye\u2019ye getirdik. \u015eu an tedavisi yap\u0131l\u0131yor. \u201c<\/p>\n<p style=\"text-align: justify;\"><strong>GAZETEM\u0130Z\u0130N HAFTALAR \u00d6NCES\u0130NDEN D\u0130KKAT \u00c7EKT\u0130\u011e\u0130 GER\u00c7EK\u00a0<\/strong><\/p>\n<p style=\"text-align: justify;\"><span style=\"text-decoration: underline;\">Suriye konusunda yaz\u0131lmayanlar\u0131 gazetemiz yazm\u0131\u015ft\u0131. Yurt gazetesi ve yurtgazetesi.com.tr okuyucular\u0131 Suriye ger\u00e7e\u011fini \u00e7ok \u00f6nce \u00f6\u011frenmi\u015fti. \u0130\u015fte o haberlerden baz\u0131lar\u0131:<\/span><\/p>\n<p style=\"text-align: justify;\"><span style=\"text-decoration: underline;\">Karakol basan ter\u00f6ristler T\u00fcrkiye&#8217;de mi bar\u0131n\u0131yor? <\/span><\/p>\n<p style=\"text-align: justify;\"><a href=\"http:\/\/www.yurtgazetesi.com.tr\/gundem\/karakol-basan-teroristler-turkiyede-mi-bariniyor-h16294.html \" target=\"_blank\">http:\/\/www.yurtgazetesi.com.tr\/gundem\/karakol-basan-teroristler-turkiyede-mi-bariniyor-h16294.html\u00a0<\/a><\/p>\n<p style=\"text-align: justify;\"><span style=\"text-decoration: underline;\">Zirai Donat\u0131m deposu ter\u00f6rist cephaneli\u011fi oldu:<\/span><\/p>\n<p style=\"text-align: justify;\">\u00a0<a href=\"http:\/\/www.yurtgazetesi.com.tr\/gundem\/zirai-donatim-deposu-terorist-cephaneligi-oldu-h16549.html \" target=\"_blank\">http:\/\/www.yurtgazetesi.com.tr\/gundem\/zirai-donatim-deposu-terorist-cephaneligi-oldu-h16549.html\u00a0<\/a><\/p>\n<p style=\"text-align: justify;\"><span style=\"text-decoration: underline;\">El Kaide Hatay sokaklar\u0131nda:<\/span><\/p>\n<p style=\"text-align: justify;\"><a href=\"http:\/\/www.yurtgazetesi.com.tr\/gundem\/el-kaide-hatay-sokaklarinda-h16281.html\" target=\"_blank\"> http:\/\/www.yurtgazetesi.com.tr\/gundem\/el-kaide-hatay-sokaklarinda-h16281.html<\/a><\/p>\n<p style=\"text-align: justify;\"><span style=\"text-decoration: underline;\">Ku\u015fakl\u0131 ve B\u00fck\u00fclmez El Kaide ku\u015fatmas\u0131nda <\/span><\/p>\n<p style=\"text-align: justify;\"><a href=\"http:\/\/www.yurtgazetesi.com.tr\/gundem\/kusakli-ve-bukulmez-el-kaide-kusatmasinda-h16205.html \" target=\"_blank\">http:\/\/www.yurtgazetesi.com.tr\/gundem\/kusakli-ve-bukulmez-el-kaide-kusatmasinda-h16205.html\u00a0<\/a><\/p>\n<p style=\"text-align: justify;\"><span style=\"text-decoration: underline;\">\u0130\u015fte ter\u00f6r kamp\u0131 : <\/span><\/p>\n<p style=\"text-align: justify;\"><a href=\"http:\/\/www.yurtgazetesi.com.tr\/gundem\/iste-teror-kampi-h16164.html\" target=\"_blank\">http:\/\/www.yurtgazetesi.com.tr\/gundem\/iste-teror-kampi-h16164.html<\/a><\/p>\n<p style=\"text-align: justify;\">[youtube]http:\/\/www.youtube.com\/watch?v=rp6QWa2m7lg&amp;feature=player_embedded[\/youtube]<\/p>\n<p style=\"text-align: justify;\"><a href=\"http:\/\/www.yurtgazetesi.com.tr\/gundem\/aksam-savasci-sabah-siginmaci-h17826.html\" target=\"_blank\">Kaynak : Yurt Gazetesi<\/a><\/p>\n","protected":false},"excerpt":{"rendered":"<p style=\"text-align: center;\">\n<p style=\"text-align: justify;\">Suriye&#8217;den T\u00fcrkiye&#8217;ye gelen s\u0131\u011f\u0131nmac\u0131lar\u0131n kamplarda e\u011fitildi\u011fi, hatta T\u00fcrkiye s\u0131n\u0131r\u0131ndan ge\u00e7ip karakol bast\u0131\u011f\u0131n\u0131 A\u011fustos ay\u0131 ba\u015f\u0131nda gazetemiz yazm\u0131\u015ft\u0131. Hatay&#8217;da El-Kaide yap\u0131lanmas\u0131n\u0131n oldu\u011funu, halk\u0131n bu insanlar taraf\u0131ndan tehdit edildi\u011fini, vah\u015fet videolar\u0131 izlettirilerek yerli halk\u0131n sindirilmeye \u00e7al\u0131\u015ft\u0131\u011f\u0131n\u0131 aktarm\u0131\u015ft\u0131k. Gazetemizin haftalar \u00f6nce yapt\u0131\u011f\u0131 haberler, \u015fimdi ba\u015fka \u00f6rneklerle do\u011frulan\u0131yor. Vatan gazetesi bir s\u0131\u011f\u0131nmac\u0131n\u0131n T\u00fcrkiye s\u0131n\u0131r\u0131ndan <\/p>\n","protected":false},"author":1,"featured_media":0,"comment_status":"open","ping_status":"open","sticky":false,"template":"","format":"standard","meta":{"footnotes":""},"categories":[105],"tags":[],"class_list":["post-54347","post","type-post","status-publish","format-standard","hentry","category-gundem","odd"],"_links":{"self":[{"href":"http:\/\/www.korhanyilmaz.com\/index.php?rest_route=\/wp\/v2\/posts\/54347","targetHints":{"allow":["GET"]}}],"collection":[{"href":"http:\/\/www.korhanyilmaz.com\/index.php?rest_route=\/wp\/v2\/posts"}],"about":[{"href":"http:\/\/www.korhanyilmaz.com\/index.php?rest_route=\/wp\/v2\/types\/post"}],"author":[{"embeddable":true,"href":"http:\/\/www.korhanyilmaz.com\/index.php?rest_route=\/wp\/v2\/users\/1"}],"replies":[{"embeddable":true,"href":"http:\/\/www.korhanyilmaz.com\/index.php?rest_route=%2Fwp%2Fv2%2Fcomments&post=54347"}],"version-history":[{"count":0,"href":"http:\/\/www.korhanyilmaz.com\/index.php?rest_route=\/wp\/v2\/posts\/54347\/revisions"}],"wp:attachment":[{"href":"http:\/\/www.korhanyilmaz.com\/index.php?rest_route=%2Fwp%2Fv2%2Fmedia&parent=54347"}],"wp:term":[{"taxonomy":"category","embeddable":true,"href":"http:\/\/www.korhanyilmaz.com\/index.php?rest_route=%2Fwp%2Fv2%2Fcategories&post=54347"},{"taxonomy":"post_tag","embeddable":true,"href":"http:\/\/www.korhanyilmaz.com\/index.php?rest_route=%2Fwp%2Fv2%2Ftags&post=54347"}],"curies":[{"name":"wp","href":"https:\/\/api.w.org\/{rel}","templated":true}]}}