{"id":54341,"date":"2012-08-26T10:20:50","date_gmt":"2012-08-26T07:20:50","guid":{"rendered":"http:\/\/www.korhanyilmaz.com\/?p=54341"},"modified":"2012-08-26T14:36:34","modified_gmt":"2012-08-26T11:36:34","slug":"yunan-gazetesi-nutuk-dagitti","status":"publish","type":"post","link":"http:\/\/www.korhanyilmaz.com\/?p=54341","title":{"rendered":"Yunan gazetesi Nutuk da\u011f\u0131tt\u0131"},"content":{"rendered":"<p style=\"text-align: justify;\"><a href=\"http:\/\/www.korhanyilmaz.com\/wp-content\/uploads\/2012\/08\/H468.jpg\"  class=\"lightview\"><img loading=\"lazy\" decoding=\"async\" class=\"aligncenter size-full wp-image-54342\" title=\"\" src=\"http:\/\/www.korhanyilmaz.com\/wp-content\/uploads\/2012\/08\/H468.jpg\" alt=\"\" width=\"343\" height=\"257\" \/><\/a><\/p>\n<p style=\"text-align: justify;\">Yunanistan&#8217;\u0131n en \u00e7ok satan gazetesi TaNea, her hafta gazetenin yan\u0131nda verece\u011fi &#8220;D\u00fcnyay\u0131 De\u011fi\u015ftiren Konu\u015fmalar&#8221; serisine bu hafta Mustafa Kemal Atat\u00fcrk&#8217;\u00fcn Nutuk&#8217;u ile ba\u015flad\u0131.<\/p>\n<p style=\"text-align: justify;\">\u0130stanbul- Gazete, d\u00fcn ba\u015flatt\u0131\u011f\u0131 ve \u00f6n\u00fcm\u00fczdeki haftalarda her cumartesi s\u00fcrecek promosyonunun ilk haftas\u0131nda Nutuk&#8217;un yan\u0131nda ayr\u0131ca ayn\u0131 d\u00f6nem Yunanistan lideri olan Elefterios Venizelos&#8217;un parlamentoda yapt\u0131\u011f\u0131 T\u00fcrk-Yunan yak\u0131nla\u015fmas\u0131 konu\u015fmalar\u0131n\u0131 i\u00e7eren kitap\u00e7\u0131\u011f\u0131 okurlar\u0131na verdi.\u00a0<!--more--><\/p>\n<p style=\"text-align: justify;\">Gazete, Atat\u00fcrk&#8217;\u00fcn Nutuk&#8217;un sunu\u015f metninde, &#8220;Kemal, T\u00fcrkiye&#8217;de g\u00f6r\u00fclmemi\u015f de\u011fi\u015fiklikler yapt\u0131, esas hedefi, toplumun milli dayan\u0131\u015fma temelinde yeniden yap\u0131lanmas\u0131, din ile siyasi iktidar\u0131n tamamen birbirinden ayr\u0131lmas\u0131 ve yeni devletin bilin\u00e7li olarak Ortado\u011fu&#8217;dan Avrupa&#8217;ya y\u00f6nelmesi idi&#8221; ifadesini kulland\u0131. Gazete sunu\u015funda, &#8220;K\u00fc\u00e7\u00fck Asya felaketi (Kurtulu\u015f Sava\u015f\u0131) ile Yunan d\u0131\u015f politikas\u0131nda k\u00f6kl\u00fc de\u011fi\u015fiklik ba\u015flad\u0131. Yeni politikan\u0131n hedefi Yunan egemenli\u011finin yay\u0131lmas\u0131 de\u011fil, \u00fclkenin ba\u011f\u0131ms\u0131zl\u0131\u011f\u0131 ve toprak b\u00fct\u00fcnl\u00fc\u011f\u00fcn\u00fcn korunmas\u0131 ve \u00f6zellikle T\u00fcrkiye ile siyasi i\u015fbirli\u011fi olu\u015fturmak idi&#8221; denildi.<\/p>\n<p style=\"text-align: justify;\">Milliyet gazetesinin haberine g\u00f6re, Venizelos&#8217;un da 17 Haziran 1930&#8217;da Yunan parlamentosunda ger\u00e7ekle\u015ftirdi\u011fi T\u00fcrk-Yunan n\u00fcfus m\u00fcbadelesine ili\u015fkin konu\u015fmas\u0131 Nutuk&#8217;un yan\u0131nda yer ald\u0131.<\/p>\n<p style=\"text-align: justify;\">Gazete bu konu\u015fma sonras\u0131nda 30 Ekim 1930&#8217;da Ankara&#8217;da iki \u00fclkenin Dostluk Anla\u015fmas\u0131 imzalad\u0131\u011f\u0131na dikkat \u00e7ekti. Seri gelecek hafalarda ADB&#8217;nin eski ba\u015fkanlar\u0131ndan John Keneddy, G\u00fcney Afrika&#8217;n\u0131n eski devlet ba\u015fkan\u0131 Nelson Mandela, ABDli siyaset\u00e7i ve aktivist Malcolm X, K\u00fcba&#8217;n\u0131n efsanevi lideri Fidel Castro&#8217;nun konu\u015fmalar\u0131n\u0131 okurlar\u0131na verecek.<\/p>\n<p style=\"text-align: justify;\">TaNea&#8217;n\u0131n Atat\u00fcrk ve Venizelos&#8217;un konu\u015fmalar\u0131n\u0131 yay\u0131mlad\u0131\u011f\u0131 kitap\u00e7\u0131\u011f\u0131n 15 sayfas\u0131 Nutuk&#8217;dan kesitlere ayr\u0131ld\u0131. Kitap\u00e7\u0131kta Nutuk&#8217;un \u015fu b\u00f6l\u00fcmleri yer ald\u0131:<\/p>\n<p style=\"text-align: justify;\">* Atat\u00fcrk&#8217;\u00fcn Samsun&#8217;a \u00e7\u0131k\u0131\u015f 1919<\/p>\n<p style=\"text-align: justify;\">* Erzurum Kongresi<\/p>\n<p style=\"text-align: justify;\">* Sivas Kongresi<\/p>\n<p style=\"text-align: justify;\">* TBMM&#8217;nin kurulu\u015fu<\/p>\n<p style=\"text-align: justify;\">* \u0130lk bakanlar kurulu<\/p>\n<p style=\"text-align: justify;\">* CHP&#8217;nin kurulu\u015fu<\/p>\n<p style=\"text-align: justify;\">* Cumhuriyetin ilan\u0131<\/p>\n<p style=\"text-align: justify;\">* Halifeli\u011fin kald\u0131r\u0131lmas\u0131<\/p>\n<p style=\"text-align: justify;\">* Atat\u00fcrk&#8217;\u00fcn gen\u00e7li\u011fe hitabesinin tam metni<\/p>\n<p style=\"text-align: justify;\"><a href=\"http:\/\/www.cumhuriyet.com.tr\/?hn=361562\" target=\"_blank\">Kaynak : Cumhuriyet Haber Portal\u0131<\/a><\/p>\n","protected":false},"excerpt":{"rendered":"<p style=\"text-align: justify;\">\n<p style=\"text-align: justify;\">Yunanistan&#8217;\u0131n en \u00e7ok satan gazetesi TaNea, her hafta gazetenin yan\u0131nda verece\u011fi &#8220;D\u00fcnyay\u0131 De\u011fi\u015ftiren Konu\u015fmalar&#8221; serisine bu hafta Mustafa Kemal Atat\u00fcrk&#8217;\u00fcn Nutuk&#8217;u ile ba\u015flad\u0131.<\/p>\n<p style=\"text-align: justify;\">\u0130stanbul- Gazete, d\u00fcn ba\u015flatt\u0131\u011f\u0131 ve \u00f6n\u00fcm\u00fczdeki haftalarda her cumartesi s\u00fcrecek promosyonunun ilk haftas\u0131nda Nutuk&#8217;un yan\u0131nda ayr\u0131ca ayn\u0131 d\u00f6nem Yunanistan lideri olan Elefterios Venizelos&#8217;un parlamentoda yapt\u0131\u011f\u0131 <\/p>\n","protected":false},"author":1,"featured_media":0,"comment_status":"open","ping_status":"open","sticky":false,"template":"","format":"standard","meta":{"footnotes":""},"categories":[105],"tags":[],"class_list":["post-54341","post","type-post","status-publish","format-standard","hentry","category-gundem","odd"],"_links":{"self":[{"href":"http:\/\/www.korhanyilmaz.com\/index.php?rest_route=\/wp\/v2\/posts\/54341","targetHints":{"allow":["GET"]}}],"collection":[{"href":"http:\/\/www.korhanyilmaz.com\/index.php?rest_route=\/wp\/v2\/posts"}],"about":[{"href":"http:\/\/www.korhanyilmaz.com\/index.php?rest_route=\/wp\/v2\/types\/post"}],"author":[{"embeddable":true,"href":"http:\/\/www.korhanyilmaz.com\/index.php?rest_route=\/wp\/v2\/users\/1"}],"replies":[{"embeddable":true,"href":"http:\/\/www.korhanyilmaz.com\/index.php?rest_route=%2Fwp%2Fv2%2Fcomments&post=54341"}],"version-history":[{"count":0,"href":"http:\/\/www.korhanyilmaz.com\/index.php?rest_route=\/wp\/v2\/posts\/54341\/revisions"}],"wp:attachment":[{"href":"http:\/\/www.korhanyilmaz.com\/index.php?rest_route=%2Fwp%2Fv2%2Fmedia&parent=54341"}],"wp:term":[{"taxonomy":"category","embeddable":true,"href":"http:\/\/www.korhanyilmaz.com\/index.php?rest_route=%2Fwp%2Fv2%2Fcategories&post=54341"},{"taxonomy":"post_tag","embeddable":true,"href":"http:\/\/www.korhanyilmaz.com\/index.php?rest_route=%2Fwp%2Fv2%2Ftags&post=54341"}],"curies":[{"name":"wp","href":"https:\/\/api.w.org\/{rel}","templated":true}]}}