{"id":54330,"date":"2012-08-26T10:51:26","date_gmt":"2012-08-26T07:51:26","guid":{"rendered":"http:\/\/www.korhanyilmaz.com\/?p=54330"},"modified":"2012-08-26T14:03:22","modified_gmt":"2012-08-26T11:03:22","slug":"torpil-de-adres-sasti","status":"publish","type":"post","link":"http:\/\/www.korhanyilmaz.com\/?p=54330","title":{"rendered":"&#8220;Torpil&#8221; de adres \u015fa\u015ft\u0131"},"content":{"rendered":"<p style=\"text-align: center;\"><a href=\"http:\/\/www.korhanyilmaz.com\/wp-content\/uploads\/2012\/08\/H466.jpg\"  class=\"lightview\"><img loading=\"lazy\" decoding=\"async\" class=\"aligncenter  wp-image-54331\" src=\"http:\/\/www.korhanyilmaz.com\/wp-content\/uploads\/2012\/08\/H466.jpg\" alt=\"\" width=\"357\" height=\"268\" \/><\/a><\/p>\n<p style=\"text-align: justify;\">Bayraktar&#8217;\u0131n g\u00f6nderdi\u011fi yaz\u0131 9 \u00fcyenin g\u00f6rev yapt\u0131\u011f\u0131 \u00fcst kurulda, BDP kontenjan\u0131ndan se\u00e7ilen Y\u0131ld\u0131r\u0131m&#8217;a gitti.<\/p>\n<p style=\"text-align: justify;\">Cumhuriyet Ankara B\u00fcro- \u00c7evre ve \u015eehircilik Bakan\u0131 Erdo\u011fan Bayraktar\u2019\u0131n bir \u201cyak\u0131n\u0131\u201d bakana mektup yazarak bir ki\u015finin TRT, RT\u00dcK, Ba\u015fbakanl\u0131k Devlet Ar\u015fivleri, Ba\u015fbakanl\u0131k Bas\u0131n B\u00fcrosu, M\u0130T ya da Milli Saraylar\u2019da g\u00f6revlendirilmesi i\u00e7in \u201ctorpil\u201d istedi. Bayraktar da bu yaz\u0131y\u0131 \u201cresmi\u201d bir \u00fcst yaz\u0131yla RT\u00dcK\u2019e g\u00f6nderdi. Ancak torpil yaz\u0131s\u0131 \u201cadres \u015fa\u015ft\u0131\u201d. Yaz\u0131 9 \u00fcyenin g\u00f6rev yapt\u0131\u011f\u0131 \u00fcst kurulda, Ahmet Y\u0131ld\u0131r\u0131m\u2019a gitti. Resmi yaz\u0131yla gelen talep kar\u015f\u0131s\u0131nda \u015fa\u015f\u0131ran Y\u0131ld\u0131r\u0131m, \u201cBen ilk \u00f6nce birinin bana yapt\u0131\u011f\u0131, \u015faka oldu\u011funu d\u00fc\u015f\u00fcnd\u00fcm. Ama sonra sekreterim arac\u0131l\u0131\u011f\u0131yla yaz\u0131n\u0131n bakan\u0131n \u00f6zel kaleminden geldi\u011fini saptad\u0131m\u201d dedi.\u00a0<!--more--><\/p>\n<p style=\"text-align: justify;\">Ele ge\u00e7irdi\u011fimiz torpil yaz\u0131\u015fmalar\u0131 AKP iktidar\u0131n\u0131n kadrola\u015fmay\u0131 art\u0131k hangi boyutlara ta\u015f\u0131d\u0131\u011f\u0131n\u0131 t\u00fcm \u00e7\u0131plakl\u0131\u011f\u0131yla g\u00f6zler \u00f6n\u00fcne serdi. \u201cPes art\u0131k\u201d dedirten skandal \u015f\u00f6yle geli\u015fti:<\/p>\n<p style=\"text-align: justify;\">Ziya Mandev adl\u0131 bir ki\u015fi, \u00c7evre ve \u015eehircilik Bakan\u0131 Erdo\u011fan Bayraktar\u2019a 17 Nisan 2012\u2019de kendi el yaz\u0131s\u0131yla kaleme ald\u0131\u011f\u0131 bir mektup g\u00f6nderdi. Mandev, mektubunda bakana \u015f\u00f6yle seslendi: \u201cSay\u0131n Bayraktar, uzun ve yorucu mesainizi biliyor ve o sebeple hat\u0131r\u0131n\u0131z\u0131 sormak-selamla\u015fmak bile ikinci elden oluyor. Aray\u0131p sormad\u0131\u011f\u0131m\u0131 sanmay\u0131n, y\u00fczy\u00fcze ve hatta telefonla g\u00f6r\u00fc\u015femedi\u011fimiz bu iyi niyetli ve samimi sebepledir. Ekli notta ismi ge\u00e7en bayan hay\u0131rl\u0131 bir g\u00f6rev y\u00fcr\u00fcten de\u011fer verdi\u011fim bir tan\u0131d\u0131\u011f\u0131m\u0131n (evli) k\u0131z\u0131d\u0131r. Esasen Ankara\u2019da \u00f6nemli bir yerde memuriyeti olmas\u0131na ra\u011fmen, e\u015finin g\u00f6rev yeri nedeniyle yine notta yaz\u0131l\u0131 kurumlardan birinin \u0130stanbul te\u015fkilat\u0131na tayin\/nakil istemektedir. Zira bu kurumlarda g\u00f6rev al\u0131rsa hak kayb\u0131 olmayaca\u011f\u0131n\u0131 ifade etmektedir. Yard\u0131mc\u0131 olunabilirse \u00e7ok makbule ge\u00e7ecektir. Selamlar, sayg\u0131lar.\u201d<\/p>\n<p style=\"text-align: justify;\">Mandev, mektubunun ekinde Bakan Bayraktar\u2019a torpil yap\u0131lmas\u0131 ricas\u0131nda bulundu\u011fu Milli G\u00fcvenlik Kurulu Genel Sekreterli\u011fi Bas\u0131n Uzman\u0131 \u015eeyda G\u00fclo\u011flu Ulusal adl\u0131 ki\u015finin \u201cnakil istedi\u011fi\u201d kurumlar listesini yollamay\u0131 da ihmal etmedi. Mandev, milyonlarca gencin KPSS s\u0131navlar\u0131yla girebilmek i\u00e7in ter d\u00f6kt\u00fc\u011f\u00fc g\u00f6zde kurumlar\u0131 \u015f\u00f6yle s\u0131ralad\u0131:<\/p>\n<p style=\"text-align: justify;\">TRT, RT\u00dcK, Ba\u015fbakanl\u0131k Devlet Ar\u015fivleri, Ba\u015fbakanl\u0131k Bas\u0131n B\u00fcrosu, M\u0130T, Milli Saraylar.<\/p>\n<p style=\"text-align: justify;\"><strong>RT\u00dcK\u2019e g\u00f6nderdi\u00a0<\/strong><\/p>\n<p style=\"text-align: justify;\">Kendisine gelen bu talebi k\u0131rmayan Bakan Bayraktar ise torpil istenen kurumlara \u201cresmi yaz\u0131yla\u201d \u201cricada bulundu\u201d. Bayraktar, \u00c7evre ve \u015eehircilik Bakanl\u0131\u011f\u0131 antetli, \u201c984\u201d say\u0131l\u0131, \u201c15\/05\/2012\u201d tarihli resmi yaz\u0131s\u0131n\u0131, kendisine gelen mektubu da ekleyerek RT\u00dcK\u2019e g\u00f6nderdi. Bayraktar yaz\u0131s\u0131nda, \u201cEkli talebi bilgilerinize iletiyorum. Selam ve sevgilerimle\u201d dedi.<\/p>\n<p style=\"text-align: justify;\">Ancak Bakan\u2019\u0131n bu \u00f6nemli ricas\u0131nda bir sorun ortaya \u00e7\u0131kt\u0131. Torpil yaz\u0131s\u0131 5\u2019i AKP\u2019li, 2\u2019si CHP\u2019li, 1\u2019i MHP\u2019li, 1\u2019i de BDP\u2019li olmak \u00fczere 9 \u00fcyenin g\u00f6rev yapt\u0131\u011f\u0131 \u00fcst kurulda, karar alma mekanizmas\u0131nda en etkisiz ikinci \u00fcye konumunda bulunan BDP\u2019li Do\u00e7. Dr. Ahmet Y\u0131ld\u0131r\u0131m\u2019a gitti.<\/p>\n<p style=\"text-align: justify;\"><strong>\u00d6nce \u015faka sand\u0131\u00a0<\/strong><\/p>\n<p style=\"text-align: justify;\">Kendisine gelen bu yaz\u0131 kar\u015f\u0131s\u0131nda \u015fa\u015f\u0131ran Ahmet Y\u0131ld\u0131r\u0131m, s\u00fcreci \u015f\u00f6yle anlatt\u0131:<\/p>\n<p style=\"text-align: justify;\">\u201cA\u00e7\u0131k\u00e7as\u0131 ben birinin bir \u015fakas\u0131 olabilir diye d\u00fc\u015f\u00fcnd\u00fcm. Sekreterim arac\u0131l\u0131\u011f\u0131yla \u00f6zel kalemi aratt\u0131m, tarih-say\u0131 verdik ve ger\u00e7ekten oradan \u00e7\u0131kan bir yaz\u0131 oldu\u011funu g\u00f6rd\u00fck. Say\u0131n Bakan, resmi tarih ve yaz\u0131 ile devlet i\u015fleyi\u015finde olmayan b\u00f6yle bir y\u00f6ntemi denemi\u015f. \u00d6zellikle resmi yaz\u0131 yaz\u0131lm\u0131\u015f olmas\u0131, bu i\u015flerin gayri resmi yap\u0131labilirlik d\u00fczeyini de g\u00f6steriyor. Kald\u0131 ki ben bu konuda icrac\u0131 olmayan, yetkiye sahip olmayan biriyim, zaten yetkim olsa da bu konuda hi\u00e7bir ad\u0131m atmam. Ben Say\u0131n Bakan\u2019a cevap verme gere\u011fi bile duymad\u0131m. \u00c7\u00fcnk\u00fc bu durum, bakan\u0131n devlet adam\u0131yla kurdu\u011fu ili\u015fkinin d\u00fczeyini g\u00f6steriyor. Cevap vermeye kamuya bi\u00e7ti\u011fimiz de\u011fer, kamu i\u015fleyi\u015fine, devlet i\u015fleyi\u015fine bi\u00e7ti\u011fimiz de\u011ferde yer bulamad\u0131m.\u201d<\/p>\n<p style=\"text-align: justify;\"><a href=\"http:\/\/www.cumhuriyet.com.tr\/?hn=361566\" target=\"_blank\">Kaynak : F\u0131rat Kozok &#8211; Cumhuriyet Haber Portal\u0131<\/a><\/p>\n","protected":false},"excerpt":{"rendered":"<p style=\"text-align: center;\">\n<p style=\"text-align: justify;\">Bayraktar&#8217;\u0131n g\u00f6nderdi\u011fi yaz\u0131 9 \u00fcyenin g\u00f6rev yapt\u0131\u011f\u0131 \u00fcst kurulda, BDP kontenjan\u0131ndan se\u00e7ilen Y\u0131ld\u0131r\u0131m&#8217;a gitti.<\/p>\n<p style=\"text-align: justify;\">Cumhuriyet Ankara B\u00fcro- \u00c7evre ve \u015eehircilik Bakan\u0131 Erdo\u011fan Bayraktar\u2019\u0131n bir \u201cyak\u0131n\u0131\u201d bakana mektup yazarak bir ki\u015finin TRT, RT\u00dcK, Ba\u015fbakanl\u0131k Devlet Ar\u015fivleri, Ba\u015fbakanl\u0131k Bas\u0131n B\u00fcrosu, M\u0130T ya da Milli Saraylar\u2019da g\u00f6revlendirilmesi i\u00e7in \u201ctorpil\u201d istedi. Bayraktar <\/p>\n","protected":false},"author":1,"featured_media":0,"comment_status":"open","ping_status":"open","sticky":false,"template":"","format":"standard","meta":{"footnotes":""},"categories":[105],"tags":[],"class_list":["post-54330","post","type-post","status-publish","format-standard","hentry","category-gundem","odd"],"_links":{"self":[{"href":"http:\/\/www.korhanyilmaz.com\/index.php?rest_route=\/wp\/v2\/posts\/54330","targetHints":{"allow":["GET"]}}],"collection":[{"href":"http:\/\/www.korhanyilmaz.com\/index.php?rest_route=\/wp\/v2\/posts"}],"about":[{"href":"http:\/\/www.korhanyilmaz.com\/index.php?rest_route=\/wp\/v2\/types\/post"}],"author":[{"embeddable":true,"href":"http:\/\/www.korhanyilmaz.com\/index.php?rest_route=\/wp\/v2\/users\/1"}],"replies":[{"embeddable":true,"href":"http:\/\/www.korhanyilmaz.com\/index.php?rest_route=%2Fwp%2Fv2%2Fcomments&post=54330"}],"version-history":[{"count":0,"href":"http:\/\/www.korhanyilmaz.com\/index.php?rest_route=\/wp\/v2\/posts\/54330\/revisions"}],"wp:attachment":[{"href":"http:\/\/www.korhanyilmaz.com\/index.php?rest_route=%2Fwp%2Fv2%2Fmedia&parent=54330"}],"wp:term":[{"taxonomy":"category","embeddable":true,"href":"http:\/\/www.korhanyilmaz.com\/index.php?rest_route=%2Fwp%2Fv2%2Fcategories&post=54330"},{"taxonomy":"post_tag","embeddable":true,"href":"http:\/\/www.korhanyilmaz.com\/index.php?rest_route=%2Fwp%2Fv2%2Ftags&post=54330"}],"curies":[{"name":"wp","href":"https:\/\/api.w.org\/{rel}","templated":true}]}}