{"id":5431,"date":"2009-03-15T09:30:53","date_gmt":"2009-03-15T07:30:53","guid":{"rendered":"http:\/\/www.korhanyilmaz.com\/?p=5431"},"modified":"2009-03-15T09:30:53","modified_gmt":"2009-03-15T07:30:53","slug":"kacakkent-sultanbeyli%e2%80%99de-kacak-insaat-patlamasi","status":"publish","type":"post","link":"http:\/\/www.korhanyilmaz.com\/?p=5431","title":{"rendered":"Ka\u00e7akkent Sultanbeyli\u2019de ka\u00e7ak in\u015faat patlamas\u0131!"},"content":{"rendered":"<p style=\"text-align: center;\"><img loading=\"lazy\" decoding=\"async\" class=\"aligncenter size-full wp-image-5432\" title=\"Ka\u00e7akkent Sultanbeyli\u2019de ka\u00e7ak in\u015faat patlamas\u0131! \" src=\"http:\/\/www.korhanyilmaz.com\/wp-content\/uploads\/2009\/03\/150320090318452797832.jpg\" alt=\"Ka\u00e7akkent Sultanbeyli\u2019de ka\u00e7ak in\u015faat patlamas\u0131! \" width=\"376\" height=\"240\" \/><\/p>\n<p style=\"text-align: justify;\"><strong>Se\u00e7imler yakla\u015f\u0131rken vatanda\u015f da Belediye de durumdan faydalanma tela\u015f\u0131nda&#8230;<\/strong><\/p>\n<p style=\"text-align: justify;\">TEM&#8217;in i\u00e7inden ge\u00e7mesiyle 1980&#8217;li y\u0131llarda kaderi de\u011fi\u015fen Sultanbeyli&#8217;nin y\u00fczde 95&#8217;i ka\u00e7ak. Ancak son 5 y\u0131ld\u0131r \u00e7ivi bile \u00e7ak\u0131lmayan il\u00e7e, son bir ayda adeta \u015fantiyeye d\u00f6nd\u00fc. Belediye il\u00e7ede bir ayda 5 binin \u00fczerinde ka\u00e7ak temel at\u0131ld\u0131\u011f\u0131n\u0131 tespit etti. Kat eklemelerin ise say\u0131s\u0131 ise bilinmiyor.<\/p>\n<p style=\"text-align: justify;\">Yakla\u015f\u0131k 400 bin ki\u015finin ya\u015fad\u0131\u011f\u0131 ve 170 bin se\u00e7menin bulundu\u011fu Sultanbeyli bundan 30 y\u0131l \u00f6nce sadece 22 haneli, 104 n\u00fcfuslu bir k\u00f6yd\u00fc. Ancak TEM Otoyolu&#8217;nun k\u00f6y\u00fcn i\u00e7inden ge\u00e7mesiyle birlikte k\u00f6y\u00fcn kaderi de\u011fi\u015fti. Sivas, Erzurum, Mu\u015f, Bing\u00f6l, Kastamonu&#8217;dan g\u00f6\u00e7 edenler ile Sultanbeyli \u0130stanbul&#8217;un en \u00f6nemli g\u00f6\u00e7 merkezlerinden biri oldu. 1989 y\u0131l\u0131nda belediyeye kavu\u015fan Sultanbeyli&#8217;nin en \u00f6nemli \u00f6zelli\u011fi ise &#8216;ka\u00e7ak kent&#8217; ad\u0131n\u0131 ta\u015f\u0131yor olmas\u0131. \u00c7\u00fcnk\u00fc kentin yakla\u015f\u0131k y\u00fczde 95&#8217;i ka\u00e7ak.<br \/>\n<!--more--><br \/>\n<strong>\u0130l\u00e7enin y\u00fczde 40&#8217;\u0131 2B arazisi<\/strong>\n<\/p>\n<p style=\"text-align: justify;\">Sultanbeyli&#8217;nin sadece eski k\u00f6y alan\u0131 olarak bilinen 22 hanenin bulundu\u011fu yer imarl\u0131. Geri kalan yerin yakla\u015f\u0131k y\u00fczde 40&#8217;\u0131 2B arazisinde kal\u0131yor, geri kalan yer ise imars\u0131z. Bu \u00f6zelli\u011finden dolay\u0131 ge\u00e7ti\u011fimiz 5 y\u0131l boyunca belediye ekipleri Sultanbeyli7yi s\u0131k\u0131 denetim alt\u0131na ald\u0131. Sultanbeyli&#8217;de hi\u00e7bir bina yap\u0131lmad\u0131, tek bir \u00e7ivi bile \u00e7ak\u0131lamad\u0131. Ancak yerel se\u00e7im s\u00fcreciyle, r\u00fczgar birden tersine d\u00f6nd\u00fc.<\/p>\n<p style=\"text-align: justify;\"><strong>Gece g\u00fcnd\u00fcz \u00e7al\u0131\u015f\u0131l\u0131yor<\/strong><\/p>\n<p style=\"text-align: justify;\">Yakla\u015f\u0131k bir ayd\u0131r, Sultanbeyili&#8217;de son s\u00fcrat ka\u00e7ak binalar yap\u0131lmaya ba\u015flad\u0131. B\u00fcy\u00fck bir \u015fantiye alan\u0131na d\u00f6nen il\u00e7ede son bir ay i\u00e7inde yakla\u015f\u0131k 5 bin ka\u00e7ak temel at\u0131ld\u0131. Belideye ekiplerince ka\u00e7ak binalar i\u00e7in tutanak d\u00fczenlendi. Binalara \u00e7\u0131k\u0131lan ka\u00e7ak katlar\u0131n ise say\u0131s\u0131 bilinmiyor. Sultanbeyli&#8217;de orman s\u0131n\u0131r\u0131na do\u011fru gidildik\u00e7e hemen her sokakta bir yap\u0131la\u015fma dikkat \u00e7ekiyor. Bir\u00e7ok yerde ise ustalarla birlikte aileler de \u00e7oluk \u00e7ocuk \u00e7al\u0131\u015f\u0131yor. \u00c7\u00fcnk\u00fc 29 Mart&#8217;a kadar yapt\u0131klar\u0131 kar, ard\u0131ndan tekrar yasaklar il\u00e7eye hakim olacak.<\/p>\n<p style=\"text-align: justify;\"><strong>\u0130n\u015faat i\u00e7in alt\u0131n sat\u0131yorlar<\/strong><\/p>\n<p style=\"text-align: justify;\">Sultanbeyli sokaklar\u0131nda ilerliyoruz. Bir in\u015faat\u0131n ba\u015f\u0131nda m\u00fcteahhit Tamer Ekeo\u011flu ile konu\u015fmaya ba\u015fl\u0131yoruz. Ekeo\u011flu, 27 y\u0131ld\u0131r bu i\u015fi yapt\u0131\u011f\u0131n\u0131 s\u00f6yl\u00fcyor ve Sultanbeyli&#8217;deki durumu anlat\u0131yor: &#8220;Son 5 y\u0131ld\u0131r ka\u00e7ak olarak bir \u00e7ivi bile \u00e7ak\u0131lm\u0131yordu. Denetimler en \u00fcst d\u00fczeye \u00e7\u0131km\u0131\u015ft\u0131. Ancak son 1 ayd\u0131r denetimler kalkt\u0131. Herkes bina yapmaya ba\u015flad\u0131. \u015eu an i\u00e7in Sultanbeyli&#8217;de 5 bin civar\u0131nda ka\u00e7ak temel alt\u0131d\u0131\u011f\u0131 s\u00f6yleniyor. Yapanlar ya bankadan kredi \u00e7ekiyor ya da kalan alt\u0131nlar bozduruluyor.&#8221;<\/p>\n<p style=\"text-align: justify;\"><strong>Belediye bilgi vermedi<\/strong><\/p>\n<p style=\"text-align: justify;\">Sultanbeyli&#8217;deki ka\u00e7ak in\u015faatlarla ilgili bilgi almak i\u00e7in belediyenin kap\u0131s\u0131n \u00e7ald\u0131k. Ancak belediye yetkilileri bu konuda konu\u015fmak istemedi. \u0130smini vermek istemeyen bir g\u00f6revli ise \u015funlar\u0131 s\u00f6yledi: &#8220;\u015euanki Sultanbeyli Belediye Ba\u015fkan\u0131 Alattan Ersoy&#8217;un, Sultanbeyli merkezdeki Ersoy hastanesini de ka\u00e7ak. Hatta y\u0131k\u0131m karar\u0131 var.&#8217;Ger\u00e7ekten de 30 Haziran 1998 tarihinde Sultanbeyli Belediye Meclisi, ka\u00e7ak oldu\u011fu i\u00e7in hastaneye y\u0131k\u0131m karar\u0131 \u00e7\u0131kartm\u0131\u015ft\u0131. Ancak aradan ge\u00e7en 11 y\u0131lda Sultanbeyli&#8217;deki binlerce ka\u00e7ak bina gibi hastane de ayakta ve harhangi bir y\u0131k\u0131m i\u015flemi yap\u0131lmad\u0131.<\/p>\n<p style=\"text-align: justify;\"><strong>Belediye bir k\u00f6\u015feyi y\u0131k\u0131p sonra &#8216;Biz tekrar gelene kadar bitirin&#8217; diyor <\/strong><\/p>\n<p style=\"text-align: justify;\">Sultanbeyli&#8217;deki y\u00fczlerce temelin birinde in\u015faat sahibi Halit Erg\u00fcn&#8217;le konu\u015fuyoruz. Erg\u00fcn, temellerinin belediye ekipleri taraf\u0131ndan y\u0131k\u0131ld\u0131\u011f\u0131n\u0131 ama in\u015faata devam edece\u011fini s\u00f6yl\u00fcyor: &#8221; Herkes temel at\u0131yor, kat \u00e7\u0131k\u0131yor. Herkese g\u00f6z yumdular. Ama d\u00fcn gelip temelin bir k\u0131sm\u0131n\u0131 y\u0131kt\u0131lar. Ba\u015fka bir temelin ise sadece ucunu y\u0131km\u0131\u015flar. Neden y\u0131k\u0131yorsunuz diye sordu\u011fumda ise &#8216;Tamam\u0131n\u0131 y\u0131kmad\u0131k. Bir an \u00f6nce yap\u0131n, bitirin&#8217;dediler. \u015eimdiye kadar temel i\u00e7in 15 bin TL harcad\u0131m. Tahmini 40 bin TL&#8217;ye evi tamamlayaca\u011f\u0131m. Se\u00e7ime kadar yapt\u0131m yapt\u0131m. Yoksa bir daha yapamam.<\/p>\n<p style=\"text-align: justify;\"><strong>KALFA YEVM\u0130YELER\u0130 ARTTI<\/strong><\/p>\n<p style=\"text-align: justify;\">Sultanbeyli&#8217;deki bu durumdan in\u015faat i\u015f\u00e7ileri \u00e7ok mutlu. Kalfa Necdet Alt\u0131n, &#8220;Belediye haz\u0131r beton kamyonlar\u0131n\u0131n giri\u015fini yasaklad\u0131. Ama \u00e7\u00f6z\u00fcm bulundu. G\u0131rg\u0131r ad\u0131 verilen makinelerde har\u00e7 kar\u0131l\u0131yor. Haz\u0131r beton \u00e7\u0131kt\u0131ktan sonra i\u015f bulamayan g\u0131rg\u0131rc\u0131lar \u015fimdi bir temeli 3 bin TL&#8217;ye at\u0131yor. Kalfalar\u0131n yevmiyesi 70&#8217;ten 100 TL&#8217;ye \u00e7\u0131kt\u0131&#8221; diyor.<\/p>\n<p style=\"text-align: justify;\"><strong>TAYY\u0130P SOKAK \u015eANT\u0130YE G\u0130B\u0130!<\/strong><\/p>\n<p style=\"text-align: justify;\">Sultanbeyli&#8217;de ka\u00e7ak yap\u0131n\u0131n simgesi haline gelen bir sokak var. Bu soka\u011f\u0131n ad\u0131 &#8216;Tayyip&#8217;. Tayyip Soka\u011f\u0131, \u0130SK\u0130 Koruma alan\u0131nda bulunan Fatih G\u00f6leti&#8217;nin hemen yan\u0131nda. Bir taraf\u0131ndan g\u00f6let di\u011fer taraf\u0131nda ise ka\u00e7ak binalar var. \u015eimdi bu ka\u00e7ak binalara ya ek kat yap\u0131l\u0131yor ya da yeni temeller at\u0131larak ka\u00e7ak binalara yenisi ekleniyor. Asfalt\u0131n bile olmad\u0131\u011f\u0131, \u00e7amur deryas\u0131 soka\u011fa bakt\u0131\u011f\u0131m\u0131zda ise \u0130GDA\u015e kutular\u0131 dikkat \u00e7ekiyor. Sokak tamamen ka\u00e7ak olmas\u0131na ra\u011fmen do\u011falgaz hizmeti gelmi\u015f durumda.<\/p>\n<p style=\"text-align: justify;\"><strong>Bu krizde malzeme yeti\u015fmiyor<\/strong><\/p>\n<p style=\"text-align: justify;\">10 y\u0131ld\u0131r in\u015faat malzemesi satan Ertu\u011frul \u015eeker durumdan \u00e7ok \u00fcmitli: &#8220;Bir ay \u00f6ncesine oranla i\u015fler y\u00fczde 50 artt\u0131. Kaba in\u015faatlar bittik\u00e7e bizim i\u015fler a\u00e7\u0131l\u0131yor. Bir ay sonra i\u015flerin \u00e7ok daha iyi olaca\u011f\u0131na inan\u0131yorum. \u00c7\u00fcnk\u00fc \u015fimdi ama\u00e7 se\u00e7ime kadar kaba in\u015faat\u0131 bitirmek. Gerisi se\u00e7imden sonra&#8230;&#8221; 22 y\u0131ld\u0131r Sultanbeyli&#8217;de in\u015faat malzemesi satan Celal G\u00fcne\u015f&#8217;in keyfine ise diyecek yok: &#8220;Bir y\u0131ld\u0131r krizden i\u015f yapmad\u0131k. Bir ayd\u0131r ise i\u015fler \u00e7ok yo\u011fun. 2 ay \u00f6nce ile k\u0131yaslad\u0131\u011f\u0131mda i\u015fler y\u00fczde 300 artt\u0131. \u0130n\u015faat malzemesi yeti\u015ftiremiyoruz.&#8221; Sultanbeyli&#8217;de artarda temel at\u0131l\u0131r, ka\u00e7ak katlar \u00e7\u0131karken emlak fiyatlar\u0131 da artt\u0131. 25 y\u0131ld\u0131r Sultanbeyli&#8217;de emlak\u00e7\u0131l\u0131k yapan H\u00fcseyin Sami Kabasakal, durumu \u015f\u00f6yle \u00f6zetliyor: &#8220;5 y\u0131ld\u0131r \u00e7ivi \u00e7ak\u0131lmas\u0131na izin verilmedi\u011fi i\u00e7in fiyatlar d\u00fc\u015fm\u00fc\u015ft\u00fc. Se\u00e7im s\u00fcrecinin girmesiyle h\u0131zla temel at\u0131lmaya ba\u015flad\u0131. \u00d6nceden sebze ekilen yerler \u015fimdi de\u011fer kazand\u0131. 15 bin TL&#8217;ye al\u0131c\u0131 bulmayan 200 metrekarelik arsalar 20-25 bin TL&#8217;ye sat\u0131l\u0131yor. Sultanbeyli&#8217;de imarl\u0131 yerlerin metrekaresi bin TL&#8217;den ba\u015flar. \u0130mars\u0131z yerlerin fiyat\u0131 ise en fazla 500 TL&#8217;dir. O da caddeye yak\u0131n olan yerler. Caddeden uzakla\u015ft\u0131k\u00e7a fiyat d\u00fc\u015fer.&#8221;<\/p>\n<p style=\"text-align: justify;\"><span style=\"color: #888888;\">Kaynak : \u00d6ge DEM\u0130RKAN \/ Vatan Gazetesi<\/span><\/p>\n","protected":false},"excerpt":{"rendered":"<p style=\"text-align: center;\">\n<p style=\"text-align: justify;\">Se\u00e7imler yakla\u015f\u0131rken vatanda\u015f da Belediye de durumdan faydalanma tela\u015f\u0131nda&#8230;<\/p>\n<p style=\"text-align: justify;\">TEM&#8217;in i\u00e7inden ge\u00e7mesiyle 1980&#8217;li y\u0131llarda kaderi de\u011fi\u015fen Sultanbeyli&#8217;nin y\u00fczde 95&#8217;i ka\u00e7ak. Ancak son 5 y\u0131ld\u0131r \u00e7ivi bile \u00e7ak\u0131lmayan il\u00e7e, son bir ayda adeta \u015fantiyeye d\u00f6nd\u00fc. Belediye il\u00e7ede bir ayda 5 binin \u00fczerinde ka\u00e7ak temel at\u0131ld\u0131\u011f\u0131n\u0131 tespit etti. Kat eklemelerin <\/p>\n","protected":false},"author":1,"featured_media":0,"comment_status":"open","ping_status":"closed","sticky":false,"template":"","format":"standard","meta":{"footnotes":""},"categories":[105],"tags":[],"class_list":["post-5431","post","type-post","status-publish","format-standard","hentry","category-gundem","odd"],"_links":{"self":[{"href":"http:\/\/www.korhanyilmaz.com\/index.php?rest_route=\/wp\/v2\/posts\/5431","targetHints":{"allow":["GET"]}}],"collection":[{"href":"http:\/\/www.korhanyilmaz.com\/index.php?rest_route=\/wp\/v2\/posts"}],"about":[{"href":"http:\/\/www.korhanyilmaz.com\/index.php?rest_route=\/wp\/v2\/types\/post"}],"author":[{"embeddable":true,"href":"http:\/\/www.korhanyilmaz.com\/index.php?rest_route=\/wp\/v2\/users\/1"}],"replies":[{"embeddable":true,"href":"http:\/\/www.korhanyilmaz.com\/index.php?rest_route=%2Fwp%2Fv2%2Fcomments&post=5431"}],"version-history":[{"count":0,"href":"http:\/\/www.korhanyilmaz.com\/index.php?rest_route=\/wp\/v2\/posts\/5431\/revisions"}],"wp:attachment":[{"href":"http:\/\/www.korhanyilmaz.com\/index.php?rest_route=%2Fwp%2Fv2%2Fmedia&parent=5431"}],"wp:term":[{"taxonomy":"category","embeddable":true,"href":"http:\/\/www.korhanyilmaz.com\/index.php?rest_route=%2Fwp%2Fv2%2Fcategories&post=5431"},{"taxonomy":"post_tag","embeddable":true,"href":"http:\/\/www.korhanyilmaz.com\/index.php?rest_route=%2Fwp%2Fv2%2Ftags&post=5431"}],"curies":[{"name":"wp","href":"https:\/\/api.w.org\/{rel}","templated":true}]}}