{"id":54304,"date":"2012-08-26T10:57:33","date_gmt":"2012-08-26T07:57:33","guid":{"rendered":"http:\/\/www.korhanyilmaz.com\/?p=54304"},"modified":"2012-08-26T12:08:43","modified_gmt":"2012-08-26T09:08:43","slug":"chplilerin-o-kampa-girisi-yasaklandi","status":"publish","type":"post","link":"http:\/\/www.korhanyilmaz.com\/?p=54304","title":{"rendered":"CHP&#8217;lilerin o kampa giri\u015fi yasakland\u0131"},"content":{"rendered":"<p style=\"text-align: justify;\"><a href=\"http:\/\/www.korhanyilmaz.com\/wp-content\/uploads\/2012\/08\/H459.jpg\"  class=\"lightview\"><img loading=\"lazy\" decoding=\"async\" class=\"aligncenter size-full wp-image-54305\" title=\"\" src=\"http:\/\/www.korhanyilmaz.com\/wp-content\/uploads\/2012\/08\/H459.jpg\" alt=\"\" width=\"333\" height=\"196\" \/><\/a><\/p>\n<p style=\"text-align: justify;\">Suriyeli muhaliflere \u201caskeri e\u011fitim\u201d verildi\u011fi iddialar\u0131yla g\u00fcndeme gelen Hatay\u2019daki Apayd\u0131n kamp\u0131na CHP milletvekillerinden olu\u015fan heyetin giri\u015fine izin verilmedi.<\/p>\n<p style=\"text-align: justify;\">CHP Kocaeli Milletvekili Hur\u015fit G\u00fcne\u015f\u2019in ba\u015fkanl\u0131\u011f\u0131ndaki heyetin inceleme istemine Ba\u015fbakanl\u0131k Afet ve Acil Durum Ba\u015fkanl\u0131\u011f\u0131 taraf\u0131ndan \u201c\u0130stedi\u011finiz kampta inceleme yapabilirsiniz ama bu kampa giri\u015f yasak\u201d diyerek izin verilmedi. G\u00fcne\u015f, buna ra\u011fmen kamp\u0131n \u00f6n\u00fcne kadar gittiklerini, i\u00e7eriden \u00e7\u0131kan birinin Arap\u00e7a kendilerine \u201cBunlar\u0131 k\u0131t\u0131r k\u0131t\u0131r do\u011frayacaks\u0131n\u0131z\u201d diye ba\u011f\u0131rarak tepki g\u00f6sterdi\u011fini belirtti ve \u201cBu kamp \u00fczerinden ABD\u2019nin Suriyeli muhaliflere silah sevkiyat\u0131 yapt\u0131\u011f\u0131, muhaliflere burada e\u011fitim verildi\u011fi idialar\u0131 d\u0131\u015f bas\u0131nda yer ald\u0131. Kampa giri\u015fimize izin verilmemesi bu endi\u015fe ve ku\u015fkular\u0131 art\u0131r\u0131yor. Belli ki kampta kamuoyunun bilmesini istenmedi\u011fi bir \u015feyler saklan\u0131yor\u201d dedi.\u00a0<!--more--><\/p>\n<p style=\"text-align: justify;\">CHP\u2019li Hatay Ye\u015filp\u0131nar Belediyesi\u2019nin d\u00fczenledi\u011fi \u201cbar\u0131\u015f\u201d etkinli\u011fine kat\u0131lmak i\u00e7in Hatay\u2019a giden CHP milletvekillerinden Kocaeli Milletvekili Hur\u015fit G\u00fcne\u015f, \u0130stanbul Milletvekili S\u00fcleyman \u00c7elebi\u2019nin i\u00e7inde yer ald\u0131\u011f\u0131 heyetin Apayd\u0131n kamp\u0131nda inceleme yapma istemine vize \u00e7\u0131kmamas\u0131 gerginli\u011fe yol a\u00e7t\u0131. \u00d6nceki g\u00fcn inceleme talebini Hatay Valili\u011fi\u2019ne ileten G\u00fcne\u015f, buradan izin \u00e7\u0131kmay\u0131nca, kamplardan sorumlu olan Ba\u015fbakanl\u0131k Afet ve Acil Durum Ba\u015fkanl\u0131\u011f\u0131 (AFAD) Ba\u015fkan\u0131 Fuat Oktay\u2019la g\u00f6r\u00fc\u015ferek inceleme talebini iletti. Konuya ili\u015fkin Cumhuriyet\u2019e bilgi veren G\u00fcne\u015f, AFAD Ba\u015fkan\u0131\u2019n\u0131n kendilerine \u201cistedi\u011finiz kampta incelemede bulunabilirsiniz\u201d dedi\u011fini anlatt\u0131. Kendisinin Apayd\u0131n kamp\u0131yla ilgili incelemede bulunmak istedi\u011fini bildirince AFAD Ba\u015fkan\u0131\u2019n\u0131n, \u201cO kampa giri\u015f olmaz, istedi\u011finiz di\u011fer kamplarda incelemelerde bulunabilirsiniz\u201d dedi\u011fini belirten G\u00fcne\u015f, \u201cAncak Ba\u015fkan, \u2018Apayd\u0131n\u2019a giremezsiniz, can g\u00fcvenli\u011finz olmaz, oras\u0131 yasakl\u0131 b\u00f6lge\u2019 diyerek izin veremeyeceklerini s\u00f6yledi. Ben, \u2018Bas\u0131n girmesin, sadece milletvekilleri olarak biz girelim\u2019 dedim. Ama buna da izin veremeyeceklerini s\u00f6ylediler\u201d dedi.<\/p>\n<p style=\"text-align: justify;\"><strong>\u2018S\u0131n\u0131r tamamen a\u00e7\u0131lm\u0131\u015f durumda\u2019\u00a0<\/strong><\/p>\n<p style=\"text-align: justify;\">Kendilerinin buna ra\u011fmen kamp\u0131n \u00f6n\u00fcne gidip bas\u0131n a\u00e7\u0131klamas\u0131 yapt\u0131klar\u0131n\u0131 belirten G\u00fcne\u015f, kamptan \u00e7\u0131kan 18-20 ya\u015f\u0131nda bir gencin kendilerine Arap\u00e7a olarak, \u201cBunlar\u0131 k\u0131t\u0131r k\u0131t\u0131r do\u011frayacaks\u0131n\u0131z\u201d diye ba\u011f\u0131rd\u0131\u011f\u0131n\u0131 ifade etti.<\/p>\n<p style=\"text-align: justify;\">Apayd\u0131n kamp\u0131 ile ilgili \u00e7ok ciddi iddialar bulundu\u011funa dikkat \u00e7eken G\u00fcne\u015f, \u015funlar\u0131 s\u00f6yledi: \u201cBat\u0131 bas\u0131n\u0131nda, \u00f6zellikle ABD\u2019nin T\u00fcrkiye \u00fczerinden, bu kamp \u00fczerinden Suriyeli muhaliflere silah sevkiyat\u0131 yapt\u0131\u011f\u0131, oradaki komutanlar\u0131n bir k\u0131sm\u0131n\u0131n e\u011fitildi\u011fini, direni\u015f g\u00fc\u00e7lerinin T\u00fcrkiye\u2019den beslendi\u011fi yaz\u0131l\u0131yor. \u015eimdi, s\u0131n\u0131rlar tamamen a\u00e7\u0131lm\u0131\u015f durumda, Suriye\u2019ye giri\u015f \u00e7\u0131k\u0131\u015flar serbest\u00e7e oluyor. Apayd\u0131n kamp\u0131na giri\u015fin yasak olmas\u0131 da ciddi endi\u015felendiriyor, tedirgin ediyor, bu kampta ne var, kimler var, ni\u00e7in giri\u015f yasaklan\u0131yor? Anla\u015f\u0131l\u0131yor ki, bu kampta ne yaz\u0131k ki kamuoyunun bilmesini ve duymas\u0131n\u0131 istemedikleri bir \u015feyler var. Milletvekili heyetinin girmesini uygun g\u00f6rmedikleri bir kamp olu\u015fmu\u015f. Apayd\u0131n ayd\u0131nlat\u0131lmal\u0131. Buradan Ba\u015fbakan\u2019a sesleniyorum. Apayd\u0131n\u2019da ayr\u0131 bir Kandil mi var? Apayd\u0131n bu karanl\u0131ktan kurtulmal\u0131d\u0131r. Bu hem Suriye halk\u0131na hem Apayd\u0131na yak\u0131\u015fm\u0131yor\u201d dedi.<\/p>\n<p style=\"text-align: justify;\">Suriye s\u0131n\u0131r\u0131na yak\u0131n T\u00fcrkiye\u2019ye ait b\u00f6lgelerde s\u0131\u011f\u0131nmac\u0131 kamplar\u0131 d\u0131\u015f\u0131ndaki \u00e7ad\u0131rlar\u0131n dikkatlerini \u00e7ekti\u011fini anlatan G\u00fcne\u015f, bunlar\u0131n kamplarda kalanlarla birlikte olmak istemeyen Suriyeliler oldu\u011fu bilgisini ald\u0131klar\u0131n\u0131, bu durumun endi\u015fe verici oldu\u011funu ifade etti. Hatayl\u0131lar\u0131n son derece endi\u015feli oldu\u011fun belirten G\u00fcne\u015f, \u201cHatay\u2019da gerilla k\u0131l\u0131kl\u0131 birtak\u0131m insanlar dola\u015f\u0131yor, bunlar kimdir, nereden gelmi\u015ftir, belli de\u011fil. Afganistan\u2019dakine benzer g\u00f6r\u00fcnt\u00fcler olu\u015fturuyorlar\u201d diye konu\u015ftu.<\/p>\n<p style=\"text-align: justify;\"><strong>\u2018Kamplar tam bir kapal\u0131 kutu\u00a0<\/strong><\/p>\n<p style=\"text-align: justify;\">CHP \u0130stanbul Milletvekili S\u00fcleyman \u00c7elebi de milletvekillerinin bile bu kampa giri\u015fine izin verilmemesinin gelinen noktay\u0131 ortaya koydu\u011funu belirterek \u201cMilletvekillerine bile izin verilmedi\u011fine g\u00f6re bu kamplar tam bir kapal\u0131 kutu. Hatayl\u0131lar son derece kayg\u0131l\u0131, sadece kendi b\u00f6lgeleri i\u00e7in de\u011fil T\u00fcrkiye i\u00e7in kayg\u0131l\u0131lar \u00e7\u00fcnk\u00fc olaylar \u00e7ok yak\u0131n mesafede cereyan ediyor ve geli\u015fmeleri daha rahat g\u00f6r\u00fcyorlar\u201d dedi.<\/p>\n<p style=\"text-align: justify;\"><a href=\"http:\/\/www.muhalifgazete.com\/46573-CHP-lilerin-o-kampa-girisi-yasaklandi.htm\" target=\"_blank\">Kaynak : Muhalif Gazete<\/a><\/p>\n","protected":false},"excerpt":{"rendered":"<p style=\"text-align: justify;\">\n<p style=\"text-align: justify;\">Suriyeli muhaliflere \u201caskeri e\u011fitim\u201d verildi\u011fi iddialar\u0131yla g\u00fcndeme gelen Hatay\u2019daki Apayd\u0131n kamp\u0131na CHP milletvekillerinden olu\u015fan heyetin giri\u015fine izin verilmedi.<\/p>\n<p style=\"text-align: justify;\">CHP Kocaeli Milletvekili Hur\u015fit G\u00fcne\u015f\u2019in ba\u015fkanl\u0131\u011f\u0131ndaki heyetin inceleme istemine Ba\u015fbakanl\u0131k Afet ve Acil Durum Ba\u015fkanl\u0131\u011f\u0131 taraf\u0131ndan \u201c\u0130stedi\u011finiz kampta inceleme yapabilirsiniz ama bu kampa giri\u015f yasak\u201d diyerek izin verilmedi. G\u00fcne\u015f, buna <\/p>\n","protected":false},"author":1,"featured_media":0,"comment_status":"open","ping_status":"open","sticky":false,"template":"","format":"standard","meta":{"footnotes":""},"categories":[105],"tags":[],"class_list":["post-54304","post","type-post","status-publish","format-standard","hentry","category-gundem","odd"],"_links":{"self":[{"href":"http:\/\/www.korhanyilmaz.com\/index.php?rest_route=\/wp\/v2\/posts\/54304","targetHints":{"allow":["GET"]}}],"collection":[{"href":"http:\/\/www.korhanyilmaz.com\/index.php?rest_route=\/wp\/v2\/posts"}],"about":[{"href":"http:\/\/www.korhanyilmaz.com\/index.php?rest_route=\/wp\/v2\/types\/post"}],"author":[{"embeddable":true,"href":"http:\/\/www.korhanyilmaz.com\/index.php?rest_route=\/wp\/v2\/users\/1"}],"replies":[{"embeddable":true,"href":"http:\/\/www.korhanyilmaz.com\/index.php?rest_route=%2Fwp%2Fv2%2Fcomments&post=54304"}],"version-history":[{"count":0,"href":"http:\/\/www.korhanyilmaz.com\/index.php?rest_route=\/wp\/v2\/posts\/54304\/revisions"}],"wp:attachment":[{"href":"http:\/\/www.korhanyilmaz.com\/index.php?rest_route=%2Fwp%2Fv2%2Fmedia&parent=54304"}],"wp:term":[{"taxonomy":"category","embeddable":true,"href":"http:\/\/www.korhanyilmaz.com\/index.php?rest_route=%2Fwp%2Fv2%2Fcategories&post=54304"},{"taxonomy":"post_tag","embeddable":true,"href":"http:\/\/www.korhanyilmaz.com\/index.php?rest_route=%2Fwp%2Fv2%2Ftags&post=54304"}],"curies":[{"name":"wp","href":"https:\/\/api.w.org\/{rel}","templated":true}]}}