{"id":54283,"date":"2012-08-25T08:03:09","date_gmt":"2012-08-25T05:03:09","guid":{"rendered":"http:\/\/www.korhanyilmaz.com\/?p=54283"},"modified":"2012-08-25T12:04:29","modified_gmt":"2012-08-25T09:04:29","slug":"ne-ordun-filan","status":"publish","type":"post","link":"http:\/\/www.korhanyilmaz.com\/?p=54283","title":{"rendered":"Ne \u00f6rd\u00fcn filan&#8230;"},"content":{"rendered":"<div id=\"attachment_37365\" style=\"width: 100px\" class=\"wp-caption alignright\"><img loading=\"lazy\" decoding=\"async\" aria-describedby=\"caption-attachment-37365\" class=\" wp-image-37365 \" title=\"Y\u0131lmaz \u00d6zdil - H\u00fcrriyet Gazetesi\" src=\"http:\/\/www.korhanyilmaz.com\/wp-content\/uploads\/2011\/07\/257.jpg\" alt=\"\" width=\"90\" height=\"96\" \/><p id=\"caption-attachment-37365\" class=\"wp-caption-text\">Y\u0131lmaz \u00d6zdil<\/p><\/div>\n<p style=\"text-align: justify;\">Demiryollar\u0131 Almanlar\u0131nd\u0131.<\/p>\n<p style=\"text-align: justify;\">\u0130ngilizler, Frans\u0131zlar i\u015fletiyordu.<br \/>\n\u0130\u015fletme lisan\u0131, Frans\u0131zcayd\u0131.<br \/>\nMeslek, T\u00fcrklere kapal\u0131yd\u0131.<br \/>\nHatta, imtiyazlar, \u00f6denen paralar kesmemi\u015f, Alman demiryolu m\u00fchendisi, ray d\u00f6\u015f\u00fcyoruz ayaklar\u0131yla Zeus suna\u011f\u0131n\u0131 araklam\u0131\u015ft\u0131;<br \/>\nmemleketi s\u00f6\u011f\u00fc\u015fl\u00fcyorlar,<br \/>\ninek gibi sa\u011f\u0131yorlard\u0131.<!--more--><\/p>\n<p style=\"text-align: justify;\">Mustafa Kemal geldi&#8230;<br \/>\nDemiryollar\u0131 millile\u015ftirildi.<br \/>\nMilletin oldu.<br \/>\nVagon fabrikas\u0131 kuruldu.<br \/>\nOkul kuruldu.<br \/>\nDemiryolcu yeti\u015ftirildi.<br \/>\nTek kuru\u015f bor\u00e7 almadan, bunlar\u0131n yapt\u0131\u011f\u0131n\u0131n d\u00f6rt<br \/>\nkat\u0131 demiryolu yap\u0131ld\u0131.<\/p>\n<p style=\"text-align: justify;\">Sonra, bunlar geldi.<\/p>\n<p style=\"text-align: justify;\">Ankara-\u0130stanbul h\u0131zl\u0131 treni&#8230;<br \/>\n\u00c7inliler yap\u0131yor.<br \/>\nLokomotifler \u0130spanya\u2019dan.<br \/>\nRaylar\u0131 bile \u0130spanya\u2019dan.<br \/>\nMakinistler desen&#8230;<br \/>\nAlmanya\u2019da e\u011fitildi.<\/p>\n<p style=\"text-align: justify;\">Konya-Ankara?<br \/>\nRaylar, \u0130talyan.<br \/>\nVagonlar, \u0130spanyol.<\/p>\n<p style=\"text-align: justify;\">Marmaray, Japon.<br \/>\nVagonlar\u0131, G\u00fcney Kore.<\/p>\n<p style=\"text-align: justify;\">Ankara metrosu&#8230;<br \/>\nSistemi, Alman, \u0130talyan.<br \/>\nVagonlar\u0131, \u00c7in\u2019den.<\/p>\n<p style=\"text-align: justify;\">\u0130stanbul metrosu&#8230;<br \/>\nSistemi, Frans\u0131z, Alman.<br \/>\nVagonlar\u0131, G\u00fcney Kore\u2019den.<\/p>\n<p style=\"text-align: justify;\">(Metrob\u00fcs, Hollanda\u2019dan.<br \/>\nDeniz otob\u00fcs\u00fc, Avustralya\u2019dan.<br \/>\nFatih Sultan Mehmet<br \/>\nK\u00f6pr\u00fcs\u00fc\u2019n\u00fcn asfalt\u0131 teee<br \/>\nTrinidad Tobago\u2019dan.<br \/>\nMetro diye market var&#8230;<br \/>\nO bile Alman!<br \/>\nNeyse, konuyu da\u011f\u0131tmayal\u0131m.)<\/p>\n<p style=\"text-align: justify;\">Ankara-Eski\u015fehir<br \/>\nAlia\u011fa-Menderes<br \/>\nBand\u0131rma-Menemen<br \/>\nBursa tramvay\u0131, \u0130spanyol.<\/p>\n<p style=\"text-align: justify;\">Bal\u0131kesir-Eski\u015fehir, Frans\u0131z.<br \/>\nK\u00f6sek\u00f6y-Gebze, \u0130talyan.<br \/>\nGebze-Halkal\u0131, \u0130spanyol<br \/>\nAnkara-Sivas, \u00e7ekik g\u00f6zl\u00fc.<br \/>\nSivas-Erzincan, \u0130talyan.<\/p>\n<p style=\"text-align: justify;\">Testleri, \u00c7ek Cumhuriyeti\u2019nde yap\u0131l\u0131yor iyi mi&#8230; \u00c7ek Cumhuriyeti m\u00fcsait de\u011filse, haaadi bakal\u0131m Almanya\u2019ya Fransa\u2019ya g\u00f6nderiliyor; lokomotifleri zaten gemiyle G\u00fcney Kore\u2019den geliyor.<\/p>\n<p style=\"text-align: justify;\">Edirne\u2019den Ardahan\u2019a<br \/>\nh\u0131zl\u0131 tren i\u00e7in \u00c7inlilerle<br \/>\nmasaya oturuldu, \u00c7inliler etap etap d\u00f6\u015feyelim diyor, h\u00fck\u00fcmetimiz komple boydan boya d\u00f6\u015feyin diyor; kond\u00fckt\u00f6r\u2019\u00fcn d\u00fcd\u00fc\u011f\u00fc \u00c7in\u2019den.<\/p>\n<p style=\"text-align: justify;\">G\u00fczerg\u00e2hlar \u00fczerindeki&#8230;<br \/>\nKoyunlar Macaristan\u2019dan.<br \/>\n\u0130nekler Uruguay\u2019dan.<br \/>\nTek tesellimiz var&#8230;<br \/>\nTrene bakan \u00f6k\u00fczler yerli!<\/p>\n<p style=\"text-align: justify;\"><a href=\"http:\/\/www.hurriyet.com.tr\/yazarlar\/21299526.asp\" target=\"_blank\">Kaynak : H\u00fcrriyet.com.tr<\/a><\/p>\n","protected":false},"excerpt":{"rendered":"<p id=\"caption-attachment-37365\" class=\"wp-caption-text\">Y\u0131lmaz \u00d6zdil<\/p>\n<p style=\"text-align: justify;\">Demiryollar\u0131 Almanlar\u0131nd\u0131.<\/p>\n<p style=\"text-align: justify;\">\u0130ngilizler, Frans\u0131zlar i\u015fletiyordu. \u0130\u015fletme lisan\u0131, Frans\u0131zcayd\u0131. Meslek, T\u00fcrklere kapal\u0131yd\u0131. Hatta, imtiyazlar, \u00f6denen paralar kesmemi\u015f, Alman demiryolu m\u00fchendisi, ray d\u00f6\u015f\u00fcyoruz ayaklar\u0131yla Zeus suna\u011f\u0131n\u0131 araklam\u0131\u015ft\u0131; memleketi s\u00f6\u011f\u00fc\u015fl\u00fcyorlar, inek gibi sa\u011f\u0131yorlard\u0131.<\/p>\n","protected":false},"author":1,"featured_media":0,"comment_status":"open","ping_status":"open","sticky":false,"template":"","format":"standard","meta":{"footnotes":""},"categories":[16],"tags":[30],"class_list":["post-54283","post","type-post","status-publish","format-standard","hentry","category-kose-yazilari","tag-yilmaz-ozdil","odd"],"_links":{"self":[{"href":"http:\/\/www.korhanyilmaz.com\/index.php?rest_route=\/wp\/v2\/posts\/54283","targetHints":{"allow":["GET"]}}],"collection":[{"href":"http:\/\/www.korhanyilmaz.com\/index.php?rest_route=\/wp\/v2\/posts"}],"about":[{"href":"http:\/\/www.korhanyilmaz.com\/index.php?rest_route=\/wp\/v2\/types\/post"}],"author":[{"embeddable":true,"href":"http:\/\/www.korhanyilmaz.com\/index.php?rest_route=\/wp\/v2\/users\/1"}],"replies":[{"embeddable":true,"href":"http:\/\/www.korhanyilmaz.com\/index.php?rest_route=%2Fwp%2Fv2%2Fcomments&post=54283"}],"version-history":[{"count":0,"href":"http:\/\/www.korhanyilmaz.com\/index.php?rest_route=\/wp\/v2\/posts\/54283\/revisions"}],"wp:attachment":[{"href":"http:\/\/www.korhanyilmaz.com\/index.php?rest_route=%2Fwp%2Fv2%2Fmedia&parent=54283"}],"wp:term":[{"taxonomy":"category","embeddable":true,"href":"http:\/\/www.korhanyilmaz.com\/index.php?rest_route=%2Fwp%2Fv2%2Fcategories&post=54283"},{"taxonomy":"post_tag","embeddable":true,"href":"http:\/\/www.korhanyilmaz.com\/index.php?rest_route=%2Fwp%2Fv2%2Ftags&post=54283"}],"curies":[{"name":"wp","href":"https:\/\/api.w.org\/{rel}","templated":true}]}}