{"id":54253,"date":"2012-08-23T21:09:27","date_gmt":"2012-08-23T18:09:27","guid":{"rendered":"http:\/\/www.korhanyilmaz.com\/?p=54253"},"modified":"2012-08-24T06:23:25","modified_gmt":"2012-08-24T03:23:25","slug":"bdp-pkk-karsilasmasina-suc-duyurusu","status":"publish","type":"post","link":"http:\/\/www.korhanyilmaz.com\/?p=54253","title":{"rendered":"BDP-PKK kar\u015f\u0131la\u015fmas\u0131na su\u00e7 duyurusu"},"content":{"rendered":"<p style=\"text-align: justify;\"><a href=\"http:\/\/www.korhanyilmaz.com\/wp-content\/uploads\/2012\/08\/H373.jpg\"  class=\"lightview\"><img loading=\"lazy\" decoding=\"async\" class=\"aligncenter size-full wp-image-54254\" title=\"\" src=\"http:\/\/www.korhanyilmaz.com\/wp-content\/uploads\/2012\/08\/H373.jpg\" alt=\"\" width=\"292\" height=\"224\" \/><\/a><\/p>\n<p style=\"text-align: justify;\">\u015eanl\u0131urfa&#8217;n\u0131n Siverek il\u00e7esinde bir ki\u015fi, \u015eemdinli-Derecik b\u00f6lgesinde silahl\u0131 ter\u00f6ristlerle kar\u015f\u0131la\u015fan BDP&#8217;li milletvekilleri hakk\u0131nda su\u00e7 duyurusunda bulundu.<\/p>\n<p style=\"text-align: justify;\">\u0130l\u00e7ede esnafl\u0131k yapan Mahmut \u00c7ak\u0131r, Siverek Cumhuriyet Ba\u015fsavc\u0131l\u0131\u011f\u0131&#8217;na m\u00fcracaat ederek, aralar\u0131nda BDP Genel Ba\u015fkan Yard\u0131mc\u0131s\u0131 G\u00fcltan K\u0131\u015fanak ve milletvekillerinin de oldu\u011fu 10 ki\u015fi hakk\u0131nda &#8220;ter\u00f6r\u00fc destekleme, ter\u00f6re lojistik imkan sa\u011flama ve te\u015fvik etme, ter\u00f6r propagandas\u0131&#8221; yapt\u0131klar\u0131 iddias\u0131yla haz\u0131rlad\u0131\u011f\u0131 \u015fikayet dilek\u00e7esini verdi.\u00a0<!--more--><\/p>\n<p style=\"text-align: justify;\">Daha sonra bas\u0131n a\u00e7\u0131klamas\u0131 yapan \u00c7ak\u0131r, BDP Genel Ba\u015fkan Yard\u0131mc\u0131s\u0131 G\u00fcltan K\u0131\u015fanak ba\u015fkanl\u0131\u011f\u0131ndaki heyetin, \u015eemdinli il\u00e7esine ba\u011fl\u0131 Ba\u011flar k\u00f6y\u00fcnde incelemede bulunma bahanesiyle ter\u00f6r \u00f6rg\u00fct\u00fc \u00fcyeleriyle bulu\u015ftu\u011funu ileri s\u00fcrd\u00fc.<\/p>\n<p style=\"text-align: justify;\">\u00c7ak\u0131r, bas\u0131n yay\u0131n organlar\u0131nda ve internet sitelerinde yer alan haber, foto\u011fraf ve g\u00f6r\u00fcnt\u00fclerin bulu\u015fmay\u0131 ispatlad\u0131\u011f\u0131n\u0131 savunarak, s\u00f6z konusu ki\u015filerin bas\u0131n yoluyla ter\u00f6r \u00f6rg\u00fct\u00fc PKK&#8217;n\u0131n propagandas\u0131 yapt\u0131\u011f\u0131n\u0131, o nedenle su\u00e7 duyurusunda bulundu\u011funu kaydetti.<\/p>\n<p style=\"text-align: justify;\"><a href=\"http:\/\/www.cnnturk.com\/2012\/turkiye\/08\/23\/bdp.pkk.karsilasmasina.suc.duyurusu\/674036.0\/index.html\" target=\"_blank\">Kaynak : CNN T\u00dcRK<\/a><\/p>\n","protected":false},"excerpt":{"rendered":"<p style=\"text-align: justify;\">\n<p style=\"text-align: justify;\">\u015eanl\u0131urfa&#8217;n\u0131n Siverek il\u00e7esinde bir ki\u015fi, \u015eemdinli-Derecik b\u00f6lgesinde silahl\u0131 ter\u00f6ristlerle kar\u015f\u0131la\u015fan BDP&#8217;li milletvekilleri hakk\u0131nda su\u00e7 duyurusunda bulundu.<\/p>\n<p style=\"text-align: justify;\">\u0130l\u00e7ede esnafl\u0131k yapan Mahmut \u00c7ak\u0131r, Siverek Cumhuriyet Ba\u015fsavc\u0131l\u0131\u011f\u0131&#8217;na m\u00fcracaat ederek, aralar\u0131nda BDP Genel Ba\u015fkan Yard\u0131mc\u0131s\u0131 G\u00fcltan K\u0131\u015fanak ve milletvekillerinin de oldu\u011fu 10 ki\u015fi hakk\u0131nda &#8220;ter\u00f6r\u00fc destekleme, ter\u00f6re lojistik imkan sa\u011flama ve te\u015fvik <\/p>\n","protected":false},"author":1,"featured_media":0,"comment_status":"open","ping_status":"open","sticky":false,"template":"","format":"standard","meta":{"footnotes":""},"categories":[105],"tags":[],"class_list":["post-54253","post","type-post","status-publish","format-standard","hentry","category-gundem","odd"],"_links":{"self":[{"href":"http:\/\/www.korhanyilmaz.com\/index.php?rest_route=\/wp\/v2\/posts\/54253","targetHints":{"allow":["GET"]}}],"collection":[{"href":"http:\/\/www.korhanyilmaz.com\/index.php?rest_route=\/wp\/v2\/posts"}],"about":[{"href":"http:\/\/www.korhanyilmaz.com\/index.php?rest_route=\/wp\/v2\/types\/post"}],"author":[{"embeddable":true,"href":"http:\/\/www.korhanyilmaz.com\/index.php?rest_route=\/wp\/v2\/users\/1"}],"replies":[{"embeddable":true,"href":"http:\/\/www.korhanyilmaz.com\/index.php?rest_route=%2Fwp%2Fv2%2Fcomments&post=54253"}],"version-history":[{"count":0,"href":"http:\/\/www.korhanyilmaz.com\/index.php?rest_route=\/wp\/v2\/posts\/54253\/revisions"}],"wp:attachment":[{"href":"http:\/\/www.korhanyilmaz.com\/index.php?rest_route=%2Fwp%2Fv2%2Fmedia&parent=54253"}],"wp:term":[{"taxonomy":"category","embeddable":true,"href":"http:\/\/www.korhanyilmaz.com\/index.php?rest_route=%2Fwp%2Fv2%2Fcategories&post=54253"},{"taxonomy":"post_tag","embeddable":true,"href":"http:\/\/www.korhanyilmaz.com\/index.php?rest_route=%2Fwp%2Fv2%2Ftags&post=54253"}],"curies":[{"name":"wp","href":"https:\/\/api.w.org\/{rel}","templated":true}]}}